{"id":44408,"date":"2024-07-23T18:51:39","date_gmt":"2024-07-23T21:51:39","guid":{"rendered":"https:\/\/radiorevelacionfm.cl\/?p=44408"},"modified":"2024-07-23T20:04:20","modified_gmt":"2024-07-23T23:04:20","slug":"detienen-a-sujeto-por-robo-en-local-comercial-en-puerto-aysen","status":"publish","type":"post","link":"https:\/\/radiorevelacionfm.cl\/?p=44408","title":{"rendered":"Detienen a sujeto por robo en local comercial de Puerto Ays\u00e9n"},"content":{"rendered":"<div class=\"flex_column av_one_full  flex_column_div av-zero-column-padding first  avia-builder-el-0  el_before_av_one_full  avia-builder-el-first  \" style='border-radius:0px; '><div  class='avia-image-container  av-styling-    avia-builder-el-1  avia-builder-el-no-sibling  avia-align-center '  itemprop=\"image\" itemscope=\"itemscope\" itemtype=\"https:\/\/schema.org\/ImageObject\"  ><div class='avia-image-container-inner'><div class='avia-image-overlay-wrap'><img decoding=\"async\" class='wp-image-44409 avia-img-lazy-loading-not-44409 avia_image' src=\"https:\/\/radiorevelacionfm.cl\/wp-content\/uploads\/2024\/07\/0294c919-cfbe-4cb5-8530-07a2db6cab37-1-1.jpg\" alt='' title='0294c919-cfbe-4cb5-8530-07a2db6cab37 (1) (1)' height=\"600\" width=\"1303\"  itemprop=\"thumbnailUrl\" srcset=\"https:\/\/radiorevelacionfm.cl\/wp-content\/uploads\/2024\/07\/0294c919-cfbe-4cb5-8530-07a2db6cab37-1-1.jpg 1303w, https:\/\/radiorevelacionfm.cl\/wp-content\/uploads\/2024\/07\/0294c919-cfbe-4cb5-8530-07a2db6cab37-1-1-300x138.jpg 300w, https:\/\/radiorevelacionfm.cl\/wp-content\/uploads\/2024\/07\/0294c919-cfbe-4cb5-8530-07a2db6cab37-1-1-1030x474.jpg 1030w, https:\/\/radiorevelacionfm.cl\/wp-content\/uploads\/2024\/07\/0294c919-cfbe-4cb5-8530-07a2db6cab37-1-1-768x354.jpg 768w, https:\/\/radiorevelacionfm.cl\/wp-content\/uploads\/2024\/07\/0294c919-cfbe-4cb5-8530-07a2db6cab37-1-1-705x325.jpg 705w, https:\/\/radiorevelacionfm.cl\/wp-content\/uploads\/2024\/07\/0294c919-cfbe-4cb5-8530-07a2db6cab37-1-1-450x207.jpg 450w, https:\/\/radiorevelacionfm.cl\/wp-content\/uploads\/2024\/07\/0294c919-cfbe-4cb5-8530-07a2db6cab37-1-1-600x276.jpg 600w\" sizes=\"(max-width: 1303px) 100vw, 1303px\" \/><\/div><\/div><\/div><\/div>\n<div class=\"flex_column av_one_full  flex_column_div av-zero-column-padding first  avia-builder-el-2  el_after_av_one_full  el_before_av_one_full  column-top-margin\" style='border-radius:0px; '><section class=\"av_textblock_section \"  itemscope=\"itemscope\" itemtype=\"https:\/\/schema.org\/BlogPosting\" itemprop=\"blogPost\" ><div class='avia_textblock  '   itemprop=\"text\" ><p style=\"text-align: center;\"><strong><span style=\"font-size: 18pt;\">Detienen a sujeto por robo en local comercial de Puerto Ays\u00e9n<\/span><\/strong><\/p>\n<div id=\"gtx-trans\" style=\"position: absolute; left: -50px; top: 4.31534px;\">\n<div class=\"gtx-trans-icon\"><\/div>\n<\/div>\n<\/div><\/section><\/div><div class=\"flex_column av_one_full  flex_column_div av-zero-column-padding first  avia-builder-el-4  el_after_av_one_full  el_before_av_hr  column-top-margin\" style='border-radius:0px; '><section class=\"av_textblock_section \"  itemscope=\"itemscope\" itemtype=\"https:\/\/schema.org\/BlogPosting\" itemprop=\"blogPost\" ><div class='avia_textblock  '   itemprop=\"text\" ><p class=\"v1gmail-MsoListParagraphCxSpFirst\" style=\"text-align: justify;\"><em><span lang=\"ES-MX\">&#8211;\u00a0\u00a0\u00a0\u00a0\u00a0\u00a0\u00a0<\/span><span lang=\"ES-MX\">El sujeto registra 12 reiteraciones previas por diversos delitos contras las personas y la propiedad.<\/span><\/em><\/p>\n<p class=\"v1gmail-MsoListParagraphCxSpLast\" style=\"text-align: justify;\"><em><span lang=\"ES-MX\">&#8211;\u00a0\u00a0\u00a0\u00a0\u00a0\u00a0\u00a0<\/span><span lang=\"ES-MX\">Las indagatorias y peritajes son desarrolladas por personal de la SIP y Labocar.<\/span><\/em><\/p>\n<p class=\"v1MsoNormal\" style=\"text-align: justify;\"><span lang=\"ES-MX\">Diligencias desarrolladas por Carabineros de la 2da Comisar\u00eda de Puerto Ays\u00e9n, permitieron aclarar en tiempo r\u00e9cord un delito de robo, logrando la detenci\u00f3n de un sujeto quien presenta un nutrido prontuario delictual, sumado a la recuperaci\u00f3n de la mercader\u00eda sustra\u00edda.<\/span><\/p>\n<p class=\"v1MsoNormal\" style=\"text-align: justify;\"><span lang=\"ES-MX\">Cerca de las 06:00 horas de este martes, Carabineros tom\u00f3 conocimiento sobre el ingreso de un individuo al interior de un c\u00e9ntrico restaurant de esta ciudad, tras lo cual el personal del servicio en la poblaci\u00f3n y del plan cuadrante de seguridad preventiva se traslad\u00f3 al lugar con la finalidad de recabar antecedentes sobre lo acontecido.<\/span><\/p>\n<p class=\"v1MsoNormal\" style=\"text-align: justify;\"><span lang=\"ES-MX\">El Subcomisario de los Servicios de la 2da Comisar\u00eda de esta ciudad, Capit\u00e1n Jaime Esparza Fern\u00e1ndez destac\u00f3 la existencia de registros videogr\u00e1ficos y testigos del hecho, permitiendo aportar antecedentes claves para el \u00e9xito de las diligencias.<\/span><\/p>\n<p class=\"v1MsoNormal\" style=\"text-align: justify;\"><span lang=\"ES-MX\">\u00abSe efectu\u00f3 un patrullaje por las inmediaciones logrando dar con la persona, quien coincid\u00eda con las caracter\u00edsticas, siendo posteriormente identificado por los testigos, siendo detenido en el lugar. As\u00ed tambi\u00e9n, se realiz\u00f3 un registro por las inmediaciones, logrando recuperar las especies sustra\u00eddas, siendo esta persona puesta a disposici\u00f3n del Ministerio P\u00fablico\u00bb, se\u00f1al\u00f3.<\/span><\/p>\n<p class=\"v1MsoNormal\" style=\"text-align: justify;\"><span lang=\"ES-MX\">Antecedentes recabados por Carabineros, revelan que el sujeto habr\u00eda ingresado al local de comida luego de forzar una ventana existente en la parte posterior de local sustrayendo mercader\u00eda, productos que m\u00e1s tarde fueron encontrados por el personal en las inmediaciones del restaurant.<\/span><\/p>\n<p class=\"v1MsoNormal\" style=\"text-align: justify;\"><span lang=\"ES-MX\">El sujeto registra 12 reiteraciones previas por diversos delitos en contra de las personas y la propiedad. En cuatro ocasiones ha sido aprehendido por Carabineros, siendo la \u00faltima el 10 de marzo del presente a\u00f1o por el delito de violencia intrafamiliar.<\/span><\/p>\n<p class=\"v1MsoNormal\" style=\"text-align: justify;\"><span lang=\"ES-MX\">Tras el trabajo desarrollado en coordinaci\u00f3n con la Fiscal\u00eda, Carabineros despleg\u00f3 a personal de la Secci\u00f3n de Investigaci\u00f3n Policial (SIP) de esta Unidad, sumado al desarrollo de peritajes y trabajo del sitio del suceso por parte del Laboratorio de Criminal\u00edstica de Carabineros (Labocar).<\/span><\/p>\n<p class=\"v1MsoNormal\" style=\"text-align: justify;\"><span lang=\"ES-MX\">Tanto el detenido como los antecedentes del procedimiento fueron puestos a disposici\u00f3n de la Fiscal\u00eda local de esta ciudad que dirige investigaci\u00f3n por este hecho.<\/span><\/p>\n<p class=\"v1MsoNormal\" style=\"text-align: justify;\"><span lang=\"ES-MX\">Cabe hacer presente que entre el mes de enero al 14 de julio del presente a\u00f1o, Carabineros ha detenido a 2.526 personas en la regi\u00f3n, de los cuales 45 son por el delito de robo de los cuales el 63% registra detenciones previas por parte de Carabineros y el 19% posee 5 o m\u00e1s detenciones.<\/span><\/p>\n<\/div><\/section><\/div><div  style='height:50px' class='hr hr-invisible   avia-builder-el-6  el_after_av_one_full  el_before_av_social_share '><span class='hr-inner ' ><span class='hr-inner-style'><\/span><\/span><\/div><\/p>\n<div  class='av-social-sharing-box  avia-builder-el-7  el_after_av_hr  el_before_av_hr  '><div class='av-share-box'><h5 class='av-share-link-description av-no-toc '>Compartir esta noticia<\/h5><ul class='av-share-box-list noLightbox'><li class='av-share-link av-social-link-facebook' ><a target=\"_blank\" aria-label=\"Compartir en Facebook\" href='https:\/\/www.facebook.com\/sharer.php?u=https:\/\/radiorevelacionfm.cl\/?p=44408&#038;t=Detienen%20a%20sujeto%20por%20robo%20en%20local%20comercial%20de%20Puerto%20Ays%C3%A9n' aria-hidden='false' data-av_icon='\ue8f3' data-av_iconfont='entypo-fontello' title='' data-avia-related-tooltip='Compartir en Facebook' rel=\"noopener\"><span class='avia_hidden_link_text'>Compartir en Facebook<\/span><\/a><\/li><li class='av-share-link av-social-link-twitter' ><a target=\"_blank\" aria-label=\"Compartir en Twitter\" href='https:\/\/twitter.com\/share?text=Detienen%20a%20sujeto%20por%20robo%20en%20local%20comercial%20de%20Puerto%20Ays%C3%A9n&#038;url=https:\/\/radiorevelacionfm.cl\/?p=44408' aria-hidden='false' data-av_icon='\ue8f1' data-av_iconfont='entypo-fontello' title='' data-avia-related-tooltip='Compartir en Twitter' rel=\"noopener\"><span class='avia_hidden_link_text'>Compartir en Twitter<\/span><\/a><\/li><li class='av-share-link av-social-link-whatsapp' ><a target=\"_blank\" aria-label=\"Compartir en Whatsapp\" href='https:\/\/api.whatsapp.com\/send?text=https:\/\/radiorevelacionfm.cl\/?p=44408' aria-hidden='false' data-av_icon='\uf232' data-av_iconfont='entypo-fontello' title='' data-avia-related-tooltip='Compartir en Whatsapp' rel=\"noopener\"><span class='avia_hidden_link_text'>Compartir en Whatsapp<\/span><\/a><\/li><li class='av-share-link av-social-link-linkedin' ><a target=\"_blank\" aria-label=\"Compartir en LinkedIn\" href='https:\/\/linkedin.com\/shareArticle?mini=true&#038;title=Detienen%20a%20sujeto%20por%20robo%20en%20local%20comercial%20de%20Puerto%20Ays%C3%A9n&#038;url=https:\/\/radiorevelacionfm.cl\/?p=44408' aria-hidden='false' data-av_icon='\ue8fc' data-av_iconfont='entypo-fontello' title='' data-avia-related-tooltip='Compartir en LinkedIn' rel=\"noopener\"><span class='avia_hidden_link_text'>Compartir en LinkedIn<\/span><\/a><\/li><li class='av-share-link av-social-link-mail' ><a  aria-label=\"Compartir por correo\" href='mailto:?subject=Detienen%20a%20sujeto%20por%20robo%20en%20local%20comercial%20de%20Puerto%20Ays%C3%A9n&#038;body=https:\/\/radiorevelacionfm.cl\/?p=44408' aria-hidden='false' data-av_icon='\ue805' data-av_iconfont='entypo-fontello' title='' data-avia-related-tooltip='Compartir por correo'><span class='avia_hidden_link_text'>Compartir por correo<\/span><\/a><\/li><\/ul><\/div><\/div>\n<div  style='height:50px' class='hr hr-invisible   avia-builder-el-8  el_after_av_social_share  el_before_av_comments_list '><span class='hr-inner ' ><span class='hr-inner-style'><\/span><\/span><\/div>\n<div  class='av-buildercomment  av-blog-meta-html-info-disabled av-blog-meta-tag-disabled  '><\/div>\n","protected":false},"excerpt":{"rendered":"","protected":false},"author":1,"featured_media":44409,"comment_status":"open","ping_status":"open","sticky":false,"template":"","format":"standard","meta":{"footnotes":""},"categories":[36],"tags":[],"class_list":["post-44408","post","type-post","status-publish","format-standard","has-post-thumbnail","hentry","category-policial"],"jetpack_featured_media_url":"https:\/\/radiorevelacionfm.cl\/wp-content\/uploads\/2024\/07\/0294c919-cfbe-4cb5-8530-07a2db6cab37-1-1.jpg","_links":{"self":[{"href":"https:\/\/radiorevelacionfm.cl\/index.php?rest_route=\/wp\/v2\/posts\/44408","targetHints":{"allow":["GET"]}}],"collection":[{"href":"https:\/\/radiorevelacionfm.cl\/index.php?rest_route=\/wp\/v2\/posts"}],"about":[{"href":"https:\/\/radiorevelacionfm.cl\/index.php?rest_route=\/wp\/v2\/types\/post"}],"author":[{"embeddable":true,"href":"https:\/\/radiorevelacionfm.cl\/index.php?rest_route=\/wp\/v2\/users\/1"}],"replies":[{"embeddable":true,"href":"https:\/\/radiorevelacionfm.cl\/index.php?rest_route=%2Fwp%2Fv2%2Fcomments&post=44408"}],"version-history":[{"count":2,"href":"https:\/\/radiorevelacionfm.cl\/index.php?rest_route=\/wp\/v2\/posts\/44408\/revisions"}],"predecessor-version":[{"id":44420,"href":"https:\/\/radiorevelacionfm.cl\/index.php?rest_route=\/wp\/v2\/posts\/44408\/revisions\/44420"}],"wp:featuredmedia":[{"embeddable":true,"href":"https:\/\/radiorevelacionfm.cl\/index.php?rest_route=\/wp\/v2\/media\/44409"}],"wp:attachment":[{"href":"https:\/\/radiorevelacionfm.cl\/index.php?rest_route=%2Fwp%2Fv2%2Fmedia&parent=44408"}],"wp:term":[{"taxonomy":"category","embeddable":true,"href":"https:\/\/radiorevelacionfm.cl\/index.php?rest_route=%2Fwp%2Fv2%2Fcategories&post=44408"},{"taxonomy":"post_tag","embeddable":true,"href":"https:\/\/radiorevelacionfm.cl\/index.php?rest_route=%2Fwp%2Fv2%2Ftags&post=44408"}],"curies":[{"name":"wp","href":"https:\/\/api.w.org\/{rel}","templated":true}]}}