{"id":44405,"date":"2024-07-23T19:26:34","date_gmt":"2024-07-23T22:26:34","guid":{"rendered":"https:\/\/radiorevelacionfm.cl\/?p=44405"},"modified":"2024-07-23T19:26:34","modified_gmt":"2024-07-23T22:26:34","slug":"riegoaysen-plataforma-clave-para-la-gestion-de-riego-ante-el-cambio-climatico-en-aysen","status":"publish","type":"post","link":"https:\/\/radiorevelacionfm.cl\/?p=44405","title":{"rendered":"RiegoAysen: Plataforma clave para la gesti\u00f3n de riego ante el cambio clim\u00e1tico en Ays\u00e9n"},"content":{"rendered":"<div class=\"flex_column av_one_full  flex_column_div av-zero-column-padding first  avia-builder-el-0  el_before_av_one_full  avia-builder-el-first  \" style='border-radius:0px; '><div  class='avia-image-container  av-styling-    avia-builder-el-1  avia-builder-el-no-sibling  avia-align-center '  itemprop=\"image\" itemscope=\"itemscope\" itemtype=\"https:\/\/schema.org\/ImageObject\"  ><div class='avia-image-container-inner'><div class='avia-image-overlay-wrap'><img decoding=\"async\" class='wp-image-44406 avia-img-lazy-loading-not-44406 avia_image' src=\"https:\/\/radiorevelacionfm.cl\/wp-content\/uploads\/2024\/07\/capacitaciones-1_optimized-1.jpg\" alt='' title='capacitaciones-(1)_optimized (1)' height=\"600\" width=\"800\"  itemprop=\"thumbnailUrl\" srcset=\"https:\/\/radiorevelacionfm.cl\/wp-content\/uploads\/2024\/07\/capacitaciones-1_optimized-1.jpg 800w, https:\/\/radiorevelacionfm.cl\/wp-content\/uploads\/2024\/07\/capacitaciones-1_optimized-1-300x225.jpg 300w, https:\/\/radiorevelacionfm.cl\/wp-content\/uploads\/2024\/07\/capacitaciones-1_optimized-1-768x576.jpg 768w, https:\/\/radiorevelacionfm.cl\/wp-content\/uploads\/2024\/07\/capacitaciones-1_optimized-1-705x529.jpg 705w, https:\/\/radiorevelacionfm.cl\/wp-content\/uploads\/2024\/07\/capacitaciones-1_optimized-1-450x338.jpg 450w, https:\/\/radiorevelacionfm.cl\/wp-content\/uploads\/2024\/07\/capacitaciones-1_optimized-1-600x450.jpg 600w\" sizes=\"(max-width: 800px) 100vw, 800px\" \/><\/div><\/div><\/div><\/div><div class=\"flex_column av_one_full  flex_column_div av-zero-column-padding first  avia-builder-el-2  el_after_av_one_full  el_before_av_one_full  column-top-margin\" style='border-radius:0px; '><section class=\"av_textblock_section \"  itemscope=\"itemscope\" itemtype=\"https:\/\/schema.org\/BlogPosting\" itemprop=\"blogPost\" ><div class='avia_textblock  '   itemprop=\"text\" ><p style=\"text-align: center;\"><strong><span style=\"font-size: 18pt;\">RiegoAysen: Plataforma clave para la gesti\u00f3n de riego ante el cambio clim\u00e1tico en Ays\u00e9n<\/span><\/strong><\/p>\n<div id=\"gtx-trans\" style=\"position: absolute; left: -50px; top: 4.31534px;\">\n<div class=\"gtx-trans-icon\"><\/div>\n<\/div>\n<\/div><\/section><\/div><div class=\"flex_column av_one_full  flex_column_div av-zero-column-padding first  avia-builder-el-4  el_after_av_one_full  el_before_av_hr  column-top-margin\" style='border-radius:0px; '><section class=\"av_textblock_section \"  itemscope=\"itemscope\" itemtype=\"https:\/\/schema.org\/BlogPosting\" itemprop=\"blogPost\" ><div class='avia_textblock  '   itemprop=\"text\" ><div>\n<p class=\"v1MsoNormal\" style=\"text-align: justify;\"><i>En el contexto de cambio clim\u00e1tico que ha generado disminuciones en la precipitaci\u00f3n y per\u00edodos de sequ\u00eda estival, afectando la actividad productiva agropecuaria, la plataforma RiegoAysen.cl emerge como una herramienta \u00fatil para la gesti\u00f3n sostenible del agua en la regi\u00f3n.<\/i><\/p>\n<p class=\"v1MsoNormal\" style=\"text-align: justify;\">Desarrollada por el Instituto de Investigaciones Agropecuarias (INIA) con el respaldo financiero de CORFO y al alero de la Seremi de Agricultura de Ays\u00e9n y la Comisi\u00f3n Nacional de Riego (CNR), \u00abRiegoAysen\u00bb (<a href=\"https:\/\/recursos.riegoaysen.cl\/\" target=\"_blank\" rel=\"noopener noreferrer\">https:\/\/recursos.riegoaysen.cl\/<\/a>) es una plataforma p\u00fablica y gratuita, que proporciona informaci\u00f3n detallada sobre la din\u00e1mica h\u00eddrica regional. Incluye caracter\u00edsticas de suelos, datos agroclim\u00e1ticos y estudios hidrogr\u00e1ficos, adem\u00e1s de entregar herramientas interactivas para an\u00e1lisis, visualizaci\u00f3n de datos, adem\u00e1s de permitir el desarrollo de perfiles b\u00e1sicos para proyectos de riego.<\/p>\n<p class=\"v1MsoNormal\" style=\"text-align: justify;\">Con un dise\u00f1o adaptable y la capacidad de integrar nueva informaci\u00f3n y funcionalidades, RiegoAysen proporciona a t\u00e9cnicos y profesionales, adem\u00e1s de productores agr\u00edcolas y ganaderos, recursos para mejorar la eficiencia y estrategia en el uso del agua. Adem\u00e1s, estudiantes e investigadores, pueden aprovechar la plataforma para explorar datos y estudios que respalden proyectos de investigaci\u00f3n en recursos h\u00eddricos, contribuyendo al avance cient\u00edfico y tecnol\u00f3gico regional.<\/p>\n<p class=\"v1MsoNormal\" style=\"text-align: justify;\">\u00abRiegoAysen representa un avance significativo, al proporcionar herramientas precisas y accesibles para la gesti\u00f3n del agua. Esta plataforma no solo facilita el acceso a informaci\u00f3n crucial sobre recursos h\u00eddricos, sino que tambi\u00e9n fortalece las capacidades locales en la formulaci\u00f3n de proyectos de riego\u00bb, se\u00f1ala Christian Hepp Investigador de INIA Tamel Aike.<\/p>\n<p class=\"v1MsoNormal\" style=\"text-align: justify;\">Cabe se\u00f1alar que esta p\u00e1gina nace al alero del proyecto \u00abUso del agua en sistemas ganaderos vulnerables: Estrategia de adaptaci\u00f3n al cambio clim\u00e1tico en Ays\u00e9n\u00bb, cofinanciado por CORFO a trav\u00e9s de la l\u00ednea Innova-Bienes P\u00fablicos para la Competitividad, y desarrollado por el Centro INIA Tamel Aike entre 2020 y 2024.<\/p>\n<p class=\"v1MsoNormal\" style=\"text-align: justify;\">\u00abEste proyecto, en sinton\u00eda con los lineamientos del Ministerio de Agricultura para el uso eficiente del agua y la mitigaci\u00f3n de los efectos del cambio clim\u00e1tico, nos ha permitido generar informaci\u00f3n detallada sobre el riego en praderas en Ays\u00e9n. Adem\u00e1s, pone a disposici\u00f3n datos completos sobre los suelos agropecuarios de los 68 valles productivos de la regi\u00f3n. Finalmente, nos permiti\u00f3 desarrollar un curso de capacitaci\u00f3n, con la participaci\u00f3n de 44 profesionales de la regi\u00f3n, lo que facilitar\u00e1 el dise\u00f1o de futuros proyectos de riego\u00bb, se\u00f1ala la directora de INIA Tamel Aike, Camila Reyes.<\/p>\n<p class=\"v1MsoNormal\" style=\"text-align: justify;\">El Director de Corfo, Humberto Mar\u00edn, destac\u00f3 que esta iniciativa genera informaci\u00f3n clave y apoya pol\u00edticas p\u00fablicas relacionadas con el uso eficiente del agua en la ganader\u00eda de Ays\u00e9n, aline\u00e1ndose con los objetivos de Corfo de promover pol\u00edticas que impulsen el desarrollo econ\u00f3mico y social del pa\u00eds.<\/p>\n<p class=\"v1MsoNormal\" style=\"text-align: justify;\">\u00bb A trav\u00e9s de la formaci\u00f3n de capital humano local en colaboraci\u00f3n con el INIA, Corfo est\u00e1 fortaleciendo las capacidades t\u00e9cnicas y profesionales en regiones estrat\u00e9gicas, demostrando su compromiso con el desarrollo inclusivo y sostenible de Chile\u00bb, sostuvo.<\/p>\n<p class=\"v1MsoNormal\" style=\"text-align: justify;\"><b>Informaci\u00f3n para contrarrestar los efectos del cambio clim\u00e1tico<\/b><\/p>\n<p class=\"v1MsoNormal\" style=\"text-align: justify;\">Modelos desarrollados por la Universidad de Chile sobre los efectos del cambio clim\u00e1tico en la Patagonia chilena, predicen un aumento en las temperaturas m\u00e1ximas y medias de primavera y verano, una disminuci\u00f3n de las precipitaciones estivales y una mayor variabilidad clim\u00e1tica con eventos extremos y vientos inestables. Si bien esto podr\u00eda extender la temporada de crecimiento vegetal, con perspectivas de mejora, se requieren recursos h\u00eddricos adecuados para hacer frente a estos desaf\u00edos.<\/p>\n<p class=\"v1MsoNormal\" style=\"text-align: justify;\">El an\u00e1lisis de las estad\u00edsticas hist\u00f3ricas (1960-2024) de diferentes estaciones meteorol\u00f3gicas en Ays\u00e9n, desarrollado por el INIA Tamel Aike, han evidenciado un significativo d\u00e9ficit h\u00eddrico estival en la zona intermedia y estepa de Ays\u00e9n durante, al menos, seis de las \u00faltimas diez temporadas; impactando negativamente en la producci\u00f3n de forraje y la carga animal de los campos. Este fen\u00f3meno ha provocado una disminuci\u00f3n de entre el 30% y el 60% en la producci\u00f3n de forraje, afectando el valor nutritivo de los cultivos y limitando los recursos forrajeros de conservaci\u00f3n para enfrentar el prolongado per\u00edodo invernal. Se estima que la implementaci\u00f3n estrat\u00e9gica del riego podr\u00eda abarcar hasta 30.000 hect\u00e1reas, mejorando la seguridad, volumen y calidad del forraje y aumentando la capacidad de carga de los sistemas ganaderos.<\/p>\n<\/div>\n<div style=\"text-align: justify;\"><\/div>\n<\/div><\/section><\/div><div  style='height:50px' class='hr hr-invisible   avia-builder-el-6  el_after_av_one_full  el_before_av_social_share '><span class='hr-inner ' ><span class='hr-inner-style'><\/span><\/span><\/div><\/p>\n<div  class='av-social-sharing-box  avia-builder-el-7  el_after_av_hr  el_before_av_hr  '><div class='av-share-box'><h5 class='av-share-link-description av-no-toc '>Compartir esta noticia<\/h5><ul class='av-share-box-list noLightbox'><li class='av-share-link av-social-link-facebook' ><a target=\"_blank\" aria-label=\"Compartir en Facebook\" href='https:\/\/www.facebook.com\/sharer.php?u=https:\/\/radiorevelacionfm.cl\/?p=44405&#038;t=RiegoAysen%3A%20Plataforma%20clave%20para%20la%20gesti%C3%B3n%20de%20riego%20ante%20el%20cambio%20clim%C3%A1tico%20en%20Ays%C3%A9n' aria-hidden='false' data-av_icon='\ue8f3' data-av_iconfont='entypo-fontello' title='' data-avia-related-tooltip='Compartir en Facebook' rel=\"noopener\"><span class='avia_hidden_link_text'>Compartir en Facebook<\/span><\/a><\/li><li class='av-share-link av-social-link-twitter' ><a target=\"_blank\" aria-label=\"Compartir en Twitter\" href='https:\/\/twitter.com\/share?text=RiegoAysen%3A%20Plataforma%20clave%20para%20la%20gesti%C3%B3n%20de%20riego%20ante%20el%20cambio%20clim%C3%A1tico%20en%20Ays%C3%A9n&#038;url=https:\/\/radiorevelacionfm.cl\/?p=44405' aria-hidden='false' data-av_icon='\ue8f1' data-av_iconfont='entypo-fontello' title='' data-avia-related-tooltip='Compartir en Twitter' rel=\"noopener\"><span class='avia_hidden_link_text'>Compartir en Twitter<\/span><\/a><\/li><li class='av-share-link av-social-link-whatsapp' ><a target=\"_blank\" aria-label=\"Compartir en Whatsapp\" href='https:\/\/api.whatsapp.com\/send?text=https:\/\/radiorevelacionfm.cl\/?p=44405' aria-hidden='false' data-av_icon='\uf232' data-av_iconfont='entypo-fontello' title='' data-avia-related-tooltip='Compartir en Whatsapp' rel=\"noopener\"><span class='avia_hidden_link_text'>Compartir en Whatsapp<\/span><\/a><\/li><li class='av-share-link av-social-link-linkedin' ><a target=\"_blank\" aria-label=\"Compartir en LinkedIn\" href='https:\/\/linkedin.com\/shareArticle?mini=true&#038;title=RiegoAysen%3A%20Plataforma%20clave%20para%20la%20gesti%C3%B3n%20de%20riego%20ante%20el%20cambio%20clim%C3%A1tico%20en%20Ays%C3%A9n&#038;url=https:\/\/radiorevelacionfm.cl\/?p=44405' aria-hidden='false' data-av_icon='\ue8fc' data-av_iconfont='entypo-fontello' title='' data-avia-related-tooltip='Compartir en LinkedIn' rel=\"noopener\"><span class='avia_hidden_link_text'>Compartir en LinkedIn<\/span><\/a><\/li><li class='av-share-link av-social-link-mail' ><a  aria-label=\"Compartir por correo\" href='mailto:?subject=RiegoAysen%3A%20Plataforma%20clave%20para%20la%20gesti%C3%B3n%20de%20riego%20ante%20el%20cambio%20clim%C3%A1tico%20en%20Ays%C3%A9n&#038;body=https:\/\/radiorevelacionfm.cl\/?p=44405' aria-hidden='false' data-av_icon='\ue805' data-av_iconfont='entypo-fontello' title='' data-avia-related-tooltip='Compartir por correo'><span class='avia_hidden_link_text'>Compartir por correo<\/span><\/a><\/li><\/ul><\/div><\/div>\n<div  style='height:50px' class='hr hr-invisible   avia-builder-el-8  el_after_av_social_share  el_before_av_comments_list '><span class='hr-inner ' ><span class='hr-inner-style'><\/span><\/span><\/div>\n<div  class='av-buildercomment  av-blog-meta-html-info-disabled av-blog-meta-tag-disabled  '><\/div>\n","protected":false},"excerpt":{"rendered":"","protected":false},"author":1,"featured_media":44406,"comment_status":"open","ping_status":"open","sticky":false,"template":"","format":"standard","meta":{"footnotes":""},"categories":[58],"tags":[],"class_list":["post-44405","post","type-post","status-publish","format-standard","has-post-thumbnail","hentry","category-agricultura"],"jetpack_featured_media_url":"https:\/\/radiorevelacionfm.cl\/wp-content\/uploads\/2024\/07\/capacitaciones-1_optimized-1.jpg","_links":{"self":[{"href":"https:\/\/radiorevelacionfm.cl\/index.php?rest_route=\/wp\/v2\/posts\/44405","targetHints":{"allow":["GET"]}}],"collection":[{"href":"https:\/\/radiorevelacionfm.cl\/index.php?rest_route=\/wp\/v2\/posts"}],"about":[{"href":"https:\/\/radiorevelacionfm.cl\/index.php?rest_route=\/wp\/v2\/types\/post"}],"author":[{"embeddable":true,"href":"https:\/\/radiorevelacionfm.cl\/index.php?rest_route=\/wp\/v2\/users\/1"}],"replies":[{"embeddable":true,"href":"https:\/\/radiorevelacionfm.cl\/index.php?rest_route=%2Fwp%2Fv2%2Fcomments&post=44405"}],"version-history":[{"count":1,"href":"https:\/\/radiorevelacionfm.cl\/index.php?rest_route=\/wp\/v2\/posts\/44405\/revisions"}],"predecessor-version":[{"id":44407,"href":"https:\/\/radiorevelacionfm.cl\/index.php?rest_route=\/wp\/v2\/posts\/44405\/revisions\/44407"}],"wp:featuredmedia":[{"embeddable":true,"href":"https:\/\/radiorevelacionfm.cl\/index.php?rest_route=\/wp\/v2\/media\/44406"}],"wp:attachment":[{"href":"https:\/\/radiorevelacionfm.cl\/index.php?rest_route=%2Fwp%2Fv2%2Fmedia&parent=44405"}],"wp:term":[{"taxonomy":"category","embeddable":true,"href":"https:\/\/radiorevelacionfm.cl\/index.php?rest_route=%2Fwp%2Fv2%2Fcategories&post=44405"},{"taxonomy":"post_tag","embeddable":true,"href":"https:\/\/radiorevelacionfm.cl\/index.php?rest_route=%2Fwp%2Fv2%2Ftags&post=44405"}],"curies":[{"name":"wp","href":"https:\/\/api.w.org\/{rel}","templated":true}]}}