{"id":44402,"date":"2024-07-23T17:41:29","date_gmt":"2024-07-23T20:41:29","guid":{"rendered":"https:\/\/radiorevelacionfm.cl\/?p=44402"},"modified":"2024-07-23T17:41:29","modified_gmt":"2024-07-23T20:41:29","slug":"ecolidar-un-innovador-proyecto-que-revoluciona-la-gestion-de-bosques-con-tecnologia-de-vanguardia-en-aysen","status":"publish","type":"post","link":"https:\/\/radiorevelacionfm.cl\/?p=44402","title":{"rendered":"EcoLidar: Un innovador proyecto que revoluciona la gesti\u00f3n de bosques con tecnolog\u00eda de vanguardia en Ays\u00e9n"},"content":{"rendered":"<div class=\"flex_column av_one_full  flex_column_div av-zero-column-padding first  avia-builder-el-0  el_before_av_one_full  avia-builder-el-first  \" style='border-radius:0px; '><div  class='avia-image-container  av-styling-    avia-builder-el-1  avia-builder-el-no-sibling  avia-align-center '  itemprop=\"image\" itemscope=\"itemscope\" itemtype=\"https:\/\/schema.org\/ImageObject\"  ><div class='avia-image-container-inner'><div class='avia-image-overlay-wrap'><img decoding=\"async\" class='wp-image-44403 avia-img-lazy-loading-not-44403 avia_image' src=\"https:\/\/radiorevelacionfm.cl\/wp-content\/uploads\/2024\/07\/03-ecolidar-corfoaysen-1_optimized-1.jpg\" alt='' title='03-ecolidar-corfoays\u00e9n-(1)_optimized (1)' height=\"740\" width=\"802\"  itemprop=\"thumbnailUrl\" srcset=\"https:\/\/radiorevelacionfm.cl\/wp-content\/uploads\/2024\/07\/03-ecolidar-corfoaysen-1_optimized-1.jpg 802w, https:\/\/radiorevelacionfm.cl\/wp-content\/uploads\/2024\/07\/03-ecolidar-corfoaysen-1_optimized-1-300x277.jpg 300w, https:\/\/radiorevelacionfm.cl\/wp-content\/uploads\/2024\/07\/03-ecolidar-corfoaysen-1_optimized-1-768x709.jpg 768w, https:\/\/radiorevelacionfm.cl\/wp-content\/uploads\/2024\/07\/03-ecolidar-corfoaysen-1_optimized-1-705x650.jpg 705w, https:\/\/radiorevelacionfm.cl\/wp-content\/uploads\/2024\/07\/03-ecolidar-corfoaysen-1_optimized-1-450x415.jpg 450w, https:\/\/radiorevelacionfm.cl\/wp-content\/uploads\/2024\/07\/03-ecolidar-corfoaysen-1_optimized-1-600x554.jpg 600w\" sizes=\"(max-width: 802px) 100vw, 802px\" \/><\/div><\/div><\/div><\/div><div class=\"flex_column av_one_full  flex_column_div av-zero-column-padding first  avia-builder-el-2  el_after_av_one_full  el_before_av_one_full  column-top-margin\" style='border-radius:0px; '><section class=\"av_textblock_section \"  itemscope=\"itemscope\" itemtype=\"https:\/\/schema.org\/BlogPosting\" itemprop=\"blogPost\" ><div class='avia_textblock  '   itemprop=\"text\" ><p style=\"text-align: center;\"><strong><span style=\"font-size: 18pt;\">EcoLidar: Un innovador proyecto que revoluciona la gesti\u00f3n de bosques con tecnolog\u00eda de vanguardia en Ays\u00e9n<\/span><\/strong><\/p>\n<div id=\"gtx-trans\" style=\"position: absolute; left: -50px; top: 4.31534px;\">\n<div class=\"gtx-trans-icon\"><\/div>\n<\/div>\n<\/div><\/section><\/div><div class=\"flex_column av_one_full  flex_column_div av-zero-column-padding first  avia-builder-el-4  el_after_av_one_full  el_before_av_hr  column-top-margin\" style='border-radius:0px; '><section class=\"av_textblock_section \"  itemscope=\"itemscope\" itemtype=\"https:\/\/schema.org\/BlogPosting\" itemprop=\"blogPost\" ><div class='avia_textblock  '   itemprop=\"text\" ><p class=\"v1MsoNormal\" style=\"text-align: justify;\">EcoLidar es una iniciativa revolucionaria que establecer\u00e1 un nuevo est\u00e1ndar en la gesti\u00f3n de bosques nativos en la Regi\u00f3n de Ays\u00e9n. Esta propuesta, respaldada por Corfo Ays\u00e9n, combina drones avanzados con tecnolog\u00eda Lidar para llevar a cabo levantamientos detallados y precisos, transformando el manejo forestal y fomentando un futuro m\u00e1s verde y sustentable. El proyecto mejora la eficiencia en el manejo de bosques, con especial \u00e9nfasis en los tipos forestales siempreverde y lenga.<\/p>\n<p class=\"v1MsoNormal\" style=\"text-align: justify;\">El objetivo principal de EcoLidar es desarrollar y validar un sistema innovador de monitoreo e inventario forestal. Los drones equipados con tecnolog\u00eda Lidar proporcionar\u00e1n datos dasom\u00e9tricos extremadamente precisos. Estos datos son esenciales para elaborar inventarios forestales detallados y crear cartograf\u00edas que faciliten la formulaci\u00f3n de planes de manejo con criterios de ordenaci\u00f3n, as\u00ed como para evaluar el estado sanitario de los bosques y facilitar la identificaci\u00f3n de zonas productivas y de protecci\u00f3n.<\/p>\n<p class=\"v1MsoNormal\" style=\"text-align: justify;\"><b>INNOVACI\u00d3N Y LIDERAZGO FEMENINO<\/b><\/p>\n<p class=\"v1MsoNormal\" style=\"text-align: justify;\">D\u00e1maris Mera Araneda, quien lidera el proyecto EcoLidar y representa a la consultora regional AgroPlan, subray\u00f3 la relevancia de esta iniciativa para la Regi\u00f3n de Ays\u00e9n, destacando su car\u00e1cter innovador y el esfuerzo de un equipo multidisciplinario compuesto por agr\u00f3nomos, forestales y expertos en log\u00edstica. \u00abEs un proyecto tremendamente innovador que hemos desarrollado para crear una herramienta eficaz para el manejo sustentable del bosque nativo en la regi\u00f3n,\u00bb afirm\u00f3. Agreg\u00f3 que Ays\u00e9n, con la mayor superficie de bosque nativo en Chile, tambi\u00e9n presenta la menor cantidad de informaci\u00f3n actualizada sobre su estado, lo que hace a\u00fan m\u00e1s crucial este esfuerzo.<\/p>\n<p class=\"v1MsoNormal\" style=\"text-align: justify;\">Adem\u00e1s de sus aportes tecnol\u00f3gicos, EcoLidar destaca por su impulso al liderazgo femenino en el \u00e1mbito del emprendimiento y la innovaci\u00f3n. D\u00e1maris expres\u00f3 su gratitud por el apoyo estatal, se\u00f1alando que \u00abespecialmente en un contexto donde las iniciativas lideradas por mujeres pueden acceder a mayores beneficios y cofinanciamiento. Esta es una excelente oportunidad para consolidarnos como consultoras regionales y, potencialmente, expandir nuestros servicios a otras regiones del pa\u00eds.\u00bb<\/p>\n<p class=\"v1MsoNormal\" style=\"text-align: justify;\">Agroplan asesora proyectos productivos y de inversi\u00f3n con un enfoque integral que abarca la rentabilidad econ\u00f3mica, social y ambiental. Mediante un equipo multidisciplinario y alianzas estrat\u00e9gicas, ofrecemos levantamiento de informaci\u00f3n, an\u00e1lisis y herramientas de decisi\u00f3n, garantizando calidad, precisi\u00f3n y confiabilidad en todos nuestros servicios.<\/p>\n<p class=\"v1MsoNormal\" style=\"text-align: justify;\"><b>IMPACTO Y COMPROMISO<\/b><\/p>\n<p class=\"v1MsoNormal\" style=\"text-align: justify;\">Humberto Mar\u00edn Leiva, director de Corfo Ays\u00e9n, subray\u00f3 la importancia de EcoLidar en la transformaci\u00f3n del monitoreo forestal en la regi\u00f3n. \u00abEstamos incorporando tecnolog\u00eda avanzada para obtener una visi\u00f3n en tiempo real de nuestros bosques,\u00bb coment\u00f3 Mar\u00edn. \u00abQueremos comprender qu\u00e9 ocurre en los bosques de Ays\u00e9n, y con este proyecto lo lograremos.\u00bb Destac\u00f3 que esta iniciativa no solo se diferencia por su innovaci\u00f3n tecnol\u00f3gica, sino tambi\u00e9n por su impulso al liderazgo femenino en la toma de decisiones y en la gesti\u00f3n de proyectos innovadores.<\/p>\n<p class=\"v1MsoNormal\" style=\"text-align: justify;\">Adem\u00e1s, Mar\u00edn destac\u00f3 el compromiso de Corfo con la innovaci\u00f3n y el apoyo a proyectos que promuevan la sostenibilidad y el desarrollo regional. \u00abDesde Corfo estamos comprometidos con el fomento de la innovaci\u00f3n y el apoyo a iniciativas como EcoLidar, que demuestran c\u00f3mo la tecnolog\u00eda y el liderazgo pueden unirse para enfrentar los desaf\u00edos ambientales y contribuir al bienestar de nuestras comunidades,\u00bb concluy\u00f3.<\/p>\n<p class=\"v1MsoNormal\" style=\"text-align: justify;\">EcoLidar ofrece una soluci\u00f3n integral para la gesti\u00f3n de bosques nativos, al mejorar la planificaci\u00f3n y el manejo forestal mediante datos precisos y detallados. Gracias a la tecnolog\u00eda Lidar, el proyecto no solo optimiza la gesti\u00f3n forestal, sino que tambi\u00e9n desempe\u00f1a un papel crucial en la prevenci\u00f3n de incendios, a\u00f1adiendo una capa adicional de protecci\u00f3n a estos valiosos ecosistemas.<\/p>\n<p class=\"v1MsoNormal\" style=\"text-align: justify;\">El proyecto fue aprobado a trav\u00e9s del programa Innova Regi\u00f3n para empresas lideradas por mujeres, 2024, otorg\u00e1ndole un financiamiento sectorial Corfo de 67 millones de pesos.<\/p>\n<\/div><\/section><\/div><div  style='height:50px' class='hr hr-invisible   avia-builder-el-6  el_after_av_one_full  el_before_av_social_share '><span class='hr-inner ' ><span class='hr-inner-style'><\/span><\/span><\/div><\/p>\n<div  class='av-social-sharing-box  avia-builder-el-7  el_after_av_hr  el_before_av_hr  '><div class='av-share-box'><h5 class='av-share-link-description av-no-toc '>Compartir esta noticia<\/h5><ul class='av-share-box-list noLightbox'><li class='av-share-link av-social-link-facebook' ><a target=\"_blank\" aria-label=\"Compartir en Facebook\" href='https:\/\/www.facebook.com\/sharer.php?u=https:\/\/radiorevelacionfm.cl\/?p=44402&#038;t=EcoLidar%3A%20Un%20innovador%20proyecto%20que%20revoluciona%20la%20gesti%C3%B3n%20de%20bosques%20con%20tecnolog%C3%ADa%20de%20vanguardia%20en%20Ays%C3%A9n' aria-hidden='false' data-av_icon='\ue8f3' data-av_iconfont='entypo-fontello' title='' data-avia-related-tooltip='Compartir en Facebook' rel=\"noopener\"><span class='avia_hidden_link_text'>Compartir en Facebook<\/span><\/a><\/li><li class='av-share-link av-social-link-twitter' ><a target=\"_blank\" aria-label=\"Compartir en Twitter\" href='https:\/\/twitter.com\/share?text=EcoLidar%3A%20Un%20innovador%20proyecto%20que%20revoluciona%20la%20gesti%C3%B3n%20de%20bosques%20con%20tecnolog%C3%ADa%20de%20vanguardia%20en%20Ays%C3%A9n&#038;url=https:\/\/radiorevelacionfm.cl\/?p=44402' aria-hidden='false' data-av_icon='\ue8f1' data-av_iconfont='entypo-fontello' title='' data-avia-related-tooltip='Compartir en Twitter' rel=\"noopener\"><span class='avia_hidden_link_text'>Compartir en Twitter<\/span><\/a><\/li><li class='av-share-link av-social-link-whatsapp' ><a target=\"_blank\" aria-label=\"Compartir en Whatsapp\" href='https:\/\/api.whatsapp.com\/send?text=https:\/\/radiorevelacionfm.cl\/?p=44402' aria-hidden='false' data-av_icon='\uf232' data-av_iconfont='entypo-fontello' title='' data-avia-related-tooltip='Compartir en Whatsapp' rel=\"noopener\"><span class='avia_hidden_link_text'>Compartir en Whatsapp<\/span><\/a><\/li><li class='av-share-link av-social-link-linkedin' ><a target=\"_blank\" aria-label=\"Compartir en LinkedIn\" href='https:\/\/linkedin.com\/shareArticle?mini=true&#038;title=EcoLidar%3A%20Un%20innovador%20proyecto%20que%20revoluciona%20la%20gesti%C3%B3n%20de%20bosques%20con%20tecnolog%C3%ADa%20de%20vanguardia%20en%20Ays%C3%A9n&#038;url=https:\/\/radiorevelacionfm.cl\/?p=44402' aria-hidden='false' data-av_icon='\ue8fc' data-av_iconfont='entypo-fontello' title='' data-avia-related-tooltip='Compartir en LinkedIn' rel=\"noopener\"><span class='avia_hidden_link_text'>Compartir en LinkedIn<\/span><\/a><\/li><li class='av-share-link av-social-link-mail' ><a  aria-label=\"Compartir por correo\" href='mailto:?subject=EcoLidar%3A%20Un%20innovador%20proyecto%20que%20revoluciona%20la%20gesti%C3%B3n%20de%20bosques%20con%20tecnolog%C3%ADa%20de%20vanguardia%20en%20Ays%C3%A9n&#038;body=https:\/\/radiorevelacionfm.cl\/?p=44402' aria-hidden='false' data-av_icon='\ue805' data-av_iconfont='entypo-fontello' title='' data-avia-related-tooltip='Compartir por correo'><span class='avia_hidden_link_text'>Compartir por correo<\/span><\/a><\/li><\/ul><\/div><\/div>\n<div  style='height:50px' class='hr hr-invisible   avia-builder-el-8  el_after_av_social_share  el_before_av_comments_list '><span class='hr-inner ' ><span class='hr-inner-style'><\/span><\/span><\/div>\n<div  class='av-buildercomment  av-blog-meta-html-info-disabled av-blog-meta-tag-disabled  '><\/div>\n","protected":false},"excerpt":{"rendered":"","protected":false},"author":1,"featured_media":44403,"comment_status":"open","ping_status":"open","sticky":false,"template":"","format":"standard","meta":{"footnotes":""},"categories":[38],"tags":[],"class_list":["post-44402","post","type-post","status-publish","format-standard","has-post-thumbnail","hentry","category-regional"],"jetpack_featured_media_url":"https:\/\/radiorevelacionfm.cl\/wp-content\/uploads\/2024\/07\/03-ecolidar-corfoaysen-1_optimized-1.jpg","_links":{"self":[{"href":"https:\/\/radiorevelacionfm.cl\/index.php?rest_route=\/wp\/v2\/posts\/44402","targetHints":{"allow":["GET"]}}],"collection":[{"href":"https:\/\/radiorevelacionfm.cl\/index.php?rest_route=\/wp\/v2\/posts"}],"about":[{"href":"https:\/\/radiorevelacionfm.cl\/index.php?rest_route=\/wp\/v2\/types\/post"}],"author":[{"embeddable":true,"href":"https:\/\/radiorevelacionfm.cl\/index.php?rest_route=\/wp\/v2\/users\/1"}],"replies":[{"embeddable":true,"href":"https:\/\/radiorevelacionfm.cl\/index.php?rest_route=%2Fwp%2Fv2%2Fcomments&post=44402"}],"version-history":[{"count":1,"href":"https:\/\/radiorevelacionfm.cl\/index.php?rest_route=\/wp\/v2\/posts\/44402\/revisions"}],"predecessor-version":[{"id":44404,"href":"https:\/\/radiorevelacionfm.cl\/index.php?rest_route=\/wp\/v2\/posts\/44402\/revisions\/44404"}],"wp:featuredmedia":[{"embeddable":true,"href":"https:\/\/radiorevelacionfm.cl\/index.php?rest_route=\/wp\/v2\/media\/44403"}],"wp:attachment":[{"href":"https:\/\/radiorevelacionfm.cl\/index.php?rest_route=%2Fwp%2Fv2%2Fmedia&parent=44402"}],"wp:term":[{"taxonomy":"category","embeddable":true,"href":"https:\/\/radiorevelacionfm.cl\/index.php?rest_route=%2Fwp%2Fv2%2Fcategories&post=44402"},{"taxonomy":"post_tag","embeddable":true,"href":"https:\/\/radiorevelacionfm.cl\/index.php?rest_route=%2Fwp%2Fv2%2Ftags&post=44402"}],"curies":[{"name":"wp","href":"https:\/\/api.w.org\/{rel}","templated":true}]}}