{"id":4440,"date":"2021-05-23T21:31:23","date_gmt":"2021-05-24T00:31:23","guid":{"rendered":"https:\/\/radiorevelacionfm.cl\/?p=4440"},"modified":"2021-05-23T21:31:23","modified_gmt":"2021-05-24T00:31:23","slug":"gremio-de-la-construccion-y-alcalde-s-de-guaitecas-coordinan-acciones-para-ayudar-a-vecinos-de-la-comuna","status":"publish","type":"post","link":"https:\/\/radiorevelacionfm.cl\/?p=4440","title":{"rendered":"Gremio de la construcci\u00f3n y alcalde (s) de Guaitecas coordinan acciones para ayudar a vecinos de la comuna"},"content":{"rendered":"<div class=\"flex_column av_one_full  flex_column_div av-zero-column-padding first  avia-builder-el-0  el_before_av_one_full  avia-builder-el-first  \" style='border-radius:0px; '><div  class='avia-image-container  av-styling-    avia-builder-el-1  avia-builder-el-no-sibling  avia-align-center '  itemprop=\"image\" itemscope=\"itemscope\" itemtype=\"https:\/\/schema.org\/ImageObject\"  ><div class='avia-image-container-inner'><div class='avia-image-overlay-wrap'><img decoding=\"async\" class='wp-image-0 avia-img-lazy-loading-not-0 avia_image' src=\"https:\/\/radiorevelacionfm.cl\/wp-content\/uploads\/2021\/05\/Pdte.-CChC-Coyhaique_Alcalde-s-de-Guaitecas-1.jpg\" alt='' title=''   itemprop=\"thumbnailUrl\"  \/><\/div><\/div><\/div><\/div><div class=\"flex_column av_one_full  flex_column_div av-zero-column-padding first  avia-builder-el-2  el_after_av_one_full  el_before_av_one_full  column-top-margin\" style='border-radius:0px; '><section class=\"av_textblock_section \"  itemscope=\"itemscope\" itemtype=\"https:\/\/schema.org\/BlogPosting\" itemprop=\"blogPost\" ><div class='avia_textblock  '   itemprop=\"text\" ><p style=\"text-align: center;\"><strong><span style=\"font-size: 18pt;\">Gremio de la construcci\u00f3n y alcalde (s) de Guaitecas coordinan acciones para ayudar a vecinos de la comuna<\/span><\/strong><\/p>\n<div id=\"gtx-trans\" style=\"position: absolute; left: -50px; top: 4.31534px;\">\n<div class=\"gtx-trans-icon\"><\/div>\n<\/div>\n<\/div><\/section><\/div><div class=\"flex_column av_one_full  flex_column_div av-zero-column-padding first  avia-builder-el-4  el_after_av_one_full  el_before_av_hr  column-top-margin\" style='border-radius:0px; '><section class=\"av_textblock_section \"  itemscope=\"itemscope\" itemtype=\"https:\/\/schema.org\/BlogPosting\" itemprop=\"blogPost\" ><div class='avia_textblock  '   itemprop=\"text\" ><p style=\"text-align: justify;\">Con el objetivo de paliar los efectos provocados por la pandemia en la comunidad, el alcalde (s) de Guaitecas, Enrique Higuera, se reuni\u00f3 con el presidente de la C\u00e1mara Chilena de la Construcci\u00f3n (CChC) de Coyhaique, Manuel Suazo, para coordinar la entrega de insumos para la calefacci\u00f3n y kits sanitarios.<\/p>\n<p style=\"text-align: justify;\">As\u00ed lo expres\u00f3 el alcalde subrogante, Enrique Higuera, quien explic\u00f3 la situaci\u00f3n sanitaria y econ\u00f3mica por la cual atravesaron en Melinka. \u201cLa comuna de las Guaitecas, en este \u00faltimo tiempo, se ha visto muy afectada producto del brote Covid-19. Y a ello, se suma la precariedad de la isla para continuar desarrollando sus actividades productivas que es, principalmente, la extracci\u00f3n del recurso erizo\u201d, dijo.<\/p>\n<p style=\"text-align: justify;\">En esa l\u00ednea, Higuera puntualiz\u00f3 que \u201cla colaboraci\u00f3n de la C\u00e1mara Chilena de la Construcci\u00f3n viene a aliviar una necesidad imperiosa en la isla, sobre todo de los adultos mayores ya que con este aporte de la C\u00e1mara llegaremos con 300 sacos de le\u00f1a seca para estos vecinos, m\u00e1s insumos y bombas de espaldas que aportar\u00e1n a la desinfecci\u00f3n de lugares de uso p\u00fablico en la comuna\u201d.<\/p>\n<p style=\"text-align: justify;\">Por \u00faltimo, el alcalde (s) Higuera valor\u00f3 el compromiso del gremio regional de la construcci\u00f3n en tiempos de crisis.\u00a0 \u201cEsta importante vinculaci\u00f3n de la CChC Coyhaique con un Municipio peque\u00f1o, y en nuestra condici\u00f3n de isla, es sumamente valiosa ya que permitir\u00e1 tener alianzas estrat\u00e9gicas en el mediano plazo y en la proyecci\u00f3n del trabajo y obras a realizar en Melinka y Repollal; nos encontramos muy contentos y agradecidos como Municipio de poder contar con la ayuda de la C\u00e1mara\u201d, argument\u00f3.<\/p>\n<p style=\"text-align: justify;\">Por su parte, Manuel Suazo, presidente de la CChC Coyhaique, se\u00f1al\u00f3 que \u201csentimos el llamado a colaborar con los vecinos de la zona a ra\u00edz del brote fulminante que tuvieron hace semanas atr\u00e1s de Covid-19. En consecuencia, este tipo de acciones fortalecen la vinculaci\u00f3n con las comunidades. Bajo ese prop\u00f3sito, tomamos contacto con personal de la municipalidad quienes tuvieron muy buena recepci\u00f3n tras nuestro llamado\u201d.<\/p>\n<p style=\"text-align: justify;\">Finalmente, Suazo se refiri\u00f3 a las obras de construcci\u00f3n que est\u00e1n contempladas para ejecutar en Melinka. \u201cNos comprometemos a poner en tabla en todas las reuniones sostenidas con las autoridades regionales los proyectos que por diferentes motivos se han visto retrasados en su ejecuci\u00f3n, entendiendo que la forma de generar una reactivaci\u00f3n econ\u00f3mica y con ello puestos de trabajo es activando estas obras de infraestructura\u201d, concluy\u00f3.<\/p>\n<\/div><\/section><\/div><div  style='height:50px' class='hr hr-invisible   avia-builder-el-6  el_after_av_one_full  el_before_av_social_share '><span class='hr-inner ' ><span class='hr-inner-style'><\/span><\/span><\/div><\/p>\n<div  class='av-social-sharing-box  avia-builder-el-7  el_after_av_hr  el_before_av_hr  '><div class='av-share-box'><h5 class='av-share-link-description av-no-toc '>Compartir esta noticia<\/h5><ul class='av-share-box-list noLightbox'><li class='av-share-link av-social-link-facebook' ><a target=\"_blank\" aria-label=\"Compartir en Facebook\" href='https:\/\/www.facebook.com\/sharer.php?u=https:\/\/radiorevelacionfm.cl\/?p=4440&#038;t=Gremio%20de%20la%20construcci%C3%B3n%20y%20alcalde%20%28s%29%20de%20Guaitecas%20coordinan%20acciones%20para%20ayudar%20a%20vecinos%20de%20la%20comuna' aria-hidden='false' data-av_icon='\ue8f3' data-av_iconfont='entypo-fontello' title='' data-avia-related-tooltip='Compartir en Facebook' rel=\"noopener\"><span class='avia_hidden_link_text'>Compartir en Facebook<\/span><\/a><\/li><li class='av-share-link av-social-link-twitter' ><a target=\"_blank\" aria-label=\"Compartir en Twitter\" href='https:\/\/twitter.com\/share?text=Gremio%20de%20la%20construcci%C3%B3n%20y%20alcalde%20%28s%29%20de%20Guaitecas%20coordinan%20acciones%20para%20ayudar%20a%20vecinos%20de%20la%20comuna&#038;url=https:\/\/radiorevelacionfm.cl\/?p=4440' aria-hidden='false' data-av_icon='\ue8f1' data-av_iconfont='entypo-fontello' title='' data-avia-related-tooltip='Compartir en Twitter' rel=\"noopener\"><span class='avia_hidden_link_text'>Compartir en Twitter<\/span><\/a><\/li><li class='av-share-link av-social-link-whatsapp' ><a target=\"_blank\" aria-label=\"Compartir en Whatsapp\" href='https:\/\/api.whatsapp.com\/send?text=https:\/\/radiorevelacionfm.cl\/?p=4440' aria-hidden='false' data-av_icon='\uf232' data-av_iconfont='entypo-fontello' title='' data-avia-related-tooltip='Compartir en Whatsapp' rel=\"noopener\"><span class='avia_hidden_link_text'>Compartir en Whatsapp<\/span><\/a><\/li><li class='av-share-link av-social-link-linkedin' ><a target=\"_blank\" aria-label=\"Compartir en LinkedIn\" href='https:\/\/linkedin.com\/shareArticle?mini=true&#038;title=Gremio%20de%20la%20construcci%C3%B3n%20y%20alcalde%20%28s%29%20de%20Guaitecas%20coordinan%20acciones%20para%20ayudar%20a%20vecinos%20de%20la%20comuna&#038;url=https:\/\/radiorevelacionfm.cl\/?p=4440' aria-hidden='false' data-av_icon='\ue8fc' data-av_iconfont='entypo-fontello' title='' data-avia-related-tooltip='Compartir en LinkedIn' rel=\"noopener\"><span class='avia_hidden_link_text'>Compartir en LinkedIn<\/span><\/a><\/li><li class='av-share-link av-social-link-mail' ><a  aria-label=\"Compartir por correo\" href='mailto:?subject=Gremio%20de%20la%20construcci%C3%B3n%20y%20alcalde%20%28s%29%20de%20Guaitecas%20coordinan%20acciones%20para%20ayudar%20a%20vecinos%20de%20la%20comuna&#038;body=https:\/\/radiorevelacionfm.cl\/?p=4440' aria-hidden='false' data-av_icon='\ue805' data-av_iconfont='entypo-fontello' title='' data-avia-related-tooltip='Compartir por correo'><span class='avia_hidden_link_text'>Compartir por correo<\/span><\/a><\/li><\/ul><\/div><\/div>\n<div  style='height:50px' class='hr hr-invisible   avia-builder-el-8  el_after_av_social_share  el_before_av_comments_list '><span class='hr-inner ' ><span class='hr-inner-style'><\/span><\/span><\/div>\n<div  class='av-buildercomment  av-blog-meta-html-info-disabled av-blog-meta-tag-disabled  '><\/div>\n","protected":false},"excerpt":{"rendered":"","protected":false},"author":1,"featured_media":0,"comment_status":"open","ping_status":"open","sticky":false,"template":"","format":"standard","meta":{"footnotes":""},"categories":[38],"tags":[],"class_list":["post-4440","post","type-post","status-publish","format-standard","hentry","category-regional"],"jetpack_featured_media_url":"","_links":{"self":[{"href":"https:\/\/radiorevelacionfm.cl\/index.php?rest_route=\/wp\/v2\/posts\/4440","targetHints":{"allow":["GET"]}}],"collection":[{"href":"https:\/\/radiorevelacionfm.cl\/index.php?rest_route=\/wp\/v2\/posts"}],"about":[{"href":"https:\/\/radiorevelacionfm.cl\/index.php?rest_route=\/wp\/v2\/types\/post"}],"author":[{"embeddable":true,"href":"https:\/\/radiorevelacionfm.cl\/index.php?rest_route=\/wp\/v2\/users\/1"}],"replies":[{"embeddable":true,"href":"https:\/\/radiorevelacionfm.cl\/index.php?rest_route=%2Fwp%2Fv2%2Fcomments&post=4440"}],"version-history":[{"count":1,"href":"https:\/\/radiorevelacionfm.cl\/index.php?rest_route=\/wp\/v2\/posts\/4440\/revisions"}],"predecessor-version":[{"id":4442,"href":"https:\/\/radiorevelacionfm.cl\/index.php?rest_route=\/wp\/v2\/posts\/4440\/revisions\/4442"}],"wp:attachment":[{"href":"https:\/\/radiorevelacionfm.cl\/index.php?rest_route=%2Fwp%2Fv2%2Fmedia&parent=4440"}],"wp:term":[{"taxonomy":"category","embeddable":true,"href":"https:\/\/radiorevelacionfm.cl\/index.php?rest_route=%2Fwp%2Fv2%2Fcategories&post=4440"},{"taxonomy":"post_tag","embeddable":true,"href":"https:\/\/radiorevelacionfm.cl\/index.php?rest_route=%2Fwp%2Fv2%2Ftags&post=4440"}],"curies":[{"name":"wp","href":"https:\/\/api.w.org\/{rel}","templated":true}]}}