{"id":44399,"date":"2024-07-23T17:06:26","date_gmt":"2024-07-23T20:06:26","guid":{"rendered":"https:\/\/radiorevelacionfm.cl\/?p=44399"},"modified":"2024-07-23T17:06:26","modified_gmt":"2024-07-23T20:06:26","slug":"urologo-del-hospital-regional-coyhaique-presenta-estudio-sobre-vejiga-hiperactiva","status":"publish","type":"post","link":"https:\/\/radiorevelacionfm.cl\/?p=44399","title":{"rendered":"Ur\u00f3logo del Hospital Regional Coyhaique presenta estudio sobre Vejiga Hiperactiva"},"content":{"rendered":"<div class=\"flex_column av_one_full  flex_column_div av-zero-column-padding first  avia-builder-el-0  el_before_av_one_full  avia-builder-el-first  \" style='border-radius:0px; '><div  class='avia-image-container  av-styling-    avia-builder-el-1  avia-builder-el-no-sibling  avia-align-center '  itemprop=\"image\" itemscope=\"itemscope\" itemtype=\"https:\/\/schema.org\/ImageObject\"  ><div class='avia-image-container-inner'><div class='avia-image-overlay-wrap'><img decoding=\"async\" class='wp-image-44400 avia-img-lazy-loading-not-44400 avia_image' src=\"https:\/\/radiorevelacionfm.cl\/wp-content\/uploads\/2024\/07\/javier-munoz-estudio-1-1_optimized.jpg\" alt='' title='javier-mu\u00f1oz-estudio-1-(1)_optimized' height=\"600\" width=\"883\"  itemprop=\"thumbnailUrl\" srcset=\"https:\/\/radiorevelacionfm.cl\/wp-content\/uploads\/2024\/07\/javier-munoz-estudio-1-1_optimized.jpg 883w, https:\/\/radiorevelacionfm.cl\/wp-content\/uploads\/2024\/07\/javier-munoz-estudio-1-1_optimized-300x204.jpg 300w, https:\/\/radiorevelacionfm.cl\/wp-content\/uploads\/2024\/07\/javier-munoz-estudio-1-1_optimized-768x522.jpg 768w, https:\/\/radiorevelacionfm.cl\/wp-content\/uploads\/2024\/07\/javier-munoz-estudio-1-1_optimized-705x479.jpg 705w, https:\/\/radiorevelacionfm.cl\/wp-content\/uploads\/2024\/07\/javier-munoz-estudio-1-1_optimized-450x306.jpg 450w, https:\/\/radiorevelacionfm.cl\/wp-content\/uploads\/2024\/07\/javier-munoz-estudio-1-1_optimized-600x408.jpg 600w\" sizes=\"(max-width: 883px) 100vw, 883px\" \/><\/div><\/div><\/div><\/div><div class=\"flex_column av_one_full  flex_column_div av-zero-column-padding first  avia-builder-el-2  el_after_av_one_full  el_before_av_one_full  column-top-margin\" style='border-radius:0px; '><section class=\"av_textblock_section \"  itemscope=\"itemscope\" itemtype=\"https:\/\/schema.org\/BlogPosting\" itemprop=\"blogPost\" ><div class='avia_textblock  '   itemprop=\"text\" ><p style=\"text-align: center;\"><strong><span style=\"font-size: 18pt;\">Ur\u00f3logo del Hospital Regional Coyhaique presenta estudio sobre Vejiga Hiperactiva<\/span><\/strong><\/p>\n<div id=\"gtx-trans\" style=\"position: absolute; left: -50px; top: 4.31534px;\">\n<div class=\"gtx-trans-icon\"><\/div>\n<\/div>\n<\/div><\/section><\/div><div class=\"flex_column av_one_full  flex_column_div av-zero-column-padding first  avia-builder-el-4  el_after_av_one_full  el_before_av_hr  column-top-margin\" style='border-radius:0px; '><section class=\"av_textblock_section \"  itemscope=\"itemscope\" itemtype=\"https:\/\/schema.org\/BlogPosting\" itemprop=\"blogPost\" ><div class='avia_textblock  '   itemprop=\"text\" ><p style=\"text-align: justify;\"><em>Investigaci\u00f3n preliminar revela avances significativos en el tratamiento de la enfermedad.<\/em><\/p>\n<p style=\"text-align: justify;\">Un estudio innovador, liderado por Javier Mu\u00f1oz, ur\u00f3logo del Hospital Regional Coyhaique, present\u00f3 avances prometedores en lo que puede ser el tratamiento de las complicaciones asociadas a la enfermedad conocida como vejiga hiperactiva.<\/p>\n<p style=\"text-align: justify;\">Los resultados del estudio, titulado \u201cEstimulaci\u00f3n tibial posterior a demanda durante urodinamia en el manejo de vejiga hiperactiva\u201d, que ya fueron aceptados y publicados en la Revista Chilena de Urolog\u00eda, muestran una oportunidad de mejora en el tratamiento, comprensi\u00f3n y mejora en la calidad de vida de los pacientes diagnosticados con esta condici\u00f3n, que dan cuenta del inter\u00e9s del especialista formado en piso p\u00e9lvico en el Hospital Cl\u00ednico de la Universidad de Chile.<\/p>\n<p style=\"text-align: justify;\">En palabras de Javier Mu\u00f1oz, la vejiga hiperactiva es un cuadro \u201cque se caracteriza por su principal s\u00edntoma, que es la urgi-incontinencia, que es ese deseo impostergable de tener que ir al ba\u00f1o. Habitualmente podemos controlar el momento en que quiero orinar de acuerdo a la situaci\u00f3n social en que estoy, etc. Sin embargo, hay un grupo de pacientes que no puede controlarlo\u201d.<\/p>\n<p style=\"text-align: justify;\">La importancia de la investigaci\u00f3n y los avances que puede suponer en su tratamiento es lo que releva Javier Mu\u00f1oz, \u201csi es que nuestros planteamientos son correctos, significa un cambio en algunos paradigmas. Un cambio en c\u00f3mo entendemos y funciona la enfermedad de vejiga hiperactiva, un cambio en c\u00f3mo entendemos que funciona la terapia de la neuroestimulaci\u00f3n, implica adem\u00e1s la posibilidad de crear nuevas terapias para urgi-incontinencia, menos invasivas, con menos efectos adversos. Y, adem\u00e1s, estos planteamientos pueden ser llevados hacia otras enfermedades que tienen alg\u00fan tipo de origen m\u00e1s o menos similar\u201d.<\/p>\n<p style=\"text-align: justify;\">Si bien los hallazgos y resultados de este estudio preliminar, realizado con pacientes de Coyhaique y Puerto Ays\u00e9n, son especialmente relevantes y prometedores, a su juicio se requiere ampliar el n\u00famero de usuarios para sacar conclusiones definitivas, en terapias que pueden ofrecer nuevas esperanzas y posibilidades de tratamiento \u201clos resultados son contundentes. Sin embargo, el volumen de pacientes sigue siendo bajo, no es un volumen alto. En medicina, en general, cuando uno quiere sacar conclusiones irrefutables, se necesitan estudios de alta cantidad de pacientes. Lamentablemente, por las condiciones que tenemos en la regi\u00f3n, el n\u00famero de personas que somos, y la complejidad que tiene este examen no es tan f\u00e1cil obtener un n\u00famero tan concluyente\u201d.<\/p>\n<p style=\"text-align: justify;\">Para el profesional \u201ceste estudio marca un punto de inflexi\u00f3n en c\u00f3mo entendemos y tratamos las enfermedades de la vejiga. Nuestros resultados preliminares son muy alentadores y podr\u00edan transformar radicalmente la atenci\u00f3n m\u00e9dica en este campo\u00bb, lo que tambi\u00e9n ha sido reconocido tras ser confirmado para exponer la investigaci\u00f3n en el pr\u00f3ximo Congreso de la Sociedad Internacional de Continencia (ICS) que se realizar\u00e1 en Madrid en el mes de octubre, espacio en el que se discuten y exponen las mejores, m\u00e1s nuevas y avanzadas t\u00e9cnicas para el estudio y tratamiento de los trastornos del piso p\u00e9lvico, incontinencia urinaria, el prolapso p\u00e9lvico entre otras enfermedades y trastornos urol\u00f3gicos para mostrar el impacto potencial de este estudio realizado en la regi\u00f3n de Ays\u00e9n por profesionales del Hospital Regional Coyhaique.<\/p>\n<p style=\"text-align: justify;\">Este estudio no solo busca avanzar en el tratamiento de la vejiga hiperactiva, sino tambi\u00e9n subrayar la importancia de la investigaci\u00f3n local y la colaboraci\u00f3n entre los profesionales de la salud en el principal recinto hospitalario de la regi\u00f3n de Ays\u00e9n.<\/p>\n<p style=\"text-align: justify;\">En efecto, Joaqu\u00edn Garc\u00eda, jefe del Servicio de Urolog\u00eda del Hospital Regional Coyhaique, tambi\u00e9n integrante de la investigaci\u00f3n, resalt\u00f3 el trabajo que ha venido impulsando y liderando Javier Mu\u00f1oz \u201cla vejiga hiperactiva es una patolog\u00eda bastante frecuente que afecta el 10% de la poblaci\u00f3n aproximadamente y uno de los tratamientos es la neuroestimulaci\u00f3n del tibial posterior y en base a esto \u00e9l ha trabajado en hacer esta estimulaci\u00f3n a demanda con lo que se evita el uso de medicamentos, se evita el uso de otras estrategias de tratamiento que son hoy d\u00eda de primera l\u00ednea y ha tenido una muy buena recepci\u00f3n por los pacientes, han tenido una muy buena respuesta\u201d.<\/p>\n<p style=\"text-align: justify;\">Finalmente, Garc\u00eda se\u00f1al\u00f3 que con esta nueva l\u00ednea de tratamiento propuesta en la investigaci\u00f3n \u201ccreemos que va en una muy buena l\u00ednea, muy novedosa, como no se hace en otras partes del mundo en este <em>setting<\/em>, usado a demanda, cuando el paciente tiene el problema en el minuto. Por lo tanto, tenemos la esperanza que esto se transforme o pueda escalar y transformarse en un manejo de primera l\u00ednea, con lo cual ser\u00eda un buen aporte acad\u00e9mico y cient\u00edfico, no solo para los pacientes de la regi\u00f3n, sino que ojal\u00e1 para los pacientes de todo Chile\u201d.<\/p>\n<\/div><\/section><\/div><div  style='height:50px' class='hr hr-invisible   avia-builder-el-6  el_after_av_one_full  el_before_av_social_share '><span class='hr-inner ' ><span class='hr-inner-style'><\/span><\/span><\/div><\/p>\n<div  class='av-social-sharing-box  avia-builder-el-7  el_after_av_hr  el_before_av_hr  '><div class='av-share-box'><h5 class='av-share-link-description av-no-toc '>Compartir esta noticia<\/h5><ul class='av-share-box-list noLightbox'><li class='av-share-link av-social-link-facebook' ><a target=\"_blank\" aria-label=\"Compartir en Facebook\" href='https:\/\/www.facebook.com\/sharer.php?u=https:\/\/radiorevelacionfm.cl\/?p=44399&#038;t=Ur%C3%B3logo%20del%20Hospital%20Regional%20Coyhaique%20presenta%20estudio%20sobre%20Vejiga%20Hiperactiva' aria-hidden='false' data-av_icon='\ue8f3' data-av_iconfont='entypo-fontello' title='' data-avia-related-tooltip='Compartir en Facebook' rel=\"noopener\"><span class='avia_hidden_link_text'>Compartir en Facebook<\/span><\/a><\/li><li class='av-share-link av-social-link-twitter' ><a target=\"_blank\" aria-label=\"Compartir en Twitter\" href='https:\/\/twitter.com\/share?text=Ur%C3%B3logo%20del%20Hospital%20Regional%20Coyhaique%20presenta%20estudio%20sobre%20Vejiga%20Hiperactiva&#038;url=https:\/\/radiorevelacionfm.cl\/?p=44399' aria-hidden='false' data-av_icon='\ue8f1' data-av_iconfont='entypo-fontello' title='' data-avia-related-tooltip='Compartir en Twitter' rel=\"noopener\"><span class='avia_hidden_link_text'>Compartir en Twitter<\/span><\/a><\/li><li class='av-share-link av-social-link-whatsapp' ><a target=\"_blank\" aria-label=\"Compartir en Whatsapp\" href='https:\/\/api.whatsapp.com\/send?text=https:\/\/radiorevelacionfm.cl\/?p=44399' aria-hidden='false' data-av_icon='\uf232' data-av_iconfont='entypo-fontello' title='' data-avia-related-tooltip='Compartir en Whatsapp' rel=\"noopener\"><span class='avia_hidden_link_text'>Compartir en Whatsapp<\/span><\/a><\/li><li class='av-share-link av-social-link-linkedin' ><a target=\"_blank\" aria-label=\"Compartir en LinkedIn\" href='https:\/\/linkedin.com\/shareArticle?mini=true&#038;title=Ur%C3%B3logo%20del%20Hospital%20Regional%20Coyhaique%20presenta%20estudio%20sobre%20Vejiga%20Hiperactiva&#038;url=https:\/\/radiorevelacionfm.cl\/?p=44399' aria-hidden='false' data-av_icon='\ue8fc' data-av_iconfont='entypo-fontello' title='' data-avia-related-tooltip='Compartir en LinkedIn' rel=\"noopener\"><span class='avia_hidden_link_text'>Compartir en LinkedIn<\/span><\/a><\/li><li class='av-share-link av-social-link-mail' ><a  aria-label=\"Compartir por correo\" href='mailto:?subject=Ur%C3%B3logo%20del%20Hospital%20Regional%20Coyhaique%20presenta%20estudio%20sobre%20Vejiga%20Hiperactiva&#038;body=https:\/\/radiorevelacionfm.cl\/?p=44399' aria-hidden='false' data-av_icon='\ue805' data-av_iconfont='entypo-fontello' title='' data-avia-related-tooltip='Compartir por correo'><span class='avia_hidden_link_text'>Compartir por correo<\/span><\/a><\/li><\/ul><\/div><\/div>\n<div  style='height:50px' class='hr hr-invisible   avia-builder-el-8  el_after_av_social_share  el_before_av_comments_list '><span class='hr-inner ' ><span class='hr-inner-style'><\/span><\/span><\/div>\n<div  class='av-buildercomment  av-blog-meta-html-info-disabled av-blog-meta-tag-disabled  '><\/div>\n","protected":false},"excerpt":{"rendered":"","protected":false},"author":1,"featured_media":44400,"comment_status":"open","ping_status":"open","sticky":false,"template":"","format":"standard","meta":{"footnotes":""},"categories":[46],"tags":[],"class_list":["post-44399","post","type-post","status-publish","format-standard","has-post-thumbnail","hentry","category-salud"],"jetpack_featured_media_url":"https:\/\/radiorevelacionfm.cl\/wp-content\/uploads\/2024\/07\/javier-munoz-estudio-1-1_optimized.jpg","_links":{"self":[{"href":"https:\/\/radiorevelacionfm.cl\/index.php?rest_route=\/wp\/v2\/posts\/44399","targetHints":{"allow":["GET"]}}],"collection":[{"href":"https:\/\/radiorevelacionfm.cl\/index.php?rest_route=\/wp\/v2\/posts"}],"about":[{"href":"https:\/\/radiorevelacionfm.cl\/index.php?rest_route=\/wp\/v2\/types\/post"}],"author":[{"embeddable":true,"href":"https:\/\/radiorevelacionfm.cl\/index.php?rest_route=\/wp\/v2\/users\/1"}],"replies":[{"embeddable":true,"href":"https:\/\/radiorevelacionfm.cl\/index.php?rest_route=%2Fwp%2Fv2%2Fcomments&post=44399"}],"version-history":[{"count":1,"href":"https:\/\/radiorevelacionfm.cl\/index.php?rest_route=\/wp\/v2\/posts\/44399\/revisions"}],"predecessor-version":[{"id":44401,"href":"https:\/\/radiorevelacionfm.cl\/index.php?rest_route=\/wp\/v2\/posts\/44399\/revisions\/44401"}],"wp:featuredmedia":[{"embeddable":true,"href":"https:\/\/radiorevelacionfm.cl\/index.php?rest_route=\/wp\/v2\/media\/44400"}],"wp:attachment":[{"href":"https:\/\/radiorevelacionfm.cl\/index.php?rest_route=%2Fwp%2Fv2%2Fmedia&parent=44399"}],"wp:term":[{"taxonomy":"category","embeddable":true,"href":"https:\/\/radiorevelacionfm.cl\/index.php?rest_route=%2Fwp%2Fv2%2Fcategories&post=44399"},{"taxonomy":"post_tag","embeddable":true,"href":"https:\/\/radiorevelacionfm.cl\/index.php?rest_route=%2Fwp%2Fv2%2Ftags&post=44399"}],"curies":[{"name":"wp","href":"https:\/\/api.w.org\/{rel}","templated":true}]}}