{"id":44395,"date":"2024-07-23T15:52:39","date_gmt":"2024-07-23T18:52:39","guid":{"rendered":"https:\/\/radiorevelacionfm.cl\/?p=44395"},"modified":"2024-07-23T16:57:30","modified_gmt":"2024-07-23T19:57:30","slug":"inedito-en-chile-formacion-en-violencia-de-genero-para-carabineros-de-coyhaique-contara-con-modulo-de-simulacion-clinica","status":"publish","type":"post","link":"https:\/\/radiorevelacionfm.cl\/?p=44395","title":{"rendered":"In\u00e9dito en Chile: Formaci\u00f3n en violencia de g\u00e9nero para Carabineros de Coyhaique contar\u00e1 con m\u00f3dulo de simulaci\u00f3n cl\u00ednica"},"content":{"rendered":"<div class=\"flex_column av_one_full  flex_column_div av-zero-column-padding first  avia-builder-el-0  el_before_av_one_full  avia-builder-el-first  \" style='border-radius:0px; '><div  class='avia-image-container  av-styling-    avia-builder-el-1  avia-builder-el-no-sibling  avia-align-center '  itemprop=\"image\" itemscope=\"itemscope\" itemtype=\"https:\/\/schema.org\/ImageObject\"  ><div class='avia-image-container-inner'><div class='avia-image-overlay-wrap'><img decoding=\"async\" class='wp-image-44396 avia-img-lazy-loading-not-44396 avia_image' src=\"https:\/\/radiorevelacionfm.cl\/wp-content\/uploads\/2024\/07\/Capacitaciones-1-1-1.jpg\" alt='' title='Capacitaciones 1 (1) (1)' height=\"600\" width=\"898\"  itemprop=\"thumbnailUrl\" srcset=\"https:\/\/radiorevelacionfm.cl\/wp-content\/uploads\/2024\/07\/Capacitaciones-1-1-1.jpg 898w, https:\/\/radiorevelacionfm.cl\/wp-content\/uploads\/2024\/07\/Capacitaciones-1-1-1-300x200.jpg 300w, https:\/\/radiorevelacionfm.cl\/wp-content\/uploads\/2024\/07\/Capacitaciones-1-1-1-768x513.jpg 768w, https:\/\/radiorevelacionfm.cl\/wp-content\/uploads\/2024\/07\/Capacitaciones-1-1-1-705x471.jpg 705w, https:\/\/radiorevelacionfm.cl\/wp-content\/uploads\/2024\/07\/Capacitaciones-1-1-1-450x301.jpg 450w, https:\/\/radiorevelacionfm.cl\/wp-content\/uploads\/2024\/07\/Capacitaciones-1-1-1-600x401.jpg 600w\" sizes=\"(max-width: 898px) 100vw, 898px\" \/><\/div><\/div><\/div><\/div>\n<div class=\"flex_column av_one_full  flex_column_div av-zero-column-padding first  avia-builder-el-2  el_after_av_one_full  el_before_av_one_full  column-top-margin\" style='border-radius:0px; '><section class=\"av_textblock_section \"  itemscope=\"itemscope\" itemtype=\"https:\/\/schema.org\/BlogPosting\" itemprop=\"blogPost\" ><div class='avia_textblock  '   itemprop=\"text\" ><p style=\"text-align: center;\"><strong><span style=\"font-size: 18pt;\">In\u00e9dito en Chile: Formaci\u00f3n en violencia de g\u00e9nero para Carabineros de Coyhaique contar\u00e1 con m\u00f3dulo de simulaci\u00f3n cl\u00ednica<\/span><\/strong><\/p>\n<div id=\"gtx-trans\" style=\"position: absolute; left: -50px; top: 4.31534px;\">\n<div class=\"gtx-trans-icon\"><\/div>\n<\/div>\n<\/div><\/section><\/div>\n<div class=\"flex_column av_one_full  flex_column_div av-zero-column-padding first  avia-builder-el-4  el_after_av_one_full  el_before_av_hr  column-top-margin\" style='border-radius:0px; '><section class=\"av_textblock_section \"  itemscope=\"itemscope\" itemtype=\"https:\/\/schema.org\/BlogPosting\" itemprop=\"blogPost\" ><div class='avia_textblock  '   itemprop=\"text\" ><p style=\"text-align: justify;\">En el marco de las capacitaciones y formaci\u00f3n a Carabineros por parte del Ministerio de la Mujer y la Equidad de G\u00e9nero, representado en Ays\u00e9n por la Seremi Andrea M\u00e9ndez Valenzuela, desde la Direcci\u00f3n Regional Servicio Nacional de la Mujer y Equidad de G\u00e9nero (SernamEG) se levant\u00f3 una iniciativa en conjunto con la instituci\u00f3n policial y la Universidad de Ays\u00e9n, que involucra al Centro de Simulaci\u00f3n Cl\u00ednica de la casa de estudios en una innovadora instancia en materia de atenci\u00f3n primaria a v\u00edctimas de violencia de g\u00e9nero.<\/p>\n<p style=\"text-align: justify;\">Se trata de un programa piloto de formaci\u00f3n que cuenta con clases te\u00f3ricas, donde las y los carabineros podr\u00e1n aprender y reforzar conceptos b\u00e1sicos sobre g\u00e9nero y primera atenci\u00f3n, y tambi\u00e9n con m\u00f3dulos pr\u00e1cticos donde, a trav\u00e9s de la metodolog\u00eda de simulaci\u00f3n cl\u00ednica, las y los funcionarios policiales se desenvolver\u00e1n en escenarios ver\u00eddicos de casos de denuncias de violencia, en una sala ambientada como una comisar\u00eda y con actrices profesionales que interpretar\u00e1n a v\u00edctimas.<\/p>\n<p style=\"text-align: justify;\">En ese sentido, la Seremi Andrea M\u00e9ndez destac\u00f3 y valor\u00f3 el trabajo colaborativo que est\u00e1 realizando SernamEG y la universidad regional, que busca reforzar las competencias, habilidades y los conocimientos de Carabineros. \u201cCon esto avanzamos en fortalecer la respuesta que el Estado le entrega a las mujeres sobrevivientes de violencia por razones de g\u00e9nero. Como Ministerio de la Mujer, y en representaci\u00f3n del Presidente Gabriel Boric, creemos que el ejercicio de prevenci\u00f3n y reparaci\u00f3n de la violencia contra las mujeres nos convoca a todos y todas, y este tipo de iniciativas van justamente en dicha l\u00ednea\u201d, se\u00f1al\u00f3.<\/p>\n<p style=\"text-align: justify;\">De esta manera, el Centro de Simulaci\u00f3n Cl\u00ednica de la Universidad de Ays\u00e9n, reconocido por su excelencia en la ense\u00f1anza de profesionales de la salud, trabajar\u00e1 en esta ocasi\u00f3n con programas de capacitaci\u00f3n espec\u00edficamente dise\u00f1ados para las necesidades y desaf\u00edos que enfrentan los funcionarios de Carabineros en esta materia. Adem\u00e1s, este curso tributar\u00e1 cr\u00e9ditos acad\u00e9micos para quienes lo lleven a cabo, permiti\u00e9ndoles certificarse de manera oficial por la casa de estudios y aportando a la formaci\u00f3n de sus carreras policiales.<\/p>\n<p style=\"text-align: justify;\">\u201cEstar apoyando y estar impulsando esta iniciativa es tremendamente relevante, porque es un proceso de formaci\u00f3n, con horas acad\u00e9micas, en una universidad p\u00fablica como lo es la Universidad de Ays\u00e9n, que va a permitir generar una instancia de conocimiento, aprendizaje y reflexi\u00f3n con Carabineros en torno al tema de g\u00e9nero y la violencia contra la mujer. Esto, en el marco y el contexto de la funci\u00f3n y el importante rol que cumplen las y los carabineros a la hora de la toma de las denuncias\u201d, explic\u00f3 la Directora Regional de SernamEG Ays\u00e9n, Patricia Baeza Cabezas, quien espera que su idea pueda replicarse luego, de acuerdo a los resultados que obtenga, en otras regiones del pa\u00eds.<\/p>\n<p style=\"text-align: justify;\">Por su parte, el encargado del Centro de Simulaci\u00f3n Cl\u00ednica de la Universidad de Ays\u00e9n, Carlos Pacheco Pacheco, dijo que su departamento \u201cse enorgullece de ser parte de este importante proyecto. Nuestras instalaciones y programas est\u00e1n dise\u00f1ados para ofrecer una formaci\u00f3n pr\u00e1ctica y de alta calidad, que sin duda ser\u00e1 de gran beneficio para los y las funcionarias de Carabineros\u201d.<\/p>\n<p style=\"text-align: justify;\">Mientras, desde la instituci\u00f3n que est\u00e1 recibiendo esta capacitaci\u00f3n, el coronel de Carabineros Richard Guti\u00e9rrez Lamilla recalc\u00f3 que esta es una \u201cen la Regi\u00f3n de Ays\u00e9n se dan muchas denuncias de violencia intrafamiliar, tenemos 600 casos aproximadamente que se han generado durante el presente a\u00f1o, y como nosotros somos el primer eslab\u00f3n, los primeros en llegar a un determinado evento, qu\u00e9 mejor que tener gente preparada\u201d.<\/p>\n<p style=\"text-align: justify;\"><strong>\u00a0<\/strong><\/p>\n<p style=\"text-align: justify;\"><strong>\u00a0<\/strong><\/p>\n<p style=\"text-align: justify;\"><strong>\u00a0<\/strong><\/p>\n<p style=\"text-align: justify;\"><strong>\u00a0<\/strong><\/p>\n<p style=\"text-align: justify;\"><strong>\u00a0<\/strong><\/p>\n<\/div><\/section><\/div><div  style='height:50px' class='hr hr-invisible   avia-builder-el-6  el_after_av_one_full  el_before_av_social_share '><span class='hr-inner ' ><span class='hr-inner-style'><\/span><\/span><\/div><\/p>\n<div  class='av-social-sharing-box  avia-builder-el-7  el_after_av_hr  el_before_av_hr  '><div class='av-share-box'><h5 class='av-share-link-description av-no-toc '>Compartir esta noticia<\/h5><ul class='av-share-box-list noLightbox'><li class='av-share-link av-social-link-facebook' ><a target=\"_blank\" aria-label=\"Compartir en Facebook\" href='https:\/\/www.facebook.com\/sharer.php?u=https:\/\/radiorevelacionfm.cl\/?p=44395&#038;t=In%C3%A9dito%20en%20Chile%3A%20Formaci%C3%B3n%20en%20violencia%20de%20g%C3%A9nero%20para%20Carabineros%20de%20Coyhaique%20contar%C3%A1%20con%20m%C3%B3dulo%20de%20simulaci%C3%B3n%20cl%C3%ADnica' aria-hidden='false' data-av_icon='\ue8f3' data-av_iconfont='entypo-fontello' title='' data-avia-related-tooltip='Compartir en Facebook' rel=\"noopener\"><span class='avia_hidden_link_text'>Compartir en Facebook<\/span><\/a><\/li><li class='av-share-link av-social-link-twitter' ><a target=\"_blank\" aria-label=\"Compartir en Twitter\" href='https:\/\/twitter.com\/share?text=In%C3%A9dito%20en%20Chile%3A%20Formaci%C3%B3n%20en%20violencia%20de%20g%C3%A9nero%20para%20Carabineros%20de%20Coyhaique%20contar%C3%A1%20con%20m%C3%B3dulo%20de%20simulaci%C3%B3n%20cl%C3%ADnica&#038;url=https:\/\/radiorevelacionfm.cl\/?p=44395' aria-hidden='false' data-av_icon='\ue8f1' data-av_iconfont='entypo-fontello' title='' data-avia-related-tooltip='Compartir en Twitter' rel=\"noopener\"><span class='avia_hidden_link_text'>Compartir en Twitter<\/span><\/a><\/li><li class='av-share-link av-social-link-whatsapp' ><a target=\"_blank\" aria-label=\"Compartir en Whatsapp\" href='https:\/\/api.whatsapp.com\/send?text=https:\/\/radiorevelacionfm.cl\/?p=44395' aria-hidden='false' data-av_icon='\uf232' data-av_iconfont='entypo-fontello' title='' data-avia-related-tooltip='Compartir en Whatsapp' rel=\"noopener\"><span class='avia_hidden_link_text'>Compartir en Whatsapp<\/span><\/a><\/li><li class='av-share-link av-social-link-linkedin' ><a target=\"_blank\" aria-label=\"Compartir en LinkedIn\" href='https:\/\/linkedin.com\/shareArticle?mini=true&#038;title=In%C3%A9dito%20en%20Chile%3A%20Formaci%C3%B3n%20en%20violencia%20de%20g%C3%A9nero%20para%20Carabineros%20de%20Coyhaique%20contar%C3%A1%20con%20m%C3%B3dulo%20de%20simulaci%C3%B3n%20cl%C3%ADnica&#038;url=https:\/\/radiorevelacionfm.cl\/?p=44395' aria-hidden='false' data-av_icon='\ue8fc' data-av_iconfont='entypo-fontello' title='' data-avia-related-tooltip='Compartir en LinkedIn' rel=\"noopener\"><span class='avia_hidden_link_text'>Compartir en LinkedIn<\/span><\/a><\/li><li class='av-share-link av-social-link-mail' ><a  aria-label=\"Compartir por correo\" href='mailto:?subject=In%C3%A9dito%20en%20Chile%3A%20Formaci%C3%B3n%20en%20violencia%20de%20g%C3%A9nero%20para%20Carabineros%20de%20Coyhaique%20contar%C3%A1%20con%20m%C3%B3dulo%20de%20simulaci%C3%B3n%20cl%C3%ADnica&#038;body=https:\/\/radiorevelacionfm.cl\/?p=44395' aria-hidden='false' data-av_icon='\ue805' data-av_iconfont='entypo-fontello' title='' data-avia-related-tooltip='Compartir por correo'><span class='avia_hidden_link_text'>Compartir por correo<\/span><\/a><\/li><\/ul><\/div><\/div>\n<div  style='height:50px' class='hr hr-invisible   avia-builder-el-8  el_after_av_social_share  el_before_av_comments_list '><span class='hr-inner ' ><span class='hr-inner-style'><\/span><\/span><\/div>\n<div  class='av-buildercomment  av-blog-meta-html-info-disabled av-blog-meta-tag-disabled  '><\/div>\n","protected":false},"excerpt":{"rendered":"","protected":false},"author":1,"featured_media":44396,"comment_status":"open","ping_status":"open","sticky":false,"template":"","format":"standard","meta":{"footnotes":""},"categories":[38],"tags":[],"class_list":["post-44395","post","type-post","status-publish","format-standard","has-post-thumbnail","hentry","category-regional"],"jetpack_featured_media_url":"https:\/\/radiorevelacionfm.cl\/wp-content\/uploads\/2024\/07\/Capacitaciones-1-1-1.jpg","_links":{"self":[{"href":"https:\/\/radiorevelacionfm.cl\/index.php?rest_route=\/wp\/v2\/posts\/44395","targetHints":{"allow":["GET"]}}],"collection":[{"href":"https:\/\/radiorevelacionfm.cl\/index.php?rest_route=\/wp\/v2\/posts"}],"about":[{"href":"https:\/\/radiorevelacionfm.cl\/index.php?rest_route=\/wp\/v2\/types\/post"}],"author":[{"embeddable":true,"href":"https:\/\/radiorevelacionfm.cl\/index.php?rest_route=\/wp\/v2\/users\/1"}],"replies":[{"embeddable":true,"href":"https:\/\/radiorevelacionfm.cl\/index.php?rest_route=%2Fwp%2Fv2%2Fcomments&post=44395"}],"version-history":[{"count":2,"href":"https:\/\/radiorevelacionfm.cl\/index.php?rest_route=\/wp\/v2\/posts\/44395\/revisions"}],"predecessor-version":[{"id":44398,"href":"https:\/\/radiorevelacionfm.cl\/index.php?rest_route=\/wp\/v2\/posts\/44395\/revisions\/44398"}],"wp:featuredmedia":[{"embeddable":true,"href":"https:\/\/radiorevelacionfm.cl\/index.php?rest_route=\/wp\/v2\/media\/44396"}],"wp:attachment":[{"href":"https:\/\/radiorevelacionfm.cl\/index.php?rest_route=%2Fwp%2Fv2%2Fmedia&parent=44395"}],"wp:term":[{"taxonomy":"category","embeddable":true,"href":"https:\/\/radiorevelacionfm.cl\/index.php?rest_route=%2Fwp%2Fv2%2Fcategories&post=44395"},{"taxonomy":"post_tag","embeddable":true,"href":"https:\/\/radiorevelacionfm.cl\/index.php?rest_route=%2Fwp%2Fv2%2Ftags&post=44395"}],"curies":[{"name":"wp","href":"https:\/\/api.w.org\/{rel}","templated":true}]}}