{"id":44392,"date":"2024-07-23T13:40:24","date_gmt":"2024-07-23T16:40:24","guid":{"rendered":"https:\/\/radiorevelacionfm.cl\/?p=44392"},"modified":"2024-07-23T13:40:24","modified_gmt":"2024-07-23T16:40:24","slug":"invitan-a-ser-parte-de-caption-fest-el-festival-de-fotografia-mas-austral-del-mundo-que-se-realizara-en-chile-chico","status":"publish","type":"post","link":"https:\/\/radiorevelacionfm.cl\/?p=44392","title":{"rendered":"Invitan a ser parte de CAPTION FEST el Festival de Fotograf\u00eda m\u00e1s austral del mundo que se realizar\u00e1 en Chile Chico"},"content":{"rendered":"<div class=\"flex_column av_one_full  flex_column_div av-zero-column-padding first  avia-builder-el-0  el_before_av_one_full  avia-builder-el-first  \" style='border-radius:0px; '><div  class='avia-image-container  av-styling-    avia-builder-el-1  avia-builder-el-no-sibling  avia-align-center '  itemprop=\"image\" itemscope=\"itemscope\" itemtype=\"https:\/\/schema.org\/ImageObject\"  ><div class='avia-image-container-inner'><div class='avia-image-overlay-wrap'><img decoding=\"async\" class='wp-image-44393 avia-img-lazy-loading-not-44393 avia_image' src=\"https:\/\/radiorevelacionfm.cl\/wp-content\/uploads\/2024\/07\/anuncio-3-julio-ig-1-1_optimized-1.jpg\" alt='' title='anuncio-3-julio-ig-(1)-(1)_optimized (1)' height=\"800\" width=\"800\"  itemprop=\"thumbnailUrl\" srcset=\"https:\/\/radiorevelacionfm.cl\/wp-content\/uploads\/2024\/07\/anuncio-3-julio-ig-1-1_optimized-1.jpg 800w, https:\/\/radiorevelacionfm.cl\/wp-content\/uploads\/2024\/07\/anuncio-3-julio-ig-1-1_optimized-1-300x300.jpg 300w, https:\/\/radiorevelacionfm.cl\/wp-content\/uploads\/2024\/07\/anuncio-3-julio-ig-1-1_optimized-1-80x80.jpg 80w, https:\/\/radiorevelacionfm.cl\/wp-content\/uploads\/2024\/07\/anuncio-3-julio-ig-1-1_optimized-1-768x768.jpg 768w, https:\/\/radiorevelacionfm.cl\/wp-content\/uploads\/2024\/07\/anuncio-3-julio-ig-1-1_optimized-1-36x36.jpg 36w, https:\/\/radiorevelacionfm.cl\/wp-content\/uploads\/2024\/07\/anuncio-3-julio-ig-1-1_optimized-1-180x180.jpg 180w, https:\/\/radiorevelacionfm.cl\/wp-content\/uploads\/2024\/07\/anuncio-3-julio-ig-1-1_optimized-1-705x705.jpg 705w, https:\/\/radiorevelacionfm.cl\/wp-content\/uploads\/2024\/07\/anuncio-3-julio-ig-1-1_optimized-1-120x120.jpg 120w, https:\/\/radiorevelacionfm.cl\/wp-content\/uploads\/2024\/07\/anuncio-3-julio-ig-1-1_optimized-1-450x450.jpg 450w, https:\/\/radiorevelacionfm.cl\/wp-content\/uploads\/2024\/07\/anuncio-3-julio-ig-1-1_optimized-1-600x600.jpg 600w, https:\/\/radiorevelacionfm.cl\/wp-content\/uploads\/2024\/07\/anuncio-3-julio-ig-1-1_optimized-1-100x100.jpg 100w\" sizes=\"(max-width: 800px) 100vw, 800px\" \/><\/div><\/div><\/div><\/div><div class=\"flex_column av_one_full  flex_column_div av-zero-column-padding first  avia-builder-el-2  el_after_av_one_full  el_before_av_one_full  column-top-margin\" style='border-radius:0px; '><section class=\"av_textblock_section \"  itemscope=\"itemscope\" itemtype=\"https:\/\/schema.org\/BlogPosting\" itemprop=\"blogPost\" ><div class='avia_textblock  '   itemprop=\"text\" ><p style=\"text-align: center;\"><span style=\"font-size: 18pt;\"><strong>Invitan a ser parte de CAPTION FEST el Festival de Fotograf\u00eda m\u00e1s austral del mundo que se realizar\u00e1 en Chile Chico<\/strong><\/span><\/p>\n<div id=\"gtx-trans\" style=\"position: absolute; left: -50px; top: 4.31534px;\">\n<div class=\"gtx-trans-icon\"><\/div>\n<\/div>\n<\/div><\/section><\/div><div class=\"flex_column av_one_full  flex_column_div av-zero-column-padding first  avia-builder-el-4  el_after_av_one_full  el_before_av_hr  column-top-margin\" style='border-radius:0px; '><section class=\"av_textblock_section \"  itemscope=\"itemscope\" itemtype=\"https:\/\/schema.org\/BlogPosting\" itemprop=\"blogPost\" ><div class='avia_textblock  '   itemprop=\"text\" ><p style=\"text-align: justify;\"><em>El encuentro se efectuar\u00e1 del 12 al 15 de agosto de 2024 y ser\u00e1 una oportunidad \u00fanica para escuchar conferencistas internacionales y participar en talleres especializados. La primera etapa de este evento se efectu\u00f3 en abril con la activa participaci\u00f3n de la comunidad.<\/em><\/p>\n<p style=\"text-align: justify;\">Ya se encuentra todo preparado para la realizaci\u00f3n de <strong>CAPTION Fest, Miradas Capturadas: Encuentro de Fotograf\u00eda Impresa del Conf\u00edn del Mundo<\/strong>, que tendr\u00e1 lugar desde el <strong>12 al 15 de Agosto<\/strong> de este a\u00f1o en <strong>Chile Chico, Regi\u00f3n de Ays\u00e9n<\/strong>.<\/p>\n<p style=\"text-align: justify;\">La iniciativa tiene como objetivo hacer converger en este espacio territorial que es de dif\u00edcil acceso del sur de Chile, una experiencia vivencial de mediaci\u00f3n cultural. \u201cLos festivales y encuentros de fotograf\u00eda se hacen en las grandes ciudades, y para expertos\u201d dice un precepto no escrito, ello, porque estas urbes disponen de soporte hotelero, gastron\u00f3mico y accesibilidad a los participantes al evento.<\/p>\n<p style=\"text-align: justify;\">\u00bfY qu\u00e9 queda para las ciudades peque\u00f1as y de dif\u00edcil acceso? Por ello se defini\u00f3 desarrollar este evento en Chile Chico y as\u00ed llevar diferentes instancias de acercamiento a la fotograf\u00eda como lenguaje gr\u00e1fico, promocionando la disciplina, y por sobre todo la puesta en valor de \u201cla foto\u201d como objeto tangible, arte impreso y soporte de los diferentes profesionales del oficio.<\/p>\n<p style=\"text-align: justify;\">CAPTION Fest es un proyecto financiado por el FONDART Regional convocatoria 2024: Organizaci\u00f3n de Muestras, Ferias, Encuentros y Festivales Emergentes, Folio: 705266.<\/p>\n<p style=\"text-align: justify;\"><strong>Programa<\/strong><\/p>\n<p style=\"text-align: justify;\">Durante el evento se efectuar\u00e1n conferencias, talleres, conversatorios y sesiones fotogr\u00e1ficas, entre otras actividades.<\/p>\n<p style=\"text-align: justify;\">La ceremonia inaugural tendr\u00e1 lugar el lunes 12 de agosto al mediod\u00eda en la Casa de la Cultura, lugar desde el cual se dar\u00e1 inicio en la tarde (15:00 horas) a la caminata fotogr\u00e1fica \u00abAprendiendo a Mirar\u00bb, a cargo del fot\u00f3grafo Patricio Baeza y que buscar\u00e1 recorrer con c\u00e1mara en mano distintos rincones de Chile Chico presentando a la ciudad desde una mirada distinta.<\/p>\n<p style=\"text-align: justify;\">Los talleres que se desarrollar\u00e1n son \u201cCambuchos\u201d con Jos\u00e9 Luis Rissetti; \u201cCianotipia\u201d con Marcela Gonz\u00e1lez; y un taller educativo con estudiantes del Liceo Luisa Rabanal Palma guiado por Sebasti\u00e1n Pinto.<\/p>\n<p style=\"text-align: justify;\">Tambi\u00e9n se har\u00e1 un visionado de portafolios con la participaci\u00f3n de los fot\u00f3grafos Ignacio Izquierdo, Jorge Mar\u00edn, Marcela Gonz\u00e1lez y Mar\u00eda Cristina Raty.<\/p>\n<p style=\"text-align: justify;\">Este evento reunir\u00e1 a diversas editoriales que contar\u00e1n con muestras de libros de fotograf\u00eda que podr\u00e1n ser visitados en el hall del Liceo Bicentenario Luisa Rabanal Palma. Estar\u00e1n presentes el Archivo Fotogr\u00e1fico y Audiovisual de la Biblioteca Nacional de Chile, FIFV Ediciones, Nilo &amp; Nilo Editores y Taller Carta.<\/p>\n<p style=\"text-align: justify;\">Asimismo, se invita a la comunidad a una fotograf\u00eda masiva en la Plaza de Armas de Chile Chico, el 15 de agosto a las 12:00 horas.<\/p>\n<p style=\"text-align: justify;\"><strong>Actividades previas<\/strong><\/p>\n<p style=\"text-align: justify;\">Las primeras actividades en terreno tuvieron lugar en el mes de abril en Chile Chico, ocasi\u00f3n en que parte del equipo CAPTION viaj\u00f3 a la zona desde el 15 al 18 de abril, para efectuar talleres, videoconferencias, registro fotogr\u00e1fico en terreno y la inauguraci\u00f3n de la CAPTION Photo Gallery en el Liceo Bicentenario Luisa Rabanal Palma. Junto con ello se llevaron a cabo reuniones con las autoridades regionales y comunales.<\/p>\n<p style=\"text-align: justify;\">El productor general del Festival, Walter Blas, destac\u00f3 esta primera etapa. \u201cVenir a Chile Chico sobrepas\u00f3 todas las expectativas. Este primer acercamiento con las personas, con las comunidades, con las instituciones, nos permite proyectar lo que va a ser CAPTION Fest en agosto\u201d.<\/p>\n<p style=\"text-align: justify;\">Pamela Gallardo, encargada de la Casa de la Cultura de Chile Chico destac\u00f3 este encuentro, se\u00f1alando que \u201cva a servir para mostrarnos al mundo, va a abrir una ventana al turismo, va a abrir una ventana a los ojos de gente que jam\u00e1s piensa que existimos y mostrando nuestras maravillas a trav\u00e9s del lente de ustedes eso va a ser muy muy bueno\u201d.<\/p>\n<p style=\"text-align: justify;\">En tanto que Crist\u00f3bal Barcel\u00f3, Delegado Presidencial de la Provincia General Carrera, indic\u00f3 que el hecho de que \u201cse desarrolle este festival, no solamente en base a la fotograf\u00eda que es lo que se piensa al hablar de CAPTION Fest, sino que adem\u00e1s de eso se levante la memoria hist\u00f3rica, cultural, tradicional de la gente y que se pueda entrelazar con la fotograf\u00eda, creo que es lo fundamental\u201d.<\/p>\n<\/div><\/section><\/div><div  style='height:50px' class='hr hr-invisible   avia-builder-el-6  el_after_av_one_full  el_before_av_social_share '><span class='hr-inner ' ><span class='hr-inner-style'><\/span><\/span><\/div><\/p>\n<div  class='av-social-sharing-box  avia-builder-el-7  el_after_av_hr  el_before_av_hr  '><div class='av-share-box'><h5 class='av-share-link-description av-no-toc '>Compartir esta noticia<\/h5><ul class='av-share-box-list noLightbox'><li class='av-share-link av-social-link-facebook' ><a target=\"_blank\" aria-label=\"Compartir en Facebook\" href='https:\/\/www.facebook.com\/sharer.php?u=https:\/\/radiorevelacionfm.cl\/?p=44392&#038;t=Invitan%20a%20ser%20parte%20de%20CAPTION%20FEST%20el%20Festival%20de%20Fotograf%C3%ADa%20m%C3%A1s%20austral%20del%20mundo%20que%20se%20realizar%C3%A1%20en%20Chile%20Chico' aria-hidden='false' data-av_icon='\ue8f3' data-av_iconfont='entypo-fontello' title='' data-avia-related-tooltip='Compartir en Facebook' rel=\"noopener\"><span class='avia_hidden_link_text'>Compartir en Facebook<\/span><\/a><\/li><li class='av-share-link av-social-link-twitter' ><a target=\"_blank\" aria-label=\"Compartir en Twitter\" href='https:\/\/twitter.com\/share?text=Invitan%20a%20ser%20parte%20de%20CAPTION%20FEST%20el%20Festival%20de%20Fotograf%C3%ADa%20m%C3%A1s%20austral%20del%20mundo%20que%20se%20realizar%C3%A1%20en%20Chile%20Chico&#038;url=https:\/\/radiorevelacionfm.cl\/?p=44392' aria-hidden='false' data-av_icon='\ue8f1' data-av_iconfont='entypo-fontello' title='' data-avia-related-tooltip='Compartir en Twitter' rel=\"noopener\"><span class='avia_hidden_link_text'>Compartir en Twitter<\/span><\/a><\/li><li class='av-share-link av-social-link-whatsapp' ><a target=\"_blank\" aria-label=\"Compartir en Whatsapp\" href='https:\/\/api.whatsapp.com\/send?text=https:\/\/radiorevelacionfm.cl\/?p=44392' aria-hidden='false' data-av_icon='\uf232' data-av_iconfont='entypo-fontello' title='' data-avia-related-tooltip='Compartir en Whatsapp' rel=\"noopener\"><span class='avia_hidden_link_text'>Compartir en Whatsapp<\/span><\/a><\/li><li class='av-share-link av-social-link-linkedin' ><a target=\"_blank\" aria-label=\"Compartir en LinkedIn\" href='https:\/\/linkedin.com\/shareArticle?mini=true&#038;title=Invitan%20a%20ser%20parte%20de%20CAPTION%20FEST%20el%20Festival%20de%20Fotograf%C3%ADa%20m%C3%A1s%20austral%20del%20mundo%20que%20se%20realizar%C3%A1%20en%20Chile%20Chico&#038;url=https:\/\/radiorevelacionfm.cl\/?p=44392' aria-hidden='false' data-av_icon='\ue8fc' data-av_iconfont='entypo-fontello' title='' data-avia-related-tooltip='Compartir en LinkedIn' rel=\"noopener\"><span class='avia_hidden_link_text'>Compartir en LinkedIn<\/span><\/a><\/li><li class='av-share-link av-social-link-mail' ><a  aria-label=\"Compartir por correo\" href='mailto:?subject=Invitan%20a%20ser%20parte%20de%20CAPTION%20FEST%20el%20Festival%20de%20Fotograf%C3%ADa%20m%C3%A1s%20austral%20del%20mundo%20que%20se%20realizar%C3%A1%20en%20Chile%20Chico&#038;body=https:\/\/radiorevelacionfm.cl\/?p=44392' aria-hidden='false' data-av_icon='\ue805' data-av_iconfont='entypo-fontello' title='' data-avia-related-tooltip='Compartir por correo'><span class='avia_hidden_link_text'>Compartir por correo<\/span><\/a><\/li><\/ul><\/div><\/div>\n<div  style='height:50px' class='hr hr-invisible   avia-builder-el-8  el_after_av_social_share  el_before_av_comments_list '><span class='hr-inner ' ><span class='hr-inner-style'><\/span><\/span><\/div>\n<div  class='av-buildercomment  av-blog-meta-html-info-disabled av-blog-meta-tag-disabled  '><\/div>\n","protected":false},"excerpt":{"rendered":"","protected":false},"author":1,"featured_media":44393,"comment_status":"open","ping_status":"open","sticky":false,"template":"","format":"standard","meta":{"footnotes":""},"categories":[38],"tags":[],"class_list":["post-44392","post","type-post","status-publish","format-standard","has-post-thumbnail","hentry","category-regional"],"jetpack_featured_media_url":"https:\/\/radiorevelacionfm.cl\/wp-content\/uploads\/2024\/07\/anuncio-3-julio-ig-1-1_optimized-1.jpg","_links":{"self":[{"href":"https:\/\/radiorevelacionfm.cl\/index.php?rest_route=\/wp\/v2\/posts\/44392","targetHints":{"allow":["GET"]}}],"collection":[{"href":"https:\/\/radiorevelacionfm.cl\/index.php?rest_route=\/wp\/v2\/posts"}],"about":[{"href":"https:\/\/radiorevelacionfm.cl\/index.php?rest_route=\/wp\/v2\/types\/post"}],"author":[{"embeddable":true,"href":"https:\/\/radiorevelacionfm.cl\/index.php?rest_route=\/wp\/v2\/users\/1"}],"replies":[{"embeddable":true,"href":"https:\/\/radiorevelacionfm.cl\/index.php?rest_route=%2Fwp%2Fv2%2Fcomments&post=44392"}],"version-history":[{"count":1,"href":"https:\/\/radiorevelacionfm.cl\/index.php?rest_route=\/wp\/v2\/posts\/44392\/revisions"}],"predecessor-version":[{"id":44394,"href":"https:\/\/radiorevelacionfm.cl\/index.php?rest_route=\/wp\/v2\/posts\/44392\/revisions\/44394"}],"wp:featuredmedia":[{"embeddable":true,"href":"https:\/\/radiorevelacionfm.cl\/index.php?rest_route=\/wp\/v2\/media\/44393"}],"wp:attachment":[{"href":"https:\/\/radiorevelacionfm.cl\/index.php?rest_route=%2Fwp%2Fv2%2Fmedia&parent=44392"}],"wp:term":[{"taxonomy":"category","embeddable":true,"href":"https:\/\/radiorevelacionfm.cl\/index.php?rest_route=%2Fwp%2Fv2%2Fcategories&post=44392"},{"taxonomy":"post_tag","embeddable":true,"href":"https:\/\/radiorevelacionfm.cl\/index.php?rest_route=%2Fwp%2Fv2%2Ftags&post=44392"}],"curies":[{"name":"wp","href":"https:\/\/api.w.org\/{rel}","templated":true}]}}