{"id":44389,"date":"2024-07-23T10:59:52","date_gmt":"2024-07-23T13:59:52","guid":{"rendered":"https:\/\/radiorevelacionfm.cl\/?p=44389"},"modified":"2024-07-23T10:59:52","modified_gmt":"2024-07-23T13:59:52","slug":"este-31-de-julio-finaliza-el-censo-2024-quedando-solo-10-dias-para-su-cierre","status":"publish","type":"post","link":"https:\/\/radiorevelacionfm.cl\/?p=44389","title":{"rendered":"Este 31 de julio finaliza el Censo 2024, quedando solo 10 d\u00edas para su cierre"},"content":{"rendered":"<div class=\"flex_column av_one_full  flex_column_div av-zero-column-padding first  avia-builder-el-0  el_before_av_one_full  avia-builder-el-first  \" style='border-radius:0px; '><div  class='avia-image-container  av-styling-    avia-builder-el-1  avia-builder-el-no-sibling  avia-align-center '  itemprop=\"image\" itemscope=\"itemscope\" itemtype=\"https:\/\/schema.org\/ImageObject\"  ><div class='avia-image-container-inner'><div class='avia-image-overlay-wrap'><img decoding=\"async\" class='wp-image-44390 avia-img-lazy-loading-not-44390 avia_image' src=\"https:\/\/radiorevelacionfm.cl\/wp-content\/uploads\/2024\/07\/img-20240327-wa0036-1-1_optimized.jpg\" alt='' title='img-20240327-wa0036-(1)-(1)_optimized' height=\"600\" width=\"800\"  itemprop=\"thumbnailUrl\" srcset=\"https:\/\/radiorevelacionfm.cl\/wp-content\/uploads\/2024\/07\/img-20240327-wa0036-1-1_optimized.jpg 800w, https:\/\/radiorevelacionfm.cl\/wp-content\/uploads\/2024\/07\/img-20240327-wa0036-1-1_optimized-300x225.jpg 300w, https:\/\/radiorevelacionfm.cl\/wp-content\/uploads\/2024\/07\/img-20240327-wa0036-1-1_optimized-768x576.jpg 768w, https:\/\/radiorevelacionfm.cl\/wp-content\/uploads\/2024\/07\/img-20240327-wa0036-1-1_optimized-705x529.jpg 705w, https:\/\/radiorevelacionfm.cl\/wp-content\/uploads\/2024\/07\/img-20240327-wa0036-1-1_optimized-450x338.jpg 450w, https:\/\/radiorevelacionfm.cl\/wp-content\/uploads\/2024\/07\/img-20240327-wa0036-1-1_optimized-600x450.jpg 600w\" sizes=\"(max-width: 800px) 100vw, 800px\" \/><\/div><\/div><\/div><\/div><div class=\"flex_column av_one_full  flex_column_div av-zero-column-padding first  avia-builder-el-2  el_after_av_one_full  el_before_av_one_full  column-top-margin\" style='border-radius:0px; '><section class=\"av_textblock_section \"  itemscope=\"itemscope\" itemtype=\"https:\/\/schema.org\/BlogPosting\" itemprop=\"blogPost\" ><div class='avia_textblock  '   itemprop=\"text\" ><p style=\"text-align: center;\"><strong><span style=\"font-size: 18pt;\">Este 31 de julio finaliza el Censo 2024, quedando solo 10 d\u00edas para su cierre<\/span><\/strong><\/p>\n<div id=\"gtx-trans\" style=\"position: absolute; left: -50px; top: 4.31534px;\">\n<div class=\"gtx-trans-icon\"><\/div>\n<\/div>\n<\/div><\/section><\/div><div class=\"flex_column av_one_full  flex_column_div av-zero-column-padding first  avia-builder-el-4  el_after_av_one_full  el_before_av_hr  column-top-margin\" style='border-radius:0px; '><section class=\"av_textblock_section \"  itemscope=\"itemscope\" itemtype=\"https:\/\/schema.org\/BlogPosting\" itemprop=\"blogPost\" ><div class='avia_textblock  '   itemprop=\"text\" ><p style=\"text-align: justify;\">El Instituto Nacional de Estad\u00edsticas le recuerda a la poblaci\u00f3n que este mi\u00e9rcoles 31 de julio finaliza el Censo de Poblaci\u00f3n y Vivienda 2024.<\/p>\n<p style=\"text-align: justify;\">\u201c<em>El Censo es una tarea pa\u00eds en la que hemos estado trabajando intensamente desde marzo, y est\u00e1 pronto a concluir este 31 de julio. Es por ello por lo que estamos haciendo un \u00faltimo recordatorio a las personas que a\u00fan no se han censado, a que lo hagan. Cumplir con esta obligaci\u00f3n c\u00edvica es muy simple y puede realizarse por medio de la p\u00e1gina web oficial de <\/em><a href=\"http:\/\/www.censo2024.cl\"><em>www.censo2024.cl<\/em><\/a><em>, accediendo al Censo en L\u00ednea.<\/em>\u201d, se\u00f1al\u00f3 el director nacional del Instituto Nacional de Estad\u00edsticas, Ricardo Vicu\u00f1a.<\/p>\n<p style=\"text-align: justify;\">Con el objetivo de facilitar la tarea de censarse, el INE habilit\u00f3 en el sitio <a href=\"http:\/\/www.censo2024.cl\">www.censo2024.cl<\/a> la entrega del c\u00f3digo a las personas para censarse en l\u00ednea. Asimismo, contin\u00faa disponible la asistencia a trav\u00e9s del Fono Censo 1525 o en forma presencial en los Puntos Censo, cuyas ubicaciones se pueden obtener en la misma p\u00e1gina web. Tambi\u00e9n, y para que nadie se quede fuera del Censo, esta semana algunas viviendas estar\u00e1n recibiendo cartas desde el INE con un c\u00f3digo para que puedan censarse en l\u00ednea quienes a\u00fan no lo hayan realizado.<\/p>\n<p style=\"text-align: justify;\">A la fecha de hoy, la actividad de censistas en terreno ya ha concluido en 285 comunas del pa\u00eds y el trabajo en las restantes cerrar\u00e1 dentro de 10 d\u00edas. Por lo tanto, hasta fines de mes todav\u00eda es posible censarse de forma presencial en caso de recibir la visita de censistas, as\u00ed como hacerlo accediendo a los Puntos Censo distribuidos a lo largo de todo el territorio nacional. El detalle de las comunas se puede revisar en www.censo2024.cl.<\/p>\n<p style=\"text-align: justify;\">El INE recuerda a la poblaci\u00f3n que la ley 17.374 establece que todos los habitantes del pa\u00eds deben proporcionar los datos requeridos para el operativo censal. La misma normativa establece el secreto estad\u00edstico, es decir, que los datos que recopila el INE son confidenciales y su uso es solo con fines estad\u00edsticos.<\/p>\n<p style=\"text-align: justify;\"><strong>\u00a0<\/strong><\/p>\n<\/div><\/section><\/div><div  style='height:50px' class='hr hr-invisible   avia-builder-el-6  el_after_av_one_full  el_before_av_social_share '><span class='hr-inner ' ><span class='hr-inner-style'><\/span><\/span><\/div><\/p>\n<div  class='av-social-sharing-box  avia-builder-el-7  el_after_av_hr  el_before_av_hr  '><div class='av-share-box'><h5 class='av-share-link-description av-no-toc '>Compartir esta noticia<\/h5><ul class='av-share-box-list noLightbox'><li class='av-share-link av-social-link-facebook' ><a target=\"_blank\" aria-label=\"Compartir en Facebook\" href='https:\/\/www.facebook.com\/sharer.php?u=https:\/\/radiorevelacionfm.cl\/?p=44389&#038;t=Este%2031%20de%20julio%20finaliza%20el%20Censo%202024%2C%20quedando%20solo%2010%20d%C3%ADas%20para%20su%20cierre' aria-hidden='false' data-av_icon='\ue8f3' data-av_iconfont='entypo-fontello' title='' data-avia-related-tooltip='Compartir en Facebook' rel=\"noopener\"><span class='avia_hidden_link_text'>Compartir en Facebook<\/span><\/a><\/li><li class='av-share-link av-social-link-twitter' ><a target=\"_blank\" aria-label=\"Compartir en Twitter\" href='https:\/\/twitter.com\/share?text=Este%2031%20de%20julio%20finaliza%20el%20Censo%202024%2C%20quedando%20solo%2010%20d%C3%ADas%20para%20su%20cierre&#038;url=https:\/\/radiorevelacionfm.cl\/?p=44389' aria-hidden='false' data-av_icon='\ue8f1' data-av_iconfont='entypo-fontello' title='' data-avia-related-tooltip='Compartir en Twitter' rel=\"noopener\"><span class='avia_hidden_link_text'>Compartir en Twitter<\/span><\/a><\/li><li class='av-share-link av-social-link-whatsapp' ><a target=\"_blank\" aria-label=\"Compartir en Whatsapp\" href='https:\/\/api.whatsapp.com\/send?text=https:\/\/radiorevelacionfm.cl\/?p=44389' aria-hidden='false' data-av_icon='\uf232' data-av_iconfont='entypo-fontello' title='' data-avia-related-tooltip='Compartir en Whatsapp' rel=\"noopener\"><span class='avia_hidden_link_text'>Compartir en Whatsapp<\/span><\/a><\/li><li class='av-share-link av-social-link-linkedin' ><a target=\"_blank\" aria-label=\"Compartir en LinkedIn\" href='https:\/\/linkedin.com\/shareArticle?mini=true&#038;title=Este%2031%20de%20julio%20finaliza%20el%20Censo%202024%2C%20quedando%20solo%2010%20d%C3%ADas%20para%20su%20cierre&#038;url=https:\/\/radiorevelacionfm.cl\/?p=44389' aria-hidden='false' data-av_icon='\ue8fc' data-av_iconfont='entypo-fontello' title='' data-avia-related-tooltip='Compartir en LinkedIn' rel=\"noopener\"><span class='avia_hidden_link_text'>Compartir en LinkedIn<\/span><\/a><\/li><li class='av-share-link av-social-link-mail' ><a  aria-label=\"Compartir por correo\" href='mailto:?subject=Este%2031%20de%20julio%20finaliza%20el%20Censo%202024%2C%20quedando%20solo%2010%20d%C3%ADas%20para%20su%20cierre&#038;body=https:\/\/radiorevelacionfm.cl\/?p=44389' aria-hidden='false' data-av_icon='\ue805' data-av_iconfont='entypo-fontello' title='' data-avia-related-tooltip='Compartir por correo'><span class='avia_hidden_link_text'>Compartir por correo<\/span><\/a><\/li><\/ul><\/div><\/div>\n<div  style='height:50px' class='hr hr-invisible   avia-builder-el-8  el_after_av_social_share  el_before_av_comments_list '><span class='hr-inner ' ><span class='hr-inner-style'><\/span><\/span><\/div>\n<div  class='av-buildercomment  av-blog-meta-html-info-disabled av-blog-meta-tag-disabled  '><\/div>\n","protected":false},"excerpt":{"rendered":"","protected":false},"author":1,"featured_media":44390,"comment_status":"open","ping_status":"open","sticky":false,"template":"","format":"standard","meta":{"footnotes":""},"categories":[38],"tags":[],"class_list":["post-44389","post","type-post","status-publish","format-standard","has-post-thumbnail","hentry","category-regional"],"jetpack_featured_media_url":"https:\/\/radiorevelacionfm.cl\/wp-content\/uploads\/2024\/07\/img-20240327-wa0036-1-1_optimized.jpg","_links":{"self":[{"href":"https:\/\/radiorevelacionfm.cl\/index.php?rest_route=\/wp\/v2\/posts\/44389","targetHints":{"allow":["GET"]}}],"collection":[{"href":"https:\/\/radiorevelacionfm.cl\/index.php?rest_route=\/wp\/v2\/posts"}],"about":[{"href":"https:\/\/radiorevelacionfm.cl\/index.php?rest_route=\/wp\/v2\/types\/post"}],"author":[{"embeddable":true,"href":"https:\/\/radiorevelacionfm.cl\/index.php?rest_route=\/wp\/v2\/users\/1"}],"replies":[{"embeddable":true,"href":"https:\/\/radiorevelacionfm.cl\/index.php?rest_route=%2Fwp%2Fv2%2Fcomments&post=44389"}],"version-history":[{"count":1,"href":"https:\/\/radiorevelacionfm.cl\/index.php?rest_route=\/wp\/v2\/posts\/44389\/revisions"}],"predecessor-version":[{"id":44391,"href":"https:\/\/radiorevelacionfm.cl\/index.php?rest_route=\/wp\/v2\/posts\/44389\/revisions\/44391"}],"wp:featuredmedia":[{"embeddable":true,"href":"https:\/\/radiorevelacionfm.cl\/index.php?rest_route=\/wp\/v2\/media\/44390"}],"wp:attachment":[{"href":"https:\/\/radiorevelacionfm.cl\/index.php?rest_route=%2Fwp%2Fv2%2Fmedia&parent=44389"}],"wp:term":[{"taxonomy":"category","embeddable":true,"href":"https:\/\/radiorevelacionfm.cl\/index.php?rest_route=%2Fwp%2Fv2%2Fcategories&post=44389"},{"taxonomy":"post_tag","embeddable":true,"href":"https:\/\/radiorevelacionfm.cl\/index.php?rest_route=%2Fwp%2Fv2%2Ftags&post=44389"}],"curies":[{"name":"wp","href":"https:\/\/api.w.org\/{rel}","templated":true}]}}