{"id":44383,"date":"2024-07-23T11:11:09","date_gmt":"2024-07-23T14:11:09","guid":{"rendered":"https:\/\/radiorevelacionfm.cl\/?p=44383"},"modified":"2024-07-23T11:11:09","modified_gmt":"2024-07-23T14:11:09","slug":"realizan-masiva-ronda-intersectorial-a-locales-de-alcoholes-y-control-migratorio","status":"publish","type":"post","link":"https:\/\/radiorevelacionfm.cl\/?p=44383","title":{"rendered":"Realizan masiva ronda intersectorial a locales de alcoholes y control migratorio"},"content":{"rendered":"<div class=\"flex_column av_one_full  flex_column_div av-zero-column-padding first  avia-builder-el-0  el_before_av_one_full  avia-builder-el-first  \" style='border-radius:0px; '><div  class='avia-image-container  av-styling-    avia-builder-el-1  avia-builder-el-no-sibling  avia-align-center '  itemprop=\"image\" itemscope=\"itemscope\" itemtype=\"https:\/\/schema.org\/ImageObject\"  ><div class='avia-image-container-inner'><div class='avia-image-overlay-wrap'><img decoding=\"async\" class='wp-image-44385 avia-img-lazy-loading-not-44385 avia_image' src=\"https:\/\/radiorevelacionfm.cl\/wp-content\/uploads\/2024\/07\/GS7wiLhXIAAoRzl-1-1.jpg\" alt='' title='GS7wiLhXIAAoRzl (1) (1)' height=\"600\" width=\"800\"  itemprop=\"thumbnailUrl\" srcset=\"https:\/\/radiorevelacionfm.cl\/wp-content\/uploads\/2024\/07\/GS7wiLhXIAAoRzl-1-1.jpg 800w, https:\/\/radiorevelacionfm.cl\/wp-content\/uploads\/2024\/07\/GS7wiLhXIAAoRzl-1-1-300x225.jpg 300w, https:\/\/radiorevelacionfm.cl\/wp-content\/uploads\/2024\/07\/GS7wiLhXIAAoRzl-1-1-768x576.jpg 768w, https:\/\/radiorevelacionfm.cl\/wp-content\/uploads\/2024\/07\/GS7wiLhXIAAoRzl-1-1-705x529.jpg 705w, https:\/\/radiorevelacionfm.cl\/wp-content\/uploads\/2024\/07\/GS7wiLhXIAAoRzl-1-1-450x338.jpg 450w, https:\/\/radiorevelacionfm.cl\/wp-content\/uploads\/2024\/07\/GS7wiLhXIAAoRzl-1-1-600x450.jpg 600w\" sizes=\"(max-width: 800px) 100vw, 800px\" \/><\/div><\/div><\/div><\/div><div class=\"flex_column av_one_full  flex_column_div av-zero-column-padding first  avia-builder-el-2  el_after_av_one_full  el_before_av_one_full  column-top-margin\" style='border-radius:0px; '><section class=\"av_textblock_section \"  itemscope=\"itemscope\" itemtype=\"https:\/\/schema.org\/BlogPosting\" itemprop=\"blogPost\" ><div class='avia_textblock  '   itemprop=\"text\" ><p style=\"text-align: center;\"><strong><span style=\"font-size: 18pt;\">Realizan masiva ronda intersectorial a locales de alcoholes y control migratorio<\/span><\/strong><\/p>\n<div id=\"gtx-trans\" style=\"position: absolute; left: -50px; top: 4.31534px;\">\n<div class=\"gtx-trans-icon\"><\/div>\n<\/div>\n<\/div><\/section><\/div><div class=\"flex_column av_one_full  flex_column_div av-zero-column-padding first  avia-builder-el-4  el_after_av_one_full  el_before_av_hr  column-top-margin\" style='border-radius:0px; '><section class=\"av_textblock_section \"  itemscope=\"itemscope\" itemtype=\"https:\/\/schema.org\/BlogPosting\" itemprop=\"blogPost\" ><div class='avia_textblock  '   itemprop=\"text\" ><ul>\n<li class=\"v1gmail-MsoListParagraphCxSpFirst\" style=\"text-align: justify;\"><em><span lang=\"ES-MX\">Trabajo interinstitucional culmin\u00f3 con tres sumarios sanitarios en Coyhaique, sumado a m\u00e1s de mil controles desarrollados por Carabineros con un saldo de seis personas detenidas, en tanto que m\u00e1s de cien extranjeros fueron fiscalizados por la PDI en Coyhaique y Puerto Ays\u00e9n.<\/span><\/em><\/li>\n<li class=\"v1gmail-MsoListParagraphCxSpLast\" style=\"text-align: justify;\"><em><span lang=\"ES-MX\">Lo\u00a0anterior es parte de una estrategia orientada a brindar m\u00e1s seguridad y prevenir la ocurrencia de delitos.<\/span><\/em><\/li>\n<\/ul>\n<p class=\"v1MsoNormal\" style=\"text-align: justify;\"><span lang=\"ES-MX\">Una exhaustiva fiscalizaci\u00f3n a locales comerciales y de venta de alcohol orientada a verificar el funcionamiento acorde a la normativa legal vigente y prevenir la comisi\u00f3n de delitos, fue el objetivo de una ronda intersectorial desarrollada la noche del viernes y madrugada del lunes en la ciudad de Coyhaique.<\/span><\/p>\n<p class=\"v1MsoNormal\" style=\"text-align: justify;\"><span lang=\"ES-MX\">Tras la planificaci\u00f3n del servicio, Carabineros, Seremi de Salud, la Coordinadora Regional de Seguridad P\u00fablica, PDI, Servicio de Impuestos Internos, Direcci\u00f3n del Trabajo y la Municipalidad, llevaron a cabo este servicio en diversos locales patentados de esta ciudad.<\/span><\/p>\n<p class=\"v1MsoNormal\" style=\"text-align: justify;\"><span lang=\"ES-MX\">El Delegado Presidencial Regional de Ays\u00e9n, Rodrigo Araya Morales indic\u00f3 que \u00abdurante la jornada se fiscaliz\u00f3 a seis locales comerciales y de venta de alcohol, de los cuales cinco sufrieron infracciones. Carabineros se despleg\u00f3 en una ronda regional y la Polic\u00eda de Investigaciones se dedic\u00f3 a la fiscalizaci\u00f3n de migrantes tanto en la comuna de Coyhaique como en la comuna de Ays\u00e9n\u00bb, se\u00f1al\u00f3.<\/span><\/p>\n<p class=\"v1MsoNormal\" style=\"text-align: justify;\"><b><span lang=\"ES-MX\">Trabajo de las polic\u00edas<\/span><\/b><\/p>\n<p class=\"v1MsoNormal\" style=\"text-align: justify;\"><span lang=\"ES-MX\">Respecto a la ronda regional desarrollada por Carabineros, el Prefecto de Ays\u00e9n, Coronel Fuad Chaban Vilches se\u00f1al\u00f3 que \u00abse realizaron m\u00e1s de mil controles efectivos a nivel regional, tanto controles de identidad, controles vehiculares, controles a locales comerciales, controles a entidades bancarias, siendo cursadas m\u00e1s de 35 infracciones tanto al tr\u00e1nsito como a peatones por ingesta alcoh\u00f3lica, tambi\u00e9n se decomis\u00f3 droga incautada por nuestra Secci\u00f3n OS7 y un armamento tras entrega voluntaria\u00bb, expres\u00f3.<\/span><\/p>\n<p class=\"v1MsoNormal\" style=\"text-align: justify;\"><span lang=\"ES-MX\">El Oficial se\u00f1al\u00f3 que dentro de los delitos de mayor recurrencia en la regi\u00f3n se encuentran aquellos asociados al consumo de alcohol, da\u00f1os, robos y conducci\u00f3n en estado de ebriedad.<\/span><\/p>\n<p class=\"v1MsoNormal\" style=\"text-align: justify;\"><span lang=\"ES-MX\">Respecto a materias de violencia de g\u00e9nero, el Coronel Chaban detall\u00f3 que Carabineros desarrolla un trabajo de larga data. \u00abComo Instituci\u00f3n estamos trabajando desde el a\u00f1o pasado con la Seremi de la Mujer y Equidad de G\u00e9nero con la finalidad de poder perfeccionar y capacitar a nuestro personal. Adem\u00e1s, este tipo de rondas y fiscalizaciones que realizamos constantemente, tambi\u00e9n da se\u00f1al a que controlamos locales de alcoholes, ingesta, el expendio a menores de edad y que (de igual forma) influye en este tipo de delitos\u00bb, indic\u00f3.<\/span><\/p>\n<p class=\"v1MsoNormal\" style=\"text-align: justify;\"><span lang=\"ES-MX\">El Prefecto de Ays\u00e9n a\u00f1adi\u00f3 que la Instituci\u00f3n desarrolla un trabajo permanente y de manera coordinada con la Fiscal\u00eda, siendo los detenidos puestos a disposici\u00f3n del Ministerio P\u00fablico, organismo aut\u00f3nomo que tipifica el delito para ser presentado a la audiencia de control de detenci\u00f3n. \u00a0\u00a0\u00a0<\/span><\/p>\n<p class=\"v1MsoNormal\" style=\"text-align: justify;\"><span lang=\"ES-MX\">A lo anterior se sum\u00f3 un amplio despliegue desarrollado por la Polic\u00eda de Investigaciones a trav\u00e9s de sus diversas brigadas con la finalidad de verificar la situaci\u00f3n migratoria de extranjeros residentes en nuestra regi\u00f3n.<\/span><\/p>\n<p class=\"v1MsoNormal\" style=\"text-align: justify;\"><span lang=\"ES-MX\">En cuanto a la fiscalizaci\u00f3n de extranjeros, el subprefecto Ren\u00e9 Retamal, jefe del Departamento de Migraciones y Polic\u00eda Internacional de la PDI, coment\u00f3 que,\u00a0 \u00abnosotros en el trabajo coordinado que tenemos con el Servicio Nacional de Migraciones, el d\u00eda viernes 19 del presente mes, realizamos un operativo masivo dentro de la comuna y tambi\u00e9n en Puerto Ays\u00e9n, con participaci\u00f3n de todas nuestras unidades policiales, brigadas de Robos, Homicidios, Antinarc\u00f3ticos, hicimos un trabajo de an\u00e1lisis de los extranjeros migrantes infractores que est\u00e1n llegando a nuestra regi\u00f3n y canalizamos nuestro foco de atenci\u00f3n en el centro de la ciudad. Fiscalizamos 101 personas, 69 extranjeros, 32 chilenos y denunciamos a la autoridad administrativa 6 personas de nacionalidad extranjera, 5 de nacionalidad venezolana y 1 de nacionalidad colombiana\u00bb.<\/span><\/p>\n<p class=\"v1MsoNormal\" style=\"text-align: justify;\"><span lang=\"ES-MX\">Respecto a las nacionalidades de los detenidos por parte de la PDI, el subprefecto explic\u00f3 que, si bien hay extranjeros que se han sindicado en delitos, la cifra no es significativa si lo comparamos con los connacionales ligados a il\u00edcitos.<\/span><\/p>\n<p class=\"v1MsoNormal\" style=\"text-align: justify;\"><span lang=\"ES-MX\">Para la Coordinadora Regional de Seguridad P\u00fablica Camila Covarrubia, la implementaci\u00f3n del Plan Calles Sin Violencia en la ciudad de Coyhaique se ha traducido en una mayor fiscalizaci\u00f3n por parte de las polic\u00edas a trav\u00e9s de un trabajo focalizado en virtud del an\u00e1lisis del fen\u00f3meno delictual.<\/span><\/p>\n<p class=\"v1MsoNormal\" style=\"text-align: justify;\"><b><span lang=\"ES-MX\">Sumarios sanitarios<\/span><\/b><\/p>\n<p class=\"v1MsoNormal\" style=\"text-align: justify;\"><span lang=\"ES-MX\">Durante el desarrollo de la ronda intersectorial, el equipo fiscalizador efectu\u00f3 un recorrido por las instalaciones de los establecimientos, verificando las condiciones de salubridad, elaboraci\u00f3n y manipulaci\u00f3n de alimentos.<\/span><\/p>\n<p class=\"v1MsoNormal\" style=\"text-align: justify;\"><span lang=\"ES-MX\">Al respecto el Jefe de Acci\u00f3n Sanitaria de la Seremi de Salud Ays\u00e9n, Felipe Vidal, se\u00f1al\u00f3 que \u00abdurante la fiscalizaci\u00f3n realizada la noche del viernes se cursaron tres sumarios sanitarios a distintos restaurantes (&#8230;) por incumplimientos a reglamentos sanitarios de los alimentos que son bastante espec\u00edficos que tienen que ver con condiciones higi\u00e9nicas estructurales de los locales\u00bb, indic\u00f3.<\/span><\/p>\n<p class=\"v1MsoNormal\" style=\"text-align: justify;\"><span lang=\"ES-MX\">Vidal aclar\u00f3 que, si bien los locales cuentan con resoluci\u00f3n sanitaria \u00abpor lo tanto, pasaron por un proceso de formalizaci\u00f3n previo, pero existen malas pr\u00e1cticas de manufactura en la elaboraci\u00f3n de alimentos o problemas en la mantenci\u00f3n en cuanto a las condiciones higi\u00e9nicas estructurales de los locales\u00bb, precis\u00f3.<\/span><\/p>\n<p class=\"v1MsoNormal\" style=\"text-align: justify;\"><span lang=\"ES-MX\">Tras la detenci\u00f3n de incumplimientos normativos, el fiscalizado presentar\u00e1 los descargos, los cuales ser\u00e1n ponderados con la finalidad de verificar si dichas observaciones fueron no subsanadas para un funcionamiento de conformidad a la normativa y reglamentos vigentes.<\/span><\/p>\n<\/div><\/section><\/div><div  style='height:50px' class='hr hr-invisible   avia-builder-el-6  el_after_av_one_full  el_before_av_social_share '><span class='hr-inner ' ><span class='hr-inner-style'><\/span><\/span><\/div><\/p>\n<div  class='av-social-sharing-box  avia-builder-el-7  el_after_av_hr  el_before_av_hr  '><div class='av-share-box'><h5 class='av-share-link-description av-no-toc '>Compartir esta noticia<\/h5><ul class='av-share-box-list noLightbox'><li class='av-share-link av-social-link-facebook' ><a target=\"_blank\" aria-label=\"Compartir en Facebook\" href='https:\/\/www.facebook.com\/sharer.php?u=https:\/\/radiorevelacionfm.cl\/?p=44383&#038;t=Realizan%20masiva%20ronda%20intersectorial%20a%20locales%20de%20alcoholes%20y%20control%20migratorio' aria-hidden='false' data-av_icon='\ue8f3' data-av_iconfont='entypo-fontello' title='' data-avia-related-tooltip='Compartir en Facebook' rel=\"noopener\"><span class='avia_hidden_link_text'>Compartir en Facebook<\/span><\/a><\/li><li class='av-share-link av-social-link-twitter' ><a target=\"_blank\" aria-label=\"Compartir en Twitter\" href='https:\/\/twitter.com\/share?text=Realizan%20masiva%20ronda%20intersectorial%20a%20locales%20de%20alcoholes%20y%20control%20migratorio&#038;url=https:\/\/radiorevelacionfm.cl\/?p=44383' aria-hidden='false' data-av_icon='\ue8f1' data-av_iconfont='entypo-fontello' title='' data-avia-related-tooltip='Compartir en Twitter' rel=\"noopener\"><span class='avia_hidden_link_text'>Compartir en Twitter<\/span><\/a><\/li><li class='av-share-link av-social-link-whatsapp' ><a target=\"_blank\" aria-label=\"Compartir en Whatsapp\" href='https:\/\/api.whatsapp.com\/send?text=https:\/\/radiorevelacionfm.cl\/?p=44383' aria-hidden='false' data-av_icon='\uf232' data-av_iconfont='entypo-fontello' title='' data-avia-related-tooltip='Compartir en Whatsapp' rel=\"noopener\"><span class='avia_hidden_link_text'>Compartir en Whatsapp<\/span><\/a><\/li><li class='av-share-link av-social-link-linkedin' ><a target=\"_blank\" aria-label=\"Compartir en LinkedIn\" href='https:\/\/linkedin.com\/shareArticle?mini=true&#038;title=Realizan%20masiva%20ronda%20intersectorial%20a%20locales%20de%20alcoholes%20y%20control%20migratorio&#038;url=https:\/\/radiorevelacionfm.cl\/?p=44383' aria-hidden='false' data-av_icon='\ue8fc' data-av_iconfont='entypo-fontello' title='' data-avia-related-tooltip='Compartir en LinkedIn' rel=\"noopener\"><span class='avia_hidden_link_text'>Compartir en LinkedIn<\/span><\/a><\/li><li class='av-share-link av-social-link-mail' ><a  aria-label=\"Compartir por correo\" href='mailto:?subject=Realizan%20masiva%20ronda%20intersectorial%20a%20locales%20de%20alcoholes%20y%20control%20migratorio&#038;body=https:\/\/radiorevelacionfm.cl\/?p=44383' aria-hidden='false' data-av_icon='\ue805' data-av_iconfont='entypo-fontello' title='' data-avia-related-tooltip='Compartir por correo'><span class='avia_hidden_link_text'>Compartir por correo<\/span><\/a><\/li><\/ul><\/div><\/div>\n<div  style='height:50px' class='hr hr-invisible   avia-builder-el-8  el_after_av_social_share  el_before_av_comments_list '><span class='hr-inner ' ><span class='hr-inner-style'><\/span><\/span><\/div>\n<div  class='av-buildercomment  av-blog-meta-html-info-disabled av-blog-meta-tag-disabled  '><\/div>\n","protected":false},"excerpt":{"rendered":"","protected":false},"author":1,"featured_media":44385,"comment_status":"open","ping_status":"open","sticky":false,"template":"","format":"standard","meta":{"footnotes":""},"categories":[36],"tags":[],"class_list":["post-44383","post","type-post","status-publish","format-standard","has-post-thumbnail","hentry","category-policial"],"jetpack_featured_media_url":"https:\/\/radiorevelacionfm.cl\/wp-content\/uploads\/2024\/07\/GS7wiLhXIAAoRzl-1-1.jpg","_links":{"self":[{"href":"https:\/\/radiorevelacionfm.cl\/index.php?rest_route=\/wp\/v2\/posts\/44383","targetHints":{"allow":["GET"]}}],"collection":[{"href":"https:\/\/radiorevelacionfm.cl\/index.php?rest_route=\/wp\/v2\/posts"}],"about":[{"href":"https:\/\/radiorevelacionfm.cl\/index.php?rest_route=\/wp\/v2\/types\/post"}],"author":[{"embeddable":true,"href":"https:\/\/radiorevelacionfm.cl\/index.php?rest_route=\/wp\/v2\/users\/1"}],"replies":[{"embeddable":true,"href":"https:\/\/radiorevelacionfm.cl\/index.php?rest_route=%2Fwp%2Fv2%2Fcomments&post=44383"}],"version-history":[{"count":1,"href":"https:\/\/radiorevelacionfm.cl\/index.php?rest_route=\/wp\/v2\/posts\/44383\/revisions"}],"predecessor-version":[{"id":44386,"href":"https:\/\/radiorevelacionfm.cl\/index.php?rest_route=\/wp\/v2\/posts\/44383\/revisions\/44386"}],"wp:featuredmedia":[{"embeddable":true,"href":"https:\/\/radiorevelacionfm.cl\/index.php?rest_route=\/wp\/v2\/media\/44385"}],"wp:attachment":[{"href":"https:\/\/radiorevelacionfm.cl\/index.php?rest_route=%2Fwp%2Fv2%2Fmedia&parent=44383"}],"wp:term":[{"taxonomy":"category","embeddable":true,"href":"https:\/\/radiorevelacionfm.cl\/index.php?rest_route=%2Fwp%2Fv2%2Fcategories&post=44383"},{"taxonomy":"post_tag","embeddable":true,"href":"https:\/\/radiorevelacionfm.cl\/index.php?rest_route=%2Fwp%2Fv2%2Ftags&post=44383"}],"curies":[{"name":"wp","href":"https:\/\/api.w.org\/{rel}","templated":true}]}}