{"id":44379,"date":"2024-07-22T21:43:09","date_gmt":"2024-07-23T00:43:09","guid":{"rendered":"https:\/\/radiorevelacionfm.cl\/?p=44379"},"modified":"2024-07-22T21:43:09","modified_gmt":"2024-07-23T00:43:09","slug":"ronda-preventiva-regional-de-carabineros-culmino-con-seis-detenidos-y-mas-de-mil-controles-desarrollados","status":"publish","type":"post","link":"https:\/\/radiorevelacionfm.cl\/?p=44379","title":{"rendered":"Ronda preventiva regional de Carabineros culmin\u00f3 con seis detenidos y m\u00e1s de mil controles desarrollados"},"content":{"rendered":"<div class=\"flex_column av_one_full  flex_column_div av-zero-column-padding first  avia-builder-el-0  el_before_av_one_full  avia-builder-el-first  \" style='border-radius:0px; '><div  class='avia-image-container  av-styling-    avia-builder-el-1  avia-builder-el-no-sibling  avia-align-center '  itemprop=\"image\" itemscope=\"itemscope\" itemtype=\"https:\/\/schema.org\/ImageObject\"  ><div class='avia-image-container-inner'><div class='avia-image-overlay-wrap'><img decoding=\"async\" class='wp-image-44380 avia-img-lazy-loading-not-44380 avia_image' src=\"https:\/\/radiorevelacionfm.cl\/wp-content\/uploads\/2024\/07\/GS7wiLiWoAAVNPS-1-1.jpg\" alt='' title='GS7wiLiWoAAVNPS (1) (1)' height=\"600\" width=\"800\"  itemprop=\"thumbnailUrl\" srcset=\"https:\/\/radiorevelacionfm.cl\/wp-content\/uploads\/2024\/07\/GS7wiLiWoAAVNPS-1-1.jpg 800w, https:\/\/radiorevelacionfm.cl\/wp-content\/uploads\/2024\/07\/GS7wiLiWoAAVNPS-1-1-300x225.jpg 300w, https:\/\/radiorevelacionfm.cl\/wp-content\/uploads\/2024\/07\/GS7wiLiWoAAVNPS-1-1-768x576.jpg 768w, https:\/\/radiorevelacionfm.cl\/wp-content\/uploads\/2024\/07\/GS7wiLiWoAAVNPS-1-1-705x529.jpg 705w, https:\/\/radiorevelacionfm.cl\/wp-content\/uploads\/2024\/07\/GS7wiLiWoAAVNPS-1-1-450x338.jpg 450w, https:\/\/radiorevelacionfm.cl\/wp-content\/uploads\/2024\/07\/GS7wiLiWoAAVNPS-1-1-600x450.jpg 600w\" sizes=\"(max-width: 800px) 100vw, 800px\" \/><\/div><\/div><\/div><\/div><div class=\"flex_column av_one_full  flex_column_div av-zero-column-padding first  avia-builder-el-2  el_after_av_one_full  el_before_av_one_full  column-top-margin\" style='border-radius:0px; '><section class=\"av_textblock_section \"  itemscope=\"itemscope\" itemtype=\"https:\/\/schema.org\/BlogPosting\" itemprop=\"blogPost\" ><div class='avia_textblock  '   itemprop=\"text\" ><p style=\"text-align: center;\"><span style=\"font-size: 18pt;\"><b><span lang=\"ES-MX\">Ronda preventiva regional de Carabineros culmin\u00f3 con seis detenidos y m\u00e1s de mil controles desarrollados<\/span><\/b><\/span><\/p>\n<div id=\"gtx-trans\" style=\"position: absolute; left: -50px; top: 4.31534px;\">\n<div class=\"gtx-trans-icon\"><\/div>\n<\/div>\n<\/div><\/section><\/div><div class=\"flex_column av_one_full  flex_column_div av-zero-column-padding first  avia-builder-el-4  el_after_av_one_full  el_before_av_hr  column-top-margin\" style='border-radius:0px; '><section class=\"av_textblock_section \"  itemscope=\"itemscope\" itemtype=\"https:\/\/schema.org\/BlogPosting\" itemprop=\"blogPost\" ><div class='avia_textblock  '   itemprop=\"text\" ><p class=\"v1MsoNormal\" style=\"text-align: justify;\"><span lang=\"ES-MX\">\u00abVamos a seguir trabajando, de forma tal de llevar paz y tranquilidad a toda la regi\u00f3n\u00bb, expres\u00f3 el Jefe de Zona de Carabineros Ays\u00e9n, General Patricio Santos Poblete.<\/span><\/p>\n<p class=\"v1MsoNormal\" style=\"text-align: justify;\"><span lang=\"ES-MX\">Paralelamente un servicio de ronda intersectorial a ocho locales de alcoholes culmin\u00f3 con cuatro sumarios sanitarios.<\/span><\/p>\n<p class=\"v1MsoNormal\" style=\"text-align: justify;\"><span lang=\"ES-MX\">Alrededor de 130 carabineros en las cuatro provincias de la regi\u00f3n de Ays\u00e9n fueron desplegados la tarde del viernes y madrugada del s\u00e1bado con ocasi\u00f3n de un servicio de ronda preventiva regional cuyo lanzamiento se efectu\u00f3 junto a la Delegaci\u00f3n Presidencial Regional y la Coordinadora Regional de Seguridad P\u00fablica, metodolog\u00eda orientada a incrementar el control, fiscalizaci\u00f3n, actuar en flagrancia y sacar de circulaci\u00f3n a personas requeridas por la justicia, estar donde las personas necesitan de sus carabineros, junto con brindar m\u00e1s seguridad y protecci\u00f3n a la comunidad.<\/span><\/p>\n<p class=\"v1MsoNormal\" style=\"text-align: justify;\"><span lang=\"ES-MX\">Las cuatro comisar\u00edas, retenes y destacamentos con apoyo de servicios especializados sumado al can detector de drogas \u00abGazu\u00bb, realizaron un amplio despliegue en zonas urbanas y rutas a lo largo del territorio.<\/span><\/p>\n<p class=\"v1MsoNormal\" style=\"text-align: justify;\"><span lang=\"ES-MX\">\u00abHay rutinas propias de los d\u00edas viernes en las comunas, estamos conscientes de aquello. El trabajo conjunto con la comunidad nos hace estar donde la comunidad nos necesita (&#8230;) independiente de que el control policial disuade, tenemos estos hallazgos inmediatos \u2013pas\u00f3 lo mismo en la ronda anterior- porque las personas acostumbran en estos veh\u00edculos polarizados andar con droga y balanzas. Y los otros elementos que inducen al tr\u00e1fico o microtr\u00e1fico, los procedimientos empiezan a ser m\u00e1s complejos, se activa Fiscal\u00eda o logramos hacer allanamientos, ingresar con el GOPE y desarticular bandas delictuales\u00bb, expres\u00f3 el Jefe de Zona de Carabineros Ays\u00e9n, General Patricio Santos Poblete.<\/span><\/p>\n<p class=\"v1MsoNormal\" style=\"text-align: justify;\"><span lang=\"ES-MX\">El Oficial General destac\u00f3 el trabajo desarrollado, servicio en el que el personal realiza jornadas de hasta 17 horas de continua labor.<\/span><\/p>\n<p class=\"v1MsoNormal\" style=\"text-align: justify;\"><span lang=\"ES-MX\">\u00abTodos los meses desarrollamos dos rondas extraordinarias, nacional y esta que es regional y contribuyen a elevar la percepci\u00f3n de seguridad (&#8230;) vamos a seguir trabajando, de forma tal de llevar paz y tranquilidad a toda la regi\u00f3n\u00bb, a\u00f1adi\u00f3 el Jefe de Zona.<\/span><\/p>\n<p class=\"v1MsoNormal\" style=\"text-align: justify;\"><span lang=\"ES-MX\">Resultados<\/span><\/p>\n<p class=\"v1MsoNormal\" style=\"text-align: justify;\"><span lang=\"ES-MX\">El servicio de ronda extraordinaria culmin\u00f3 con seis personas detenidas, de las cuales cuatro son por orden vigente (pr\u00f3fugos de la justicia) y dos por desacato en el contexto de violencia intrafamiliar.<\/span><\/p>\n<p class=\"v1MsoNormal\" style=\"text-align: justify;\"><span lang=\"ES-MX\">Paralelamente Carabineros desarroll\u00f3 1.008 controles y fiscalizaciones. De estos 908 corresponden a controles de personas, 60 a fiscalizaciones a locales de alcoholes, 26 fiscalizaciones a locales comerciales, 12 fiscalizaciones en materias de seguridad y dos fiscalizaciones a entidades bancarias.<\/span><\/p>\n<p class=\"v1MsoNormal\" style=\"text-align: justify;\"><span lang=\"ES-MX\">Durante el servicio fueron cursadas 41 infracciones, de estas: 31 son por ley de tr\u00e1nsito, cinco por ley de alcoholes, tres por infracci\u00f3n a ordenanza municipal y dos por ley de drogas.<\/span><\/p>\n<p class=\"v1MsoNormal\" style=\"text-align: justify;\"><span lang=\"ES-MX\">Igualmente, Carabineros incaut\u00f3 un arma de fuego tras entrega voluntaria efectuada por su propietario.<\/span><\/p>\n<p class=\"v1MsoNormal\" style=\"text-align: justify;\"><span lang=\"ES-MX\">Por su parte en un servicio desarrollado en conjunto con Senda, se materializaron 101 controles vehiculares, siendo cursada una infracci\u00f3n al tr\u00e1nsito.<\/span><\/p>\n<\/div><\/section><\/div><div  style='height:50px' class='hr hr-invisible   avia-builder-el-6  el_after_av_one_full  el_before_av_social_share '><span class='hr-inner ' ><span class='hr-inner-style'><\/span><\/span><\/div><\/p>\n<div  class='av-social-sharing-box  avia-builder-el-7  el_after_av_hr  el_before_av_hr  '><div class='av-share-box'><h5 class='av-share-link-description av-no-toc '>Compartir esta noticia<\/h5><ul class='av-share-box-list noLightbox'><li class='av-share-link av-social-link-facebook' ><a target=\"_blank\" aria-label=\"Compartir en Facebook\" href='https:\/\/www.facebook.com\/sharer.php?u=https:\/\/radiorevelacionfm.cl\/?p=44379&#038;t=Ronda%20preventiva%20regional%20de%20Carabineros%20culmin%C3%B3%20con%20seis%20detenidos%20y%20m%C3%A1s%20de%20mil%20controles%20desarrollados' aria-hidden='false' data-av_icon='\ue8f3' data-av_iconfont='entypo-fontello' title='' data-avia-related-tooltip='Compartir en Facebook' rel=\"noopener\"><span class='avia_hidden_link_text'>Compartir en Facebook<\/span><\/a><\/li><li class='av-share-link av-social-link-twitter' ><a target=\"_blank\" aria-label=\"Compartir en Twitter\" href='https:\/\/twitter.com\/share?text=Ronda%20preventiva%20regional%20de%20Carabineros%20culmin%C3%B3%20con%20seis%20detenidos%20y%20m%C3%A1s%20de%20mil%20controles%20desarrollados&#038;url=https:\/\/radiorevelacionfm.cl\/?p=44379' aria-hidden='false' data-av_icon='\ue8f1' data-av_iconfont='entypo-fontello' title='' data-avia-related-tooltip='Compartir en Twitter' rel=\"noopener\"><span class='avia_hidden_link_text'>Compartir en Twitter<\/span><\/a><\/li><li class='av-share-link av-social-link-whatsapp' ><a target=\"_blank\" aria-label=\"Compartir en Whatsapp\" href='https:\/\/api.whatsapp.com\/send?text=https:\/\/radiorevelacionfm.cl\/?p=44379' aria-hidden='false' data-av_icon='\uf232' data-av_iconfont='entypo-fontello' title='' data-avia-related-tooltip='Compartir en Whatsapp' rel=\"noopener\"><span class='avia_hidden_link_text'>Compartir en Whatsapp<\/span><\/a><\/li><li class='av-share-link av-social-link-linkedin' ><a target=\"_blank\" aria-label=\"Compartir en LinkedIn\" href='https:\/\/linkedin.com\/shareArticle?mini=true&#038;title=Ronda%20preventiva%20regional%20de%20Carabineros%20culmin%C3%B3%20con%20seis%20detenidos%20y%20m%C3%A1s%20de%20mil%20controles%20desarrollados&#038;url=https:\/\/radiorevelacionfm.cl\/?p=44379' aria-hidden='false' data-av_icon='\ue8fc' data-av_iconfont='entypo-fontello' title='' data-avia-related-tooltip='Compartir en LinkedIn' rel=\"noopener\"><span class='avia_hidden_link_text'>Compartir en LinkedIn<\/span><\/a><\/li><li class='av-share-link av-social-link-mail' ><a  aria-label=\"Compartir por correo\" href='mailto:?subject=Ronda%20preventiva%20regional%20de%20Carabineros%20culmin%C3%B3%20con%20seis%20detenidos%20y%20m%C3%A1s%20de%20mil%20controles%20desarrollados&#038;body=https:\/\/radiorevelacionfm.cl\/?p=44379' aria-hidden='false' data-av_icon='\ue805' data-av_iconfont='entypo-fontello' title='' data-avia-related-tooltip='Compartir por correo'><span class='avia_hidden_link_text'>Compartir por correo<\/span><\/a><\/li><\/ul><\/div><\/div>\n<div  style='height:50px' class='hr hr-invisible   avia-builder-el-8  el_after_av_social_share  el_before_av_comments_list '><span class='hr-inner ' ><span class='hr-inner-style'><\/span><\/span><\/div>\n<div  class='av-buildercomment  av-blog-meta-html-info-disabled av-blog-meta-tag-disabled  '><\/div>\n","protected":false},"excerpt":{"rendered":"","protected":false},"author":1,"featured_media":44380,"comment_status":"open","ping_status":"open","sticky":false,"template":"","format":"standard","meta":{"footnotes":""},"categories":[36],"tags":[],"class_list":["post-44379","post","type-post","status-publish","format-standard","has-post-thumbnail","hentry","category-policial"],"jetpack_featured_media_url":"https:\/\/radiorevelacionfm.cl\/wp-content\/uploads\/2024\/07\/GS7wiLiWoAAVNPS-1-1.jpg","_links":{"self":[{"href":"https:\/\/radiorevelacionfm.cl\/index.php?rest_route=\/wp\/v2\/posts\/44379","targetHints":{"allow":["GET"]}}],"collection":[{"href":"https:\/\/radiorevelacionfm.cl\/index.php?rest_route=\/wp\/v2\/posts"}],"about":[{"href":"https:\/\/radiorevelacionfm.cl\/index.php?rest_route=\/wp\/v2\/types\/post"}],"author":[{"embeddable":true,"href":"https:\/\/radiorevelacionfm.cl\/index.php?rest_route=\/wp\/v2\/users\/1"}],"replies":[{"embeddable":true,"href":"https:\/\/radiorevelacionfm.cl\/index.php?rest_route=%2Fwp%2Fv2%2Fcomments&post=44379"}],"version-history":[{"count":2,"href":"https:\/\/radiorevelacionfm.cl\/index.php?rest_route=\/wp\/v2\/posts\/44379\/revisions"}],"predecessor-version":[{"id":44382,"href":"https:\/\/radiorevelacionfm.cl\/index.php?rest_route=\/wp\/v2\/posts\/44379\/revisions\/44382"}],"wp:featuredmedia":[{"embeddable":true,"href":"https:\/\/radiorevelacionfm.cl\/index.php?rest_route=\/wp\/v2\/media\/44380"}],"wp:attachment":[{"href":"https:\/\/radiorevelacionfm.cl\/index.php?rest_route=%2Fwp%2Fv2%2Fmedia&parent=44379"}],"wp:term":[{"taxonomy":"category","embeddable":true,"href":"https:\/\/radiorevelacionfm.cl\/index.php?rest_route=%2Fwp%2Fv2%2Fcategories&post=44379"},{"taxonomy":"post_tag","embeddable":true,"href":"https:\/\/radiorevelacionfm.cl\/index.php?rest_route=%2Fwp%2Fv2%2Ftags&post=44379"}],"curies":[{"name":"wp","href":"https:\/\/api.w.org\/{rel}","templated":true}]}}