{"id":44377,"date":"2024-07-22T22:57:31","date_gmt":"2024-07-23T01:57:31","guid":{"rendered":"https:\/\/radiorevelacionfm.cl\/?p=44377"},"modified":"2024-07-22T23:00:22","modified_gmt":"2024-07-23T02:00:22","slug":"fiscalia-obtiene-condena-contra-imputado-de-34-anos-por-femicidio-tentado","status":"publish","type":"post","link":"https:\/\/radiorevelacionfm.cl\/?p=44377","title":{"rendered":"Chile Chico: Fiscal\u00eda obtiene condena contra imputado de 34 a\u00f1os por femicidio tentado"},"content":{"rendered":"<div class=\"flex_column av_one_full  flex_column_div av-zero-column-padding first  avia-builder-el-0  el_before_av_one_full  avia-builder-el-first  \" style='border-radius:0px; '><div  class='avia-image-container  av-styling-    avia-builder-el-1  avia-builder-el-no-sibling  avia-align-center '  itemprop=\"image\" itemscope=\"itemscope\" itemtype=\"https:\/\/schema.org\/ImageObject\"  ><div class='avia-image-container-inner'><div class='avia-image-overlay-wrap'><img decoding=\"async\" class='wp-image-39680 avia-img-lazy-loading-not-39680 avia_image' src=\"https:\/\/radiorevelacionfm.cl\/wp-content\/uploads\/2024\/02\/fiscalia_de_chile_chico4-1_optimized-photoroom_optimized-1.jpg\" alt='' title='fiscalia_de_chile_chico4-(1)_optimized-photoroom_optimized (1)' height=\"600\" width=\"900\"  itemprop=\"thumbnailUrl\" srcset=\"https:\/\/radiorevelacionfm.cl\/wp-content\/uploads\/2024\/02\/fiscalia_de_chile_chico4-1_optimized-photoroom_optimized-1.jpg 900w, https:\/\/radiorevelacionfm.cl\/wp-content\/uploads\/2024\/02\/fiscalia_de_chile_chico4-1_optimized-photoroom_optimized-1-300x200.jpg 300w, https:\/\/radiorevelacionfm.cl\/wp-content\/uploads\/2024\/02\/fiscalia_de_chile_chico4-1_optimized-photoroom_optimized-1-768x512.jpg 768w, https:\/\/radiorevelacionfm.cl\/wp-content\/uploads\/2024\/02\/fiscalia_de_chile_chico4-1_optimized-photoroom_optimized-1-705x470.jpg 705w, https:\/\/radiorevelacionfm.cl\/wp-content\/uploads\/2024\/02\/fiscalia_de_chile_chico4-1_optimized-photoroom_optimized-1-450x300.jpg 450w, https:\/\/radiorevelacionfm.cl\/wp-content\/uploads\/2024\/02\/fiscalia_de_chile_chico4-1_optimized-photoroom_optimized-1-600x400.jpg 600w\" sizes=\"(max-width: 900px) 100vw, 900px\" \/><\/div><\/div><\/div><\/div>\n<div class=\"flex_column av_one_full  flex_column_div av-zero-column-padding first  avia-builder-el-2  el_after_av_one_full  el_before_av_one_full  column-top-margin\" style='border-radius:0px; '><section class=\"av_textblock_section \"  itemscope=\"itemscope\" itemtype=\"https:\/\/schema.org\/BlogPosting\" itemprop=\"blogPost\" ><div class='avia_textblock  '   itemprop=\"text\" ><p style=\"text-align: center;\"><span style=\"font-size: 18pt;\"><b><span lang=\"ES\">Chile Chico: Fiscal\u00eda obtiene condena contra imputado de 34 a\u00f1os por femicidio tentado<\/span><\/b><\/span><\/p>\n<div id=\"gtx-trans\" style=\"position: absolute; left: -50px; top: 4.31534px;\">\n<div class=\"gtx-trans-icon\"><\/div>\n<\/div>\n<\/div><\/section><\/div><div class=\"flex_column av_one_full  flex_column_div av-zero-column-padding first  avia-builder-el-4  el_after_av_one_full  el_before_av_hr  column-top-margin\" style='border-radius:0px; '><section class=\"av_textblock_section \"  itemscope=\"itemscope\" itemtype=\"https:\/\/schema.org\/BlogPosting\" itemprop=\"blogPost\" ><div class='avia_textblock  '   itemprop=\"text\" ><p style=\"font-weight: 400; text-align: justify;\"><em>Sujeto registra tres condenas anteriores por lesiones menos graves en el contexto de violencia intrafamiliar, en contra de otras v\u00edctimas.<\/em><\/p>\n<p style=\"font-weight: 400; text-align: justify;\">El Ministerio P\u00fablico logr\u00f3 una condena de 7 a\u00f1os de c\u00e1rcel para un imputado de 34 a\u00f1os quien estrangul\u00f3 a su pareja el 18 de enero del a\u00f1o 2023 en Chile Chico, sin llegar a concretar su objetivo de matarla, hecho que fue calificado como femicidio tentado.<\/p>\n<p style=\"font-weight: 400; text-align: justify;\">La causa fue investigada por la Fiscal\u00eda Local de Chile Chico, donde el fiscal Alvaro Sanhueza Tasso, solicit\u00f3 diligencias a Carabineros de la Tercera Comisar\u00eda, quienes adoptaron el procedimiento.<\/p>\n<p style=\"font-weight: 400; text-align: justify;\">En este caso, producto de la violencia ejercida, la v\u00edctima result\u00f3 con un hematoma en la zona cervical tras el estrangulamiento con ambas manos que sufri\u00f3 por parte del imputado, las cuales fueron constadas por un m\u00e9dico del Hospital de Chile Chico.<\/p>\n<p style=\"font-weight: 400; text-align: justify;\">Para el Tribunal de Juicio Oral en Lo Penal, \u201ccon este \u00faltimo documento, result\u00f3 definitivamente corroborado el relato de la v\u00edctima en lo relacionado con la acci\u00f3n de apretarle su cuello, pues el hematoma que se constat\u00f3 en el hospital una hora despu\u00e9s de haber ocurrido el evento, constituye una manifestaci\u00f3n cl\u00ednica que, sin contradecir las m\u00e1ximas de la experiencia, es atribuible a dicha din\u00e1mica de ataque\u201d, en este caso, femicidio tentado.<\/p>\n<p style=\"font-weight: 400; text-align: justify;\">El Tribunal absolvi\u00f3 al imputado por un delito de lesiones menos graves en el contexto de violencia intrafamiliar, ocurrido el 13 de diciembre del 2022, adem\u00e1s de otro caso por amenazas condicionales registradas el 24 y 25 de enero de 2023 y por un hurto simple del 18 de enero de 2023.<\/p>\n<p style=\"font-weight: 400; text-align: justify;\">PRUEBAS<\/p>\n<p style=\"font-weight: 400; text-align: justify;\">En base a las pruebas presentadas en el juicio por el fiscal Jaime Rojas Gatica, el Tribunal de Juicio Oral en Lo Penal dio por acreditado que el 18 de enero de 2023, alrededor de las 22:30 horas, en un domicilio de Chile Chico, la v\u00edctima se encontraba junto con el acusado con quien manten\u00eda una relaci\u00f3n de convivencia.<\/p>\n<p style=\"font-weight: 400; text-align: justify;\">En dicha circunstancia, el sujeto comenz\u00f3 a increparla por celos y luego la empuj\u00f3 a un dormitorio, comenzando a ahorcarla con sus dos manos en el cuello, cort\u00e1ndole la respiraci\u00f3n, ocasi\u00f3n en que la v\u00edctima pide que la deje porque no puede respirar. Luego, el acusado se retira del domicilio en el autom\u00f3vil de la v\u00edctima y con el tel\u00e9fono celular de ella.<\/p>\n<p style=\"font-weight: 400; text-align: justify;\">El imputado de este delito, quien ahora fue sentenciado a 7 a\u00f1os de presidio mayor en su grado m\u00ednimo, registra condenas anteriores por ri\u00f1a p\u00fablica, tres condenas por lesiones menos graves en el contexto de violencia intrafamiliar (en contra de otras v\u00edctimas), da\u00f1os simples y conducci\u00f3n en estado de ebriedad calificado.<\/p>\n<\/div><\/section><\/div><\/p>\n<div  style='height:50px' class='hr hr-invisible   avia-builder-el-6  el_after_av_one_full  el_before_av_social_share '><span class='hr-inner ' ><span class='hr-inner-style'><\/span><\/span><\/div>\n<div  class='av-social-sharing-box  avia-builder-el-7  el_after_av_hr  el_before_av_hr  '><div class='av-share-box'><h5 class='av-share-link-description av-no-toc '>Compartir esta noticia<\/h5><ul class='av-share-box-list noLightbox'><li class='av-share-link av-social-link-facebook' ><a target=\"_blank\" aria-label=\"Compartir en Facebook\" href='https:\/\/www.facebook.com\/sharer.php?u=https:\/\/radiorevelacionfm.cl\/?p=44377&#038;t=Chile%20Chico%3A%20Fiscal%C3%ADa%20obtiene%20condena%20contra%20imputado%20de%2034%20a%C3%B1os%20por%20femicidio%20tentado' aria-hidden='false' data-av_icon='\ue8f3' data-av_iconfont='entypo-fontello' title='' data-avia-related-tooltip='Compartir en Facebook' rel=\"noopener\"><span class='avia_hidden_link_text'>Compartir en Facebook<\/span><\/a><\/li><li class='av-share-link av-social-link-twitter' ><a target=\"_blank\" aria-label=\"Compartir en Twitter\" href='https:\/\/twitter.com\/share?text=Chile%20Chico%3A%20Fiscal%C3%ADa%20obtiene%20condena%20contra%20imputado%20de%2034%20a%C3%B1os%20por%20femicidio%20tentado&#038;url=https:\/\/radiorevelacionfm.cl\/?p=44377' aria-hidden='false' data-av_icon='\ue8f1' data-av_iconfont='entypo-fontello' title='' data-avia-related-tooltip='Compartir en Twitter' rel=\"noopener\"><span class='avia_hidden_link_text'>Compartir en Twitter<\/span><\/a><\/li><li class='av-share-link av-social-link-whatsapp' ><a target=\"_blank\" aria-label=\"Compartir en Whatsapp\" href='https:\/\/api.whatsapp.com\/send?text=https:\/\/radiorevelacionfm.cl\/?p=44377' aria-hidden='false' data-av_icon='\uf232' data-av_iconfont='entypo-fontello' title='' data-avia-related-tooltip='Compartir en Whatsapp' rel=\"noopener\"><span class='avia_hidden_link_text'>Compartir en Whatsapp<\/span><\/a><\/li><li class='av-share-link av-social-link-linkedin' ><a target=\"_blank\" aria-label=\"Compartir en LinkedIn\" href='https:\/\/linkedin.com\/shareArticle?mini=true&#038;title=Chile%20Chico%3A%20Fiscal%C3%ADa%20obtiene%20condena%20contra%20imputado%20de%2034%20a%C3%B1os%20por%20femicidio%20tentado&#038;url=https:\/\/radiorevelacionfm.cl\/?p=44377' aria-hidden='false' data-av_icon='\ue8fc' data-av_iconfont='entypo-fontello' title='' data-avia-related-tooltip='Compartir en LinkedIn' rel=\"noopener\"><span class='avia_hidden_link_text'>Compartir en LinkedIn<\/span><\/a><\/li><li class='av-share-link av-social-link-mail' ><a  aria-label=\"Compartir por correo\" href='mailto:?subject=Chile%20Chico%3A%20Fiscal%C3%ADa%20obtiene%20condena%20contra%20imputado%20de%2034%20a%C3%B1os%20por%20femicidio%20tentado&#038;body=https:\/\/radiorevelacionfm.cl\/?p=44377' aria-hidden='false' data-av_icon='\ue805' data-av_iconfont='entypo-fontello' title='' data-avia-related-tooltip='Compartir por correo'><span class='avia_hidden_link_text'>Compartir por correo<\/span><\/a><\/li><\/ul><\/div><\/div>\n<div  style='height:50px' class='hr hr-invisible   avia-builder-el-8  el_after_av_social_share  el_before_av_comments_list '><span class='hr-inner ' ><span class='hr-inner-style'><\/span><\/span><\/div>\n<div  class='av-buildercomment  av-blog-meta-html-info-disabled av-blog-meta-tag-disabled  '><\/div>\n","protected":false},"excerpt":{"rendered":"","protected":false},"author":1,"featured_media":39680,"comment_status":"open","ping_status":"open","sticky":false,"template":"","format":"standard","meta":{"footnotes":""},"categories":[55],"tags":[],"class_list":["post-44377","post","type-post","status-publish","format-standard","has-post-thumbnail","hentry","category-justicia"],"jetpack_featured_media_url":"https:\/\/radiorevelacionfm.cl\/wp-content\/uploads\/2024\/02\/fiscalia_de_chile_chico4-1_optimized-photoroom_optimized-1.jpg","_links":{"self":[{"href":"https:\/\/radiorevelacionfm.cl\/index.php?rest_route=\/wp\/v2\/posts\/44377","targetHints":{"allow":["GET"]}}],"collection":[{"href":"https:\/\/radiorevelacionfm.cl\/index.php?rest_route=\/wp\/v2\/posts"}],"about":[{"href":"https:\/\/radiorevelacionfm.cl\/index.php?rest_route=\/wp\/v2\/types\/post"}],"author":[{"embeddable":true,"href":"https:\/\/radiorevelacionfm.cl\/index.php?rest_route=\/wp\/v2\/users\/1"}],"replies":[{"embeddable":true,"href":"https:\/\/radiorevelacionfm.cl\/index.php?rest_route=%2Fwp%2Fv2%2Fcomments&post=44377"}],"version-history":[{"count":2,"href":"https:\/\/radiorevelacionfm.cl\/index.php?rest_route=\/wp\/v2\/posts\/44377\/revisions"}],"predecessor-version":[{"id":44387,"href":"https:\/\/radiorevelacionfm.cl\/index.php?rest_route=\/wp\/v2\/posts\/44377\/revisions\/44387"}],"wp:featuredmedia":[{"embeddable":true,"href":"https:\/\/radiorevelacionfm.cl\/index.php?rest_route=\/wp\/v2\/media\/39680"}],"wp:attachment":[{"href":"https:\/\/radiorevelacionfm.cl\/index.php?rest_route=%2Fwp%2Fv2%2Fmedia&parent=44377"}],"wp:term":[{"taxonomy":"category","embeddable":true,"href":"https:\/\/radiorevelacionfm.cl\/index.php?rest_route=%2Fwp%2Fv2%2Fcategories&post=44377"},{"taxonomy":"post_tag","embeddable":true,"href":"https:\/\/radiorevelacionfm.cl\/index.php?rest_route=%2Fwp%2Fv2%2Ftags&post=44377"}],"curies":[{"name":"wp","href":"https:\/\/api.w.org\/{rel}","templated":true}]}}