{"id":44374,"date":"2024-07-22T22:00:06","date_gmt":"2024-07-23T01:00:06","guid":{"rendered":"https:\/\/radiorevelacionfm.cl\/?p=44374"},"modified":"2024-07-22T22:00:06","modified_gmt":"2024-07-23T01:00:06","slug":"inauguran-totem-gratuito-para-recarga-de-celulares-en-cesfam-de-la-junta","status":"publish","type":"post","link":"https:\/\/radiorevelacionfm.cl\/?p=44374","title":{"rendered":"Inauguran t\u00f3tem gratuito para recarga de celulares en Cesfam de La Junta"},"content":{"rendered":"<div class=\"flex_column av_one_full  flex_column_div av-zero-column-padding first  avia-builder-el-0  el_before_av_one_full  avia-builder-el-first  \" style='border-radius:0px; '><div  class='avia-image-container  av-styling-    avia-builder-el-1  avia-builder-el-no-sibling  avia-align-center '  itemprop=\"image\" itemscope=\"itemscope\" itemtype=\"https:\/\/schema.org\/ImageObject\"  ><div class='avia-image-container-inner'><div class='avia-image-overlay-wrap'><img decoding=\"async\" class='wp-image-44375 avia-img-lazy-loading-not-44375 avia_image' src=\"https:\/\/radiorevelacionfm.cl\/wp-content\/uploads\/2024\/07\/cesfam-de-la-junta0-1_optimized.jpeg\" alt='' title='cesfam-de-la-junta0-(1)_optimized' height=\"600\" width=\"1067\"  itemprop=\"thumbnailUrl\" srcset=\"https:\/\/radiorevelacionfm.cl\/wp-content\/uploads\/2024\/07\/cesfam-de-la-junta0-1_optimized.jpeg 1067w, https:\/\/radiorevelacionfm.cl\/wp-content\/uploads\/2024\/07\/cesfam-de-la-junta0-1_optimized-300x169.jpeg 300w, https:\/\/radiorevelacionfm.cl\/wp-content\/uploads\/2024\/07\/cesfam-de-la-junta0-1_optimized-1030x579.jpeg 1030w, https:\/\/radiorevelacionfm.cl\/wp-content\/uploads\/2024\/07\/cesfam-de-la-junta0-1_optimized-768x432.jpeg 768w, https:\/\/radiorevelacionfm.cl\/wp-content\/uploads\/2024\/07\/cesfam-de-la-junta0-1_optimized-705x396.jpeg 705w, https:\/\/radiorevelacionfm.cl\/wp-content\/uploads\/2024\/07\/cesfam-de-la-junta0-1_optimized-450x253.jpeg 450w, https:\/\/radiorevelacionfm.cl\/wp-content\/uploads\/2024\/07\/cesfam-de-la-junta0-1_optimized-600x337.jpeg 600w\" sizes=\"(max-width: 1067px) 100vw, 1067px\" \/><\/div><\/div><\/div><\/div><div class=\"flex_column av_one_full  flex_column_div av-zero-column-padding first  avia-builder-el-2  el_after_av_one_full  el_before_av_one_full  column-top-margin\" style='border-radius:0px; '><section class=\"av_textblock_section \"  itemscope=\"itemscope\" itemtype=\"https:\/\/schema.org\/BlogPosting\" itemprop=\"blogPost\" ><div class='avia_textblock  '   itemprop=\"text\" ><p style=\"text-align: center;\"><strong><span style=\"font-size: 18pt;\">Inauguran t\u00f3tem gratuito para recarga de celulares en Cesfam de La Junta<\/span><\/strong><\/p>\n<div id=\"gtx-trans\" style=\"position: absolute; left: -50px; top: 4.31534px;\">\n<div class=\"gtx-trans-icon\"><\/div>\n<\/div>\n<\/div><\/section><\/div><div class=\"flex_column av_one_full  flex_column_div av-zero-column-padding first  avia-builder-el-4  el_after_av_one_full  el_before_av_hr  column-top-margin\" style='border-radius:0px; '><section class=\"av_textblock_section \"  itemscope=\"itemscope\" itemtype=\"https:\/\/schema.org\/BlogPosting\" itemprop=\"blogPost\" ><div class='avia_textblock  '   itemprop=\"text\" ><p style=\"text-align: justify;\">Una iniciativa que permite a las familias mantenerse conectadas en lugares de alta concurrencia como la sala de espera del Cesfam de La Junta, es parte de la gesti\u00f3n que ha desarrollado Edelaysen en diferentes espacios de la regi\u00f3n. La iniciativa forma parte del programa \u201cConecta tu Energ\u00eda\u201d, dise\u00f1ado para ofrecer soluciones pr\u00e1cticas y sostenibles para la comunidad.<\/p>\n<p style=\"text-align: justify;\">El t\u00f3tem de recarga gratuita, ubicado en la sala de espera del Cesfam, permitir\u00e1 a los vecinos cargar sus dispositivos m\u00f3viles mientras esperan su turno para ser atendidos. Esta implementaci\u00f3n no solo mejora la experiencia de los usuarios del centro de salud, sino que tambi\u00e9n garantiza que los vecinos puedan mantenerse conectados en todo momento, facilitando la comunicaci\u00f3n y el acceso a informaci\u00f3n relevante.<\/p>\n<p style=\"text-align: justify;\">Atilano Jaramillo, ejecutivo de Edelaysen destac\u00f3 \u201cEs un gran beneficio a la comunidad, dar las gracias al Cesfam por acceder a nuestra petici\u00f3n por darnos la oportunidad de promover y entregar sustentabilidad, entreg\u00e1ndole un confort a las personas que van a estar en el d\u00eda a d\u00eda y sobre todo ese comp\u00e1s de espera que sea ameno y que haya un contacto permanente de parte de los familiares cuando haya una persona enferma y eso sin duda es lo m\u00e1s gratificante para nosotros\u201d.<\/p>\n<p style=\"text-align: justify;\">La inauguraci\u00f3n del t\u00f3tem cont\u00f3 con la presencia de autoridades locales, representantes de Edelaysen y miembros de la comunidad, quienes destacaron la importancia de este tipo de iniciativas en la construcci\u00f3n de una sociedad m\u00e1s conectada y solidaria.<\/p>\n<p style=\"text-align: justify;\">En ese sentido Nolfa \u00c1guila vecina del sector rural de la localidad coment\u00f3 sentirse agradecida con este t\u00f3tem, recordando que es similar al que se encuentra ubicado en el terminal de buses de Coyhaique agregando que: \u201cMe parece excelente porque la verdad uno viene al Cesfam y tiene que esperar un rato y si no tienes carga para tu celular f\u00e1cilmente lo pones ah\u00ed y me parece excelente, muy bueno porque yo vengo del campo y vengo por mis horas. Me parece muy bien lo que hizo Edelaysen\u201d.<\/p>\n<p style=\"text-align: justify;\">Por su parte, Camila San Mart\u00edn directora (s) del centro de salud mencion\u00f3 que: \u201cAgradecer a Edelaysen por esta bonita donaci\u00f3n que hicieron al centro de salud y en general a toda la comunidad del sector norte. Si bien este t\u00f3tem va a estar en el Cesfam de La Junta, es un beneficio para la comunidad de Lago Verde, Puyuhuapi, Ra\u00fal Mar\u00edn cuando se vienen a atender ya que los usuarios est\u00e1n por largas horas y esto permitir\u00e1 la conectividad con sus familias as\u00ed que se agradece mucho\u201d.<\/p>\n<p style=\"text-align: justify;\">Con este proyecto, Edelaysen reafirma su compromiso con el desarrollo sostenible y el apoyo a las comunidades de Ays\u00e9n, promoviendo un entorno donde todos puedan beneficiarse de los avances tecnol\u00f3gicos y energ\u00e9ticos.<\/p>\n<\/div><\/section><\/div><div  style='height:50px' class='hr hr-invisible   avia-builder-el-6  el_after_av_one_full  el_before_av_social_share '><span class='hr-inner ' ><span class='hr-inner-style'><\/span><\/span><\/div><\/p>\n<div  class='av-social-sharing-box  avia-builder-el-7  el_after_av_hr  el_before_av_hr  '><div class='av-share-box'><h5 class='av-share-link-description av-no-toc '>Compartir esta noticia<\/h5><ul class='av-share-box-list noLightbox'><li class='av-share-link av-social-link-facebook' ><a target=\"_blank\" aria-label=\"Compartir en Facebook\" href='https:\/\/www.facebook.com\/sharer.php?u=https:\/\/radiorevelacionfm.cl\/?p=44374&#038;t=Inauguran%20t%C3%B3tem%20gratuito%20para%20recarga%20de%20celulares%20en%20Cesfam%20de%20La%20Junta' aria-hidden='false' data-av_icon='\ue8f3' data-av_iconfont='entypo-fontello' title='' data-avia-related-tooltip='Compartir en Facebook' rel=\"noopener\"><span class='avia_hidden_link_text'>Compartir en Facebook<\/span><\/a><\/li><li class='av-share-link av-social-link-twitter' ><a target=\"_blank\" aria-label=\"Compartir en Twitter\" href='https:\/\/twitter.com\/share?text=Inauguran%20t%C3%B3tem%20gratuito%20para%20recarga%20de%20celulares%20en%20Cesfam%20de%20La%20Junta&#038;url=https:\/\/radiorevelacionfm.cl\/?p=44374' aria-hidden='false' data-av_icon='\ue8f1' data-av_iconfont='entypo-fontello' title='' data-avia-related-tooltip='Compartir en Twitter' rel=\"noopener\"><span class='avia_hidden_link_text'>Compartir en Twitter<\/span><\/a><\/li><li class='av-share-link av-social-link-whatsapp' ><a target=\"_blank\" aria-label=\"Compartir en Whatsapp\" href='https:\/\/api.whatsapp.com\/send?text=https:\/\/radiorevelacionfm.cl\/?p=44374' aria-hidden='false' data-av_icon='\uf232' data-av_iconfont='entypo-fontello' title='' data-avia-related-tooltip='Compartir en Whatsapp' rel=\"noopener\"><span class='avia_hidden_link_text'>Compartir en Whatsapp<\/span><\/a><\/li><li class='av-share-link av-social-link-linkedin' ><a target=\"_blank\" aria-label=\"Compartir en LinkedIn\" href='https:\/\/linkedin.com\/shareArticle?mini=true&#038;title=Inauguran%20t%C3%B3tem%20gratuito%20para%20recarga%20de%20celulares%20en%20Cesfam%20de%20La%20Junta&#038;url=https:\/\/radiorevelacionfm.cl\/?p=44374' aria-hidden='false' data-av_icon='\ue8fc' data-av_iconfont='entypo-fontello' title='' data-avia-related-tooltip='Compartir en LinkedIn' rel=\"noopener\"><span class='avia_hidden_link_text'>Compartir en LinkedIn<\/span><\/a><\/li><li class='av-share-link av-social-link-mail' ><a  aria-label=\"Compartir por correo\" href='mailto:?subject=Inauguran%20t%C3%B3tem%20gratuito%20para%20recarga%20de%20celulares%20en%20Cesfam%20de%20La%20Junta&#038;body=https:\/\/radiorevelacionfm.cl\/?p=44374' aria-hidden='false' data-av_icon='\ue805' data-av_iconfont='entypo-fontello' title='' data-avia-related-tooltip='Compartir por correo'><span class='avia_hidden_link_text'>Compartir por correo<\/span><\/a><\/li><\/ul><\/div><\/div>\n<div  style='height:50px' class='hr hr-invisible   avia-builder-el-8  el_after_av_social_share  el_before_av_comments_list '><span class='hr-inner ' ><span class='hr-inner-style'><\/span><\/span><\/div>\n<div  class='av-buildercomment  av-blog-meta-html-info-disabled av-blog-meta-tag-disabled  '><\/div>\n","protected":false},"excerpt":{"rendered":"","protected":false},"author":1,"featured_media":44375,"comment_status":"open","ping_status":"open","sticky":false,"template":"","format":"standard","meta":{"footnotes":""},"categories":[38],"tags":[],"class_list":["post-44374","post","type-post","status-publish","format-standard","has-post-thumbnail","hentry","category-regional"],"jetpack_featured_media_url":"https:\/\/radiorevelacionfm.cl\/wp-content\/uploads\/2024\/07\/cesfam-de-la-junta0-1_optimized.jpeg","_links":{"self":[{"href":"https:\/\/radiorevelacionfm.cl\/index.php?rest_route=\/wp\/v2\/posts\/44374","targetHints":{"allow":["GET"]}}],"collection":[{"href":"https:\/\/radiorevelacionfm.cl\/index.php?rest_route=\/wp\/v2\/posts"}],"about":[{"href":"https:\/\/radiorevelacionfm.cl\/index.php?rest_route=\/wp\/v2\/types\/post"}],"author":[{"embeddable":true,"href":"https:\/\/radiorevelacionfm.cl\/index.php?rest_route=\/wp\/v2\/users\/1"}],"replies":[{"embeddable":true,"href":"https:\/\/radiorevelacionfm.cl\/index.php?rest_route=%2Fwp%2Fv2%2Fcomments&post=44374"}],"version-history":[{"count":1,"href":"https:\/\/radiorevelacionfm.cl\/index.php?rest_route=\/wp\/v2\/posts\/44374\/revisions"}],"predecessor-version":[{"id":44376,"href":"https:\/\/radiorevelacionfm.cl\/index.php?rest_route=\/wp\/v2\/posts\/44374\/revisions\/44376"}],"wp:featuredmedia":[{"embeddable":true,"href":"https:\/\/radiorevelacionfm.cl\/index.php?rest_route=\/wp\/v2\/media\/44375"}],"wp:attachment":[{"href":"https:\/\/radiorevelacionfm.cl\/index.php?rest_route=%2Fwp%2Fv2%2Fmedia&parent=44374"}],"wp:term":[{"taxonomy":"category","embeddable":true,"href":"https:\/\/radiorevelacionfm.cl\/index.php?rest_route=%2Fwp%2Fv2%2Fcategories&post=44374"},{"taxonomy":"post_tag","embeddable":true,"href":"https:\/\/radiorevelacionfm.cl\/index.php?rest_route=%2Fwp%2Fv2%2Ftags&post=44374"}],"curies":[{"name":"wp","href":"https:\/\/api.w.org\/{rel}","templated":true}]}}