{"id":44371,"date":"2024-07-22T21:17:32","date_gmt":"2024-07-23T00:17:32","guid":{"rendered":"https:\/\/radiorevelacionfm.cl\/?p=44371"},"modified":"2024-07-22T21:17:32","modified_gmt":"2024-07-23T00:17:32","slug":"un-7-de-avance-registran-obras-que-triplicaran-capacidad-del-aerodromo-balmaceda","status":"publish","type":"post","link":"https:\/\/radiorevelacionfm.cl\/?p=44371","title":{"rendered":"Un 7% de avance registran obras que triplicar\u00e1n capacidad del Aer\u00f3dromo Balmaceda"},"content":{"rendered":"<div class=\"flex_column av_one_full  flex_column_div av-zero-column-padding first  avia-builder-el-0  el_before_av_one_full  avia-builder-el-first  \" style='border-radius:0px; '><div  class='avia-image-container  av-styling-    avia-builder-el-1  avia-builder-el-no-sibling  avia-align-center '  itemprop=\"image\" itemscope=\"itemscope\" itemtype=\"https:\/\/schema.org\/ImageObject\"  ><div class='avia-image-container-inner'><div class='avia-image-overlay-wrap'><img decoding=\"async\" class='wp-image-44372 avia-img-lazy-loading-not-44372 avia_image' src=\"https:\/\/radiorevelacionfm.cl\/wp-content\/uploads\/2024\/07\/img_1737-1_optimized-1.jpg\" alt='' title='img_1737-(1)_optimized (1)' height=\"600\" width=\"900\"  itemprop=\"thumbnailUrl\" srcset=\"https:\/\/radiorevelacionfm.cl\/wp-content\/uploads\/2024\/07\/img_1737-1_optimized-1.jpg 900w, https:\/\/radiorevelacionfm.cl\/wp-content\/uploads\/2024\/07\/img_1737-1_optimized-1-300x200.jpg 300w, https:\/\/radiorevelacionfm.cl\/wp-content\/uploads\/2024\/07\/img_1737-1_optimized-1-768x512.jpg 768w, https:\/\/radiorevelacionfm.cl\/wp-content\/uploads\/2024\/07\/img_1737-1_optimized-1-705x470.jpg 705w, https:\/\/radiorevelacionfm.cl\/wp-content\/uploads\/2024\/07\/img_1737-1_optimized-1-450x300.jpg 450w, https:\/\/radiorevelacionfm.cl\/wp-content\/uploads\/2024\/07\/img_1737-1_optimized-1-600x400.jpg 600w\" sizes=\"(max-width: 900px) 100vw, 900px\" \/><\/div><\/div><\/div><\/div><div class=\"flex_column av_one_full  flex_column_div av-zero-column-padding first  avia-builder-el-2  el_after_av_one_full  el_before_av_one_full  column-top-margin\" style='border-radius:0px; '><section class=\"av_textblock_section \"  itemscope=\"itemscope\" itemtype=\"https:\/\/schema.org\/BlogPosting\" itemprop=\"blogPost\" ><div class='avia_textblock  '   itemprop=\"text\" ><p style=\"text-align: center;\"><strong><span style=\"font-size: 18pt;\">Un 7% de avance registran obras que triplicar\u00e1n capacidad del Aer\u00f3dromo Balmaceda <\/span><\/strong><\/p>\n<div id=\"gtx-trans\" style=\"position: absolute; left: -50px; top: 4.31534px;\">\n<div class=\"gtx-trans-icon\"><\/div>\n<\/div>\n<\/div><\/section><\/div><div class=\"flex_column av_one_full  flex_column_div av-zero-column-padding first  avia-builder-el-4  el_after_av_one_full  el_before_av_hr  column-top-margin\" style='border-radius:0px; '><section class=\"av_textblock_section \"  itemscope=\"itemscope\" itemtype=\"https:\/\/schema.org\/BlogPosting\" itemprop=\"blogPost\" ><div class='avia_textblock  '   itemprop=\"text\" ><p style=\"font-weight: 400; text-align: justify;\">Un 7% de avance registran las obras de la Red Aeroportuaria Austral Aer\u00f3dromo Balmaceda, primera obra concesionada en la regi\u00f3n de Ays\u00e9n, con una inversi\u00f3n que supera los 44 mil millones de pesos, genera cerca de 300 empleos y que triplicar\u00e1 la capacidad de transporte de pasajeros, pasando de un mill\u00f3n de personas anuales a tres millones aproximadamente.<\/p>\n<p style=\"font-weight: 400; text-align: justify;\">Con este proyecto, la superficie de Balmaceda aumentar\u00e1 de 2.800 m2 a m\u00e1s de 12.000 m2; el \u00e1rea de movimiento de aeronaves crecer\u00e1 de 27 mil m2 a 52 mil m2; se aumentar\u00e1 de dos a cinco los puentes de embarque m\u00e1s uno remoto y el estacionamiento de naves comerciales aumentar\u00e1 de cuatro a seis.<\/p>\n<p style=\"font-weight: 400; text-align: justify;\">De forma complementaria, la Direcci\u00f3n de Aeropuertos del MOP desarrolla la normalizaci\u00f3n del \u00e1rea de movimiento, que incluye la incorporaci\u00f3n de la tecnolog\u00eda ILS (en ingl\u00e9s Instrument Landing System), sistema instrumental de aterrizaje ILS Categor\u00eda I, que permitir\u00e1 realizar operaciones de aterrizaje con visibilidad m\u00ednima de 2.400 pies (730 metros) y con una altura de decisi\u00f3n de 200 pies (60 metros), mejorando las condiciones de seguridad a\u00e9rea al momento del aterrizaje.<\/p>\n<p style=\"font-weight: 400; text-align: justify;\">Las obras fueron inspeccionadas por el Delegado Presidencial Regional, Rodrigo Araya, junto a los seremis de Obras P\u00fablicas, Paloma Jara; del Trabajo y Previsi\u00f3n Social, Rodrigo D\u00edaz, y de Gobierno (s) Tom\u00e1s Laibe; la directora de Aeropuertos, Anita \u00c1lvarez, Jefe Aer\u00f3dromo Balmaceda de la Direcci\u00f3n General de Aeron\u00e1utica Civil, Andr\u00e9s Murillo, y Jefe de Divisi\u00f3n de Planificaci\u00f3n y Desarrollo del Gobierno Regional Francisco Lara, entre otros.<\/p>\n<p style=\"font-weight: 400; text-align: justify;\">\u201cVinimos a ver dos proyectos muy importantes, la construcci\u00f3n del nuevo terminal -que tiene un 7% de avance- y la normalizaci\u00f3n del aer\u00f3dromo Balmaceda, para la ampliaci\u00f3n de las pistas de rodaje e instalaci\u00f3n del sistema ILS, que va a permitir la operaci\u00f3n de aeronaves con menor visibilidad. Con estas iniciativas, vamos a triplicar la cantidad de pasajeros que van a poder usar este terminal\u201d, indic\u00f3 Rodrigo Araya.<\/p>\n<p style=\"font-weight: 400; text-align: justify;\">La seremi MOP, Paloma Jara a\u00f1adi\u00f3 que se trata de \u201cuna de nuestras m\u00e1s importantes obras de conectividad, que es uno de los ejes del Ministerio de Obras P\u00fablicas. Adem\u00e1s de los temas terrestres, en esta regi\u00f3n es fundamental tener conectividad v\u00eda a\u00e9rea y mar\u00edtima. Por eso es importante ver que en el aer\u00f3dromo Balmaceda vamos a lograr mayor afluencia de vuelos con los terminales nacionales, lo que va a mejorar la calidad de vida de aquellos que habitan la regi\u00f3n y de quienes nos visitan, encontrando una infraestructura con el espacio suficiente, que les permita decir que es una maravilla ir a la Patagonia y encontrar este tipo de infraestructura\u201d.<\/p>\n<p style=\"font-weight: 400; text-align: justify;\">Las obras del nuevo terminal est\u00e1n siendo ejecutadas por la concesionaria Red Aeroportuaria Austral, a cargo del terminal de pasajeros; con la Empresa Construcciones Urales Chile Sociedad An\u00f3nima, como detall\u00f3 la Directora de Aeropuertos, Anita \u00c1lvarez.<\/p>\n<p style=\"font-weight: 400; text-align: justify;\">\u201cLa empresa tiene plazo de abril de 2026 para la entrega del nuevo terminal, posteriormente, la empresa constructora toma posesi\u00f3n de lo que hoy d\u00eda es el terminal actual y lo transforma en terminal de carga. En definitiva, el contrato de construcci\u00f3n propiamente tal deber\u00eda terminar en el a\u00f1o 2027\u201d, concluy\u00f3.<\/p>\n<p style=\"font-weight: 400; text-align: justify;\">Cabe se\u00f1alar que el ILS est\u00e1 normalizado en el mundo y en Chile la mayor\u00eda de los aeropuertos y aer\u00f3dromos principales de cada una de las regiones cuenta con ILS CAT I, solo el aeropuerto Arturo Merino Benites de Santiago y Carriel Sur en concepci\u00f3n cuentan con un ILS CAT III, que permite un aterrizaje con altura de decisi\u00f3n de 0 a 15 mt y visibilidad horizontal sobre los 50 metros.<\/p>\n<\/div><\/section><\/div><div  style='height:50px' class='hr hr-invisible   avia-builder-el-6  el_after_av_one_full  el_before_av_social_share '><span class='hr-inner ' ><span class='hr-inner-style'><\/span><\/span><\/div><\/p>\n<div  class='av-social-sharing-box  avia-builder-el-7  el_after_av_hr  el_before_av_hr  '><div class='av-share-box'><h5 class='av-share-link-description av-no-toc '>Compartir esta noticia<\/h5><ul class='av-share-box-list noLightbox'><li class='av-share-link av-social-link-facebook' ><a target=\"_blank\" aria-label=\"Compartir en Facebook\" href='https:\/\/www.facebook.com\/sharer.php?u=https:\/\/radiorevelacionfm.cl\/?p=44371&#038;t=Un%207%25%20de%20avance%20registran%20obras%20que%20triplicar%C3%A1n%20capacidad%20del%20Aer%C3%B3dromo%20Balmaceda' aria-hidden='false' data-av_icon='\ue8f3' data-av_iconfont='entypo-fontello' title='' data-avia-related-tooltip='Compartir en Facebook' rel=\"noopener\"><span class='avia_hidden_link_text'>Compartir en Facebook<\/span><\/a><\/li><li class='av-share-link av-social-link-twitter' ><a target=\"_blank\" aria-label=\"Compartir en Twitter\" href='https:\/\/twitter.com\/share?text=Un%207%25%20de%20avance%20registran%20obras%20que%20triplicar%C3%A1n%20capacidad%20del%20Aer%C3%B3dromo%20Balmaceda&#038;url=https:\/\/radiorevelacionfm.cl\/?p=44371' aria-hidden='false' data-av_icon='\ue8f1' data-av_iconfont='entypo-fontello' title='' data-avia-related-tooltip='Compartir en Twitter' rel=\"noopener\"><span class='avia_hidden_link_text'>Compartir en Twitter<\/span><\/a><\/li><li class='av-share-link av-social-link-whatsapp' ><a target=\"_blank\" aria-label=\"Compartir en Whatsapp\" href='https:\/\/api.whatsapp.com\/send?text=https:\/\/radiorevelacionfm.cl\/?p=44371' aria-hidden='false' data-av_icon='\uf232' data-av_iconfont='entypo-fontello' title='' data-avia-related-tooltip='Compartir en Whatsapp' rel=\"noopener\"><span class='avia_hidden_link_text'>Compartir en Whatsapp<\/span><\/a><\/li><li class='av-share-link av-social-link-linkedin' ><a target=\"_blank\" aria-label=\"Compartir en LinkedIn\" href='https:\/\/linkedin.com\/shareArticle?mini=true&#038;title=Un%207%25%20de%20avance%20registran%20obras%20que%20triplicar%C3%A1n%20capacidad%20del%20Aer%C3%B3dromo%20Balmaceda&#038;url=https:\/\/radiorevelacionfm.cl\/?p=44371' aria-hidden='false' data-av_icon='\ue8fc' data-av_iconfont='entypo-fontello' title='' data-avia-related-tooltip='Compartir en LinkedIn' rel=\"noopener\"><span class='avia_hidden_link_text'>Compartir en LinkedIn<\/span><\/a><\/li><li class='av-share-link av-social-link-mail' ><a  aria-label=\"Compartir por correo\" href='mailto:?subject=Un%207%25%20de%20avance%20registran%20obras%20que%20triplicar%C3%A1n%20capacidad%20del%20Aer%C3%B3dromo%20Balmaceda&#038;body=https:\/\/radiorevelacionfm.cl\/?p=44371' aria-hidden='false' data-av_icon='\ue805' data-av_iconfont='entypo-fontello' title='' data-avia-related-tooltip='Compartir por correo'><span class='avia_hidden_link_text'>Compartir por correo<\/span><\/a><\/li><\/ul><\/div><\/div>\n<div  style='height:50px' class='hr hr-invisible   avia-builder-el-8  el_after_av_social_share  el_before_av_comments_list '><span class='hr-inner ' ><span class='hr-inner-style'><\/span><\/span><\/div>\n<div  class='av-buildercomment  av-blog-meta-html-info-disabled av-blog-meta-tag-disabled  '><\/div>\n","protected":false},"excerpt":{"rendered":"","protected":false},"author":1,"featured_media":44372,"comment_status":"open","ping_status":"open","sticky":false,"template":"","format":"standard","meta":{"footnotes":""},"categories":[38],"tags":[],"class_list":["post-44371","post","type-post","status-publish","format-standard","has-post-thumbnail","hentry","category-regional"],"jetpack_featured_media_url":"https:\/\/radiorevelacionfm.cl\/wp-content\/uploads\/2024\/07\/img_1737-1_optimized-1.jpg","_links":{"self":[{"href":"https:\/\/radiorevelacionfm.cl\/index.php?rest_route=\/wp\/v2\/posts\/44371","targetHints":{"allow":["GET"]}}],"collection":[{"href":"https:\/\/radiorevelacionfm.cl\/index.php?rest_route=\/wp\/v2\/posts"}],"about":[{"href":"https:\/\/radiorevelacionfm.cl\/index.php?rest_route=\/wp\/v2\/types\/post"}],"author":[{"embeddable":true,"href":"https:\/\/radiorevelacionfm.cl\/index.php?rest_route=\/wp\/v2\/users\/1"}],"replies":[{"embeddable":true,"href":"https:\/\/radiorevelacionfm.cl\/index.php?rest_route=%2Fwp%2Fv2%2Fcomments&post=44371"}],"version-history":[{"count":1,"href":"https:\/\/radiorevelacionfm.cl\/index.php?rest_route=\/wp\/v2\/posts\/44371\/revisions"}],"predecessor-version":[{"id":44373,"href":"https:\/\/radiorevelacionfm.cl\/index.php?rest_route=\/wp\/v2\/posts\/44371\/revisions\/44373"}],"wp:featuredmedia":[{"embeddable":true,"href":"https:\/\/radiorevelacionfm.cl\/index.php?rest_route=\/wp\/v2\/media\/44372"}],"wp:attachment":[{"href":"https:\/\/radiorevelacionfm.cl\/index.php?rest_route=%2Fwp%2Fv2%2Fmedia&parent=44371"}],"wp:term":[{"taxonomy":"category","embeddable":true,"href":"https:\/\/radiorevelacionfm.cl\/index.php?rest_route=%2Fwp%2Fv2%2Fcategories&post=44371"},{"taxonomy":"post_tag","embeddable":true,"href":"https:\/\/radiorevelacionfm.cl\/index.php?rest_route=%2Fwp%2Fv2%2Ftags&post=44371"}],"curies":[{"name":"wp","href":"https:\/\/api.w.org\/{rel}","templated":true}]}}