{"id":44365,"date":"2024-07-22T17:47:16","date_gmt":"2024-07-22T20:47:16","guid":{"rendered":"https:\/\/radiorevelacionfm.cl\/?p=44365"},"modified":"2024-07-22T17:47:16","modified_gmt":"2024-07-22T20:47:16","slug":"incluiran-transporte-de-cargas-peligrosas-en-nuevo-contrato-de-conectividad-maritima-hacia-islas-huichas","status":"publish","type":"post","link":"https:\/\/radiorevelacionfm.cl\/?p=44365","title":{"rendered":"Incluir\u00e1n transporte de cargas peligrosas en nuevo contrato de conectividad mar\u00edtima hacia Islas Huichas"},"content":{"rendered":"<div class=\"flex_column av_one_full  flex_column_div av-zero-column-padding first  avia-builder-el-0  el_before_av_one_full  avia-builder-el-first  \" style='border-radius:0px; '><div  class='avia-image-container  av-styling-    avia-builder-el-1  avia-builder-el-no-sibling  avia-align-center '  itemprop=\"image\" itemscope=\"itemscope\" itemtype=\"https:\/\/schema.org\/ImageObject\"  ><div class='avia-image-container-inner'><div class='avia-image-overlay-wrap'><img decoding=\"async\" class='wp-image-44366 avia-img-lazy-loading-not-44366 avia_image' src=\"https:\/\/radiorevelacionfm.cl\/wp-content\/uploads\/2024\/07\/dsc_8507-1_optimized.jpg\" alt='' title='dsc_8507-(1)_optimized' height=\"600\" width=\"903\"  itemprop=\"thumbnailUrl\" srcset=\"https:\/\/radiorevelacionfm.cl\/wp-content\/uploads\/2024\/07\/dsc_8507-1_optimized.jpg 903w, https:\/\/radiorevelacionfm.cl\/wp-content\/uploads\/2024\/07\/dsc_8507-1_optimized-300x199.jpg 300w, https:\/\/radiorevelacionfm.cl\/wp-content\/uploads\/2024\/07\/dsc_8507-1_optimized-768x510.jpg 768w, https:\/\/radiorevelacionfm.cl\/wp-content\/uploads\/2024\/07\/dsc_8507-1_optimized-705x468.jpg 705w, https:\/\/radiorevelacionfm.cl\/wp-content\/uploads\/2024\/07\/dsc_8507-1_optimized-450x299.jpg 450w, https:\/\/radiorevelacionfm.cl\/wp-content\/uploads\/2024\/07\/dsc_8507-1_optimized-600x399.jpg 600w\" sizes=\"(max-width: 903px) 100vw, 903px\" \/><\/div><\/div><\/div><\/div><div class=\"flex_column av_one_full  flex_column_div av-zero-column-padding first  avia-builder-el-2  el_after_av_one_full  el_before_av_one_full  column-top-margin\" style='border-radius:0px; '><section class=\"av_textblock_section \"  itemscope=\"itemscope\" itemtype=\"https:\/\/schema.org\/BlogPosting\" itemprop=\"blogPost\" ><div class='avia_textblock  '   itemprop=\"text\" ><p style=\"text-align: center;\"><span style=\"font-size: 18pt;\"><b>Incluir\u00e1n transporte de cargas peligrosas en nuevo contrato de conectividad mar\u00edtima hacia Islas Huichas<\/b><\/span><\/p>\n<div id=\"gtx-trans\" style=\"position: absolute; left: -50px; top: 4.31534px;\">\n<div class=\"gtx-trans-icon\"><\/div>\n<\/div>\n<\/div><\/section><\/div><div class=\"flex_column av_one_full  flex_column_div av-zero-column-padding first  avia-builder-el-4  el_after_av_one_full  el_before_av_hr  column-top-margin\" style='border-radius:0px; '><section class=\"av_textblock_section \"  itemscope=\"itemscope\" itemtype=\"https:\/\/schema.org\/BlogPosting\" itemprop=\"blogPost\" ><div class='avia_textblock  '   itemprop=\"text\" ><p style=\"font-weight: 400; text-align: justify;\"><em>En reuni\u00f3n con dirigentes de las localidades de Puerto Aguirre, Estero Copa y Caleta Andrade, seremiTT dio cuenta de esta modificaci\u00f3n, muy esperada por los habitantes de esta zona del litoral.<\/em><\/p>\n<p style=\"font-weight: 400; text-align: justify;\">En el contexto de actividades en terreno convocadas por la municipalidad de Ays\u00e9n en Puerto Aguirre, el seremiTT Hans Zimmermann realiz\u00f3 una exposici\u00f3n sobre las modificaciones que se contempla incluir en el pr\u00f3ximo contrato de conectividad mar\u00edtima Puerto Aguirre \u2013 Puerto Chacabuco, subvencionado por el Ministerio de Transportes y Telecomunicaciones y cuya puesta en marcha se proyecta para inicios del 2025. En la oportunidad asistieron dirigentes y vecinos de Islas\u00a0 Huichas, el alcalde de Ays\u00e9n, Julio Uribe, concejales, adem\u00e1s de \u00d3scar del Solar de la divisi\u00f3n de Infraestructura y Transportes del Gobierno Regional.<\/p>\n<p style=\"font-weight: 400; text-align: justify;\">Dentro de los puntos m\u00e1s destacados que se dieron a conocer, se halla el esperado transporte de cargas peligrosas, de esta forma se habilitar\u00e1n viajes exclusivos para abastecer con gas y otros combustibles a las localidades de Puerto Aguirre, Estero Copa y Caleta Andrade, por lo menos una vez al mes. Adicionalmente, se contempla que sea una embarcaci\u00f3n que haga posible el traslado de rodados a fin de ampliar las opciones de conectividad para los habitantes de este sector insular.<\/p>\n<p style=\"font-weight: 400; text-align: justify;\">La autoridad sectorial, agreg\u00f3 que la implementaci\u00f3n de estas modificaciones implica un aumento en el monto de operaci\u00f3n de este servicio, que a la fecha asciende a un monto de $46 millones mensuales. \u201cHemos podido dar cuenta de las mejoras que vamos a implementar a los servicios de conectividad mar\u00edtima entre Puerto Chacabuco e Islas Huichas. Este segundo semestre llevaremos adelante un proceso de licitaci\u00f3n para mejorar sustancialmente la calidad de estos servicios, incorporando incluso un servicio de carga peligrosa para el litoral de Ays\u00e9n. Hemos reafirmado en esta reuni\u00f3n el compromiso de nuestro gobierno con la conectividad y el compromiso de nuestro Ministerio con mejorar los servicios de conectividad para las zonas aisladas de nuestra regi\u00f3n\u201d, indic\u00f3 Zimmermann.<\/p>\n<p style=\"font-weight: 400; text-align: justify;\">El presidente de la junta vecinal de Puerto Aguirre, Javier Formantel, dio a conocer la postura de los habitantes de Islas Huichas: \u201cAc\u00e1 yo creo que el punto clave, es que de una vez por todas podamos tener algo m\u00e1s digno para la comunidad. De hecho igual se subieron un poco los recursos igual como ah\u00ed indicaba el seremi de Transportes, y sobre todo con el tema del combustible, que ah\u00ed igual se comprometieron a hacer un viaje o dos ojal\u00e1 en el mes con cargas peligrosas para la isla. Y tambi\u00e9n igual agregar ah\u00ed que es muy importante el tema de los rodados, los veh\u00edculos. Que si la embarcaci\u00f3n va a ser financiada por el Estado, se supone que los pasajes y lo que paga un veh\u00edculo va a ser m\u00e1s barato\u201d.<\/p>\n<\/div><\/section><\/div><div  style='height:50px' class='hr hr-invisible   avia-builder-el-6  el_after_av_one_full  el_before_av_social_share '><span class='hr-inner ' ><span class='hr-inner-style'><\/span><\/span><\/div><\/p>\n<div  class='av-social-sharing-box  avia-builder-el-7  el_after_av_hr  el_before_av_hr  '><div class='av-share-box'><h5 class='av-share-link-description av-no-toc '>Compartir esta noticia<\/h5><ul class='av-share-box-list noLightbox'><li class='av-share-link av-social-link-facebook' ><a target=\"_blank\" aria-label=\"Compartir en Facebook\" href='https:\/\/www.facebook.com\/sharer.php?u=https:\/\/radiorevelacionfm.cl\/?p=44365&#038;t=Incluir%C3%A1n%20transporte%20de%20cargas%20peligrosas%20en%20nuevo%20contrato%20de%20conectividad%20mar%C3%ADtima%20hacia%20Islas%20Huichas' aria-hidden='false' data-av_icon='\ue8f3' data-av_iconfont='entypo-fontello' title='' data-avia-related-tooltip='Compartir en Facebook' rel=\"noopener\"><span class='avia_hidden_link_text'>Compartir en Facebook<\/span><\/a><\/li><li class='av-share-link av-social-link-twitter' ><a target=\"_blank\" aria-label=\"Compartir en Twitter\" href='https:\/\/twitter.com\/share?text=Incluir%C3%A1n%20transporte%20de%20cargas%20peligrosas%20en%20nuevo%20contrato%20de%20conectividad%20mar%C3%ADtima%20hacia%20Islas%20Huichas&#038;url=https:\/\/radiorevelacionfm.cl\/?p=44365' aria-hidden='false' data-av_icon='\ue8f1' data-av_iconfont='entypo-fontello' title='' data-avia-related-tooltip='Compartir en Twitter' rel=\"noopener\"><span class='avia_hidden_link_text'>Compartir en Twitter<\/span><\/a><\/li><li class='av-share-link av-social-link-whatsapp' ><a target=\"_blank\" aria-label=\"Compartir en Whatsapp\" href='https:\/\/api.whatsapp.com\/send?text=https:\/\/radiorevelacionfm.cl\/?p=44365' aria-hidden='false' data-av_icon='\uf232' data-av_iconfont='entypo-fontello' title='' data-avia-related-tooltip='Compartir en Whatsapp' rel=\"noopener\"><span class='avia_hidden_link_text'>Compartir en Whatsapp<\/span><\/a><\/li><li class='av-share-link av-social-link-linkedin' ><a target=\"_blank\" aria-label=\"Compartir en LinkedIn\" href='https:\/\/linkedin.com\/shareArticle?mini=true&#038;title=Incluir%C3%A1n%20transporte%20de%20cargas%20peligrosas%20en%20nuevo%20contrato%20de%20conectividad%20mar%C3%ADtima%20hacia%20Islas%20Huichas&#038;url=https:\/\/radiorevelacionfm.cl\/?p=44365' aria-hidden='false' data-av_icon='\ue8fc' data-av_iconfont='entypo-fontello' title='' data-avia-related-tooltip='Compartir en LinkedIn' rel=\"noopener\"><span class='avia_hidden_link_text'>Compartir en LinkedIn<\/span><\/a><\/li><li class='av-share-link av-social-link-mail' ><a  aria-label=\"Compartir por correo\" href='mailto:?subject=Incluir%C3%A1n%20transporte%20de%20cargas%20peligrosas%20en%20nuevo%20contrato%20de%20conectividad%20mar%C3%ADtima%20hacia%20Islas%20Huichas&#038;body=https:\/\/radiorevelacionfm.cl\/?p=44365' aria-hidden='false' data-av_icon='\ue805' data-av_iconfont='entypo-fontello' title='' data-avia-related-tooltip='Compartir por correo'><span class='avia_hidden_link_text'>Compartir por correo<\/span><\/a><\/li><\/ul><\/div><\/div>\n<div  style='height:50px' class='hr hr-invisible   avia-builder-el-8  el_after_av_social_share  el_before_av_comments_list '><span class='hr-inner ' ><span class='hr-inner-style'><\/span><\/span><\/div>\n<div  class='av-buildercomment  av-blog-meta-html-info-disabled av-blog-meta-tag-disabled  '><\/div>\n","protected":false},"excerpt":{"rendered":"","protected":false},"author":1,"featured_media":44366,"comment_status":"open","ping_status":"open","sticky":false,"template":"","format":"standard","meta":{"footnotes":""},"categories":[59],"tags":[],"class_list":["post-44365","post","type-post","status-publish","format-standard","has-post-thumbnail","hentry","category-transporte"],"jetpack_featured_media_url":"https:\/\/radiorevelacionfm.cl\/wp-content\/uploads\/2024\/07\/dsc_8507-1_optimized.jpg","_links":{"self":[{"href":"https:\/\/radiorevelacionfm.cl\/index.php?rest_route=\/wp\/v2\/posts\/44365","targetHints":{"allow":["GET"]}}],"collection":[{"href":"https:\/\/radiorevelacionfm.cl\/index.php?rest_route=\/wp\/v2\/posts"}],"about":[{"href":"https:\/\/radiorevelacionfm.cl\/index.php?rest_route=\/wp\/v2\/types\/post"}],"author":[{"embeddable":true,"href":"https:\/\/radiorevelacionfm.cl\/index.php?rest_route=\/wp\/v2\/users\/1"}],"replies":[{"embeddable":true,"href":"https:\/\/radiorevelacionfm.cl\/index.php?rest_route=%2Fwp%2Fv2%2Fcomments&post=44365"}],"version-history":[{"count":1,"href":"https:\/\/radiorevelacionfm.cl\/index.php?rest_route=\/wp\/v2\/posts\/44365\/revisions"}],"predecessor-version":[{"id":44367,"href":"https:\/\/radiorevelacionfm.cl\/index.php?rest_route=\/wp\/v2\/posts\/44365\/revisions\/44367"}],"wp:featuredmedia":[{"embeddable":true,"href":"https:\/\/radiorevelacionfm.cl\/index.php?rest_route=\/wp\/v2\/media\/44366"}],"wp:attachment":[{"href":"https:\/\/radiorevelacionfm.cl\/index.php?rest_route=%2Fwp%2Fv2%2Fmedia&parent=44365"}],"wp:term":[{"taxonomy":"category","embeddable":true,"href":"https:\/\/radiorevelacionfm.cl\/index.php?rest_route=%2Fwp%2Fv2%2Fcategories&post=44365"},{"taxonomy":"post_tag","embeddable":true,"href":"https:\/\/radiorevelacionfm.cl\/index.php?rest_route=%2Fwp%2Fv2%2Ftags&post=44365"}],"curies":[{"name":"wp","href":"https:\/\/api.w.org\/{rel}","templated":true}]}}