{"id":44362,"date":"2024-07-23T10:49:36","date_gmt":"2024-07-23T13:49:36","guid":{"rendered":"https:\/\/radiorevelacionfm.cl\/?p=44362"},"modified":"2024-07-23T10:49:36","modified_gmt":"2024-07-23T13:49:36","slug":"realizan-dialogo-participativo-con-dirigentas-de-anecap-coyhaique","status":"publish","type":"post","link":"https:\/\/radiorevelacionfm.cl\/?p=44362","title":{"rendered":"Realizan di\u00e1logo participativo con dirigentas de ANECAP Coyhaique"},"content":{"rendered":"<div class=\"flex_column av_one_full  flex_column_div av-zero-column-padding first  avia-builder-el-0  el_before_av_one_full  avia-builder-el-first  \" style='border-radius:0px; '><div  class='avia-image-container  av-styling-    avia-builder-el-1  avia-builder-el-no-sibling  avia-align-center '  itemprop=\"image\" itemscope=\"itemscope\" itemtype=\"https:\/\/schema.org\/ImageObject\"  ><div class='avia-image-container-inner'><div class='avia-image-overlay-wrap'><img decoding=\"async\" class='wp-image-44363 avia-img-lazy-loading-not-44363 avia_image' src=\"https:\/\/radiorevelacionfm.cl\/wp-content\/uploads\/2024\/07\/WhatsApp-Image-2024-07-20-at-16.06.13-1-1.jpeg\" alt='' title='WhatsApp Image 2024-07-20 at 16.06.13 (1) (1)' height=\"600\" width=\"1333\"  itemprop=\"thumbnailUrl\" srcset=\"https:\/\/radiorevelacionfm.cl\/wp-content\/uploads\/2024\/07\/WhatsApp-Image-2024-07-20-at-16.06.13-1-1.jpeg 1333w, https:\/\/radiorevelacionfm.cl\/wp-content\/uploads\/2024\/07\/WhatsApp-Image-2024-07-20-at-16.06.13-1-1-300x135.jpeg 300w, https:\/\/radiorevelacionfm.cl\/wp-content\/uploads\/2024\/07\/WhatsApp-Image-2024-07-20-at-16.06.13-1-1-1030x464.jpeg 1030w, https:\/\/radiorevelacionfm.cl\/wp-content\/uploads\/2024\/07\/WhatsApp-Image-2024-07-20-at-16.06.13-1-1-768x346.jpeg 768w, https:\/\/radiorevelacionfm.cl\/wp-content\/uploads\/2024\/07\/WhatsApp-Image-2024-07-20-at-16.06.13-1-1-705x317.jpeg 705w, https:\/\/radiorevelacionfm.cl\/wp-content\/uploads\/2024\/07\/WhatsApp-Image-2024-07-20-at-16.06.13-1-1-450x203.jpeg 450w, https:\/\/radiorevelacionfm.cl\/wp-content\/uploads\/2024\/07\/WhatsApp-Image-2024-07-20-at-16.06.13-1-1-600x270.jpeg 600w\" sizes=\"(max-width: 1333px) 100vw, 1333px\" \/><\/div><\/div><\/div><\/div>\n<div class=\"flex_column av_one_full  flex_column_div av-zero-column-padding first  avia-builder-el-2  el_after_av_one_full  el_before_av_one_full  column-top-margin\" style='border-radius:0px; '><section class=\"av_textblock_section \"  itemscope=\"itemscope\" itemtype=\"https:\/\/schema.org\/BlogPosting\" itemprop=\"blogPost\" ><div class='avia_textblock  '   itemprop=\"text\" ><p style=\"text-align: center;\"><strong><span style=\"font-size: 18pt;\">Realizan di\u00e1logo participativo con dirigentas de ANECAP Coyhaique<\/span><\/strong><\/p>\n<div id=\"gtx-trans\" style=\"position: absolute; left: -50px; top: 4.31534px;\">\n<div class=\"gtx-trans-icon\"><\/div>\n<\/div>\n<\/div><\/section><\/div><div class=\"flex_column av_one_full  flex_column_div av-zero-column-padding first  avia-builder-el-4  el_after_av_one_full  el_before_av_hr  column-top-margin\" style='border-radius:0px; '><section class=\"av_textblock_section \"  itemscope=\"itemscope\" itemtype=\"https:\/\/schema.org\/BlogPosting\" itemprop=\"blogPost\" ><div class='avia_textblock  '   itemprop=\"text\" ><p style=\"font-weight: 400; text-align: justify;\"><span lang=\"ES\">Seremi de la Mujer y la Equidad de G\u00e9nero Ays\u00e9n, realiza di\u00e1logo participativo <\/span><strong>\u201cFortaleciendo el rol de la dirigencia social femenina\u201d<\/strong> el pasado s\u00e1bado 20 de julio, en el cual asistieron un total de 15 mujeres socias de ANECAP Filial Coyhaique, instancia que busc\u00f3 fortalecer sus competencias dirigenciales, asociatividad y vinculaci\u00f3n, rumbo al encuentro nacional de trabajadoras de casa particular que se desarrollar\u00e1 en enero 2025, y que estar\u00e1 a cargo de esta Filial.<\/p>\n<p style=\"font-weight: 400; text-align: justify;\">Durante el encuentro y a trav\u00e9s de diversas metodolog\u00edas, te\u00f3rico- pr\u00e1cticas, se abordaron diversas herramientas para fortalecer el trabajo colaborativo entre las participantes, y c\u00f3mo desde las cualidades individuales, es posible promover el desarrollo conjunto de la organizaci\u00f3n.<\/p>\n<p style=\"font-weight: 400; text-align: justify;\">\u201cComo Secretar\u00eda Regional de la Mujer y la Equidad de G\u00e9nero, estamos muy contentas de esta instancia que hemos compartido hoy con las socias de ANECAP, dado que es el resultado de varios meses de trabajo en el que nos hemos puesto a disposici\u00f3n para cooperarles en las distintas necesidades que han surgido a partir del Encuentro Nacional, que convocar\u00e1 a todas las socias de ANECAP y que tendr\u00e1 lugar en Coyhaique. Parte de nuestra tarea como SEREMI es visibilizar el trabajo dom\u00e9stico y de cuidados que hacen las mujeres y especialmente las trabajadoras de casa particular\u201d, indic\u00f3 la Seremi de la Mujer y la Equidad de G\u00e9nero (S) Lenka Gatica Sandoval.<\/p>\n<p style=\"font-weight: 400; text-align: justify;\">Durante el encuentro, las participantes tambi\u00e9n pudieron conocer experiencias de lideresas y dirigentas chilenas, que han encabezado importantes procesos sociales, legislativos y c\u00edvicos, sin duda un momento muy inspirador, que les permitir\u00e1 en un futuro pr\u00f3ximo, \u00a0contar con mejores herramientas durante el proceso de organizaci\u00f3n de este magno evento, instancia que se espera sea una gran oportunidad para compartir experiencias desde los diversos territorios, y generar alianzas que fortalezcan la asociatividad a nivel nacional, en pro de una mejor calidad de vida para todas las asociadas.<\/p>\n<p style=\"font-weight: 400; text-align: justify;\">Por su parte, Magdalena Hueitra, presidenta de ANECAP Filial Coyhaique: \u201cLa actividad me pareci\u00f3 maravillosa, porque aprendimos un poco m\u00e1s lo que es ser dirigentes (as). Estamos seguras que nos servir\u00e1 lo que aprendimos hoy d\u00eda, a ser m\u00e1s sociables y amistosas entre las socias. Esta es una organizaci\u00f3n de mujeres maravillosas\u201d, concluy\u00f3.<\/p>\n<p style=\"font-weight: 400; text-align: justify;\">As\u00ed tambi\u00e9n, la vicepresidenta de la organizaci\u00f3n, Gladys Negue, se\u00f1al\u00f3: \u201cFue una actividad maravillosa, enriquecedora, estuvo bien estructurada, con mucha informaci\u00f3n que es de vital importancia para las socias de ANECAP y las otras personas que fueron invitadas\u201d, dijo.<\/p>\n<p style=\"font-weight: 400; text-align: justify;\">\u201cFinalmente, cabe destacar que desde el rol de la Seremi de la Mujer y la Equidad de G\u00e9nero, el apoyo a las diversas organizaciones de mujeres es fundamental para seguir construyendo un Chile para todas,\u00a0 considerando que en estos espacios convergen diversas mujeres con inquietudes que van desde mejorar su calidad de vida, hacer uso de sus derechos y trabajar en forma colectiva para potenciar el desarrollo de todas. De tal manera, es fundamental que existan estas instancias asociativas desde nuestro territorio de Ays\u00e9n\u201d puntualiz\u00f3 Lenka Gatica Sandoval, Seremi (S) de la Mujer y la Equidad de G\u00e9nero.<\/p>\n<\/div><\/section><\/div><div  style='height:50px' class='hr hr-invisible   avia-builder-el-6  el_after_av_one_full  el_before_av_social_share '><span class='hr-inner ' ><span class='hr-inner-style'><\/span><\/span><\/div><\/p>\n<div  class='av-social-sharing-box  avia-builder-el-7  el_after_av_hr  el_before_av_hr  '><div class='av-share-box'><h5 class='av-share-link-description av-no-toc '>Compartir esta noticia<\/h5><ul class='av-share-box-list noLightbox'><li class='av-share-link av-social-link-facebook' ><a target=\"_blank\" aria-label=\"Compartir en Facebook\" href='https:\/\/www.facebook.com\/sharer.php?u=https:\/\/radiorevelacionfm.cl\/?p=44362&#038;t=Realizan%20di%C3%A1logo%20participativo%20con%20dirigentas%20de%20ANECAP%20Coyhaique' aria-hidden='false' data-av_icon='\ue8f3' data-av_iconfont='entypo-fontello' title='' data-avia-related-tooltip='Compartir en Facebook' rel=\"noopener\"><span class='avia_hidden_link_text'>Compartir en Facebook<\/span><\/a><\/li><li class='av-share-link av-social-link-twitter' ><a target=\"_blank\" aria-label=\"Compartir en Twitter\" href='https:\/\/twitter.com\/share?text=Realizan%20di%C3%A1logo%20participativo%20con%20dirigentas%20de%20ANECAP%20Coyhaique&#038;url=https:\/\/radiorevelacionfm.cl\/?p=44362' aria-hidden='false' data-av_icon='\ue8f1' data-av_iconfont='entypo-fontello' title='' data-avia-related-tooltip='Compartir en Twitter' rel=\"noopener\"><span class='avia_hidden_link_text'>Compartir en Twitter<\/span><\/a><\/li><li class='av-share-link av-social-link-whatsapp' ><a target=\"_blank\" aria-label=\"Compartir en Whatsapp\" href='https:\/\/api.whatsapp.com\/send?text=https:\/\/radiorevelacionfm.cl\/?p=44362' aria-hidden='false' data-av_icon='\uf232' data-av_iconfont='entypo-fontello' title='' data-avia-related-tooltip='Compartir en Whatsapp' rel=\"noopener\"><span class='avia_hidden_link_text'>Compartir en Whatsapp<\/span><\/a><\/li><li class='av-share-link av-social-link-linkedin' ><a target=\"_blank\" aria-label=\"Compartir en LinkedIn\" href='https:\/\/linkedin.com\/shareArticle?mini=true&#038;title=Realizan%20di%C3%A1logo%20participativo%20con%20dirigentas%20de%20ANECAP%20Coyhaique&#038;url=https:\/\/radiorevelacionfm.cl\/?p=44362' aria-hidden='false' data-av_icon='\ue8fc' data-av_iconfont='entypo-fontello' title='' data-avia-related-tooltip='Compartir en LinkedIn' rel=\"noopener\"><span class='avia_hidden_link_text'>Compartir en LinkedIn<\/span><\/a><\/li><li class='av-share-link av-social-link-mail' ><a  aria-label=\"Compartir por correo\" href='mailto:?subject=Realizan%20di%C3%A1logo%20participativo%20con%20dirigentas%20de%20ANECAP%20Coyhaique&#038;body=https:\/\/radiorevelacionfm.cl\/?p=44362' aria-hidden='false' data-av_icon='\ue805' data-av_iconfont='entypo-fontello' title='' data-avia-related-tooltip='Compartir por correo'><span class='avia_hidden_link_text'>Compartir por correo<\/span><\/a><\/li><\/ul><\/div><\/div>\n<div  style='height:50px' class='hr hr-invisible   avia-builder-el-8  el_after_av_social_share  el_before_av_comments_list '><span class='hr-inner ' ><span class='hr-inner-style'><\/span><\/span><\/div>\n<div  class='av-buildercomment  av-blog-meta-html-info-disabled av-blog-meta-tag-disabled  '><\/div>\n","protected":false},"excerpt":{"rendered":"","protected":false},"author":1,"featured_media":44363,"comment_status":"open","ping_status":"open","sticky":false,"template":"","format":"standard","meta":{"footnotes":""},"categories":[38],"tags":[],"class_list":["post-44362","post","type-post","status-publish","format-standard","has-post-thumbnail","hentry","category-regional"],"jetpack_featured_media_url":"https:\/\/radiorevelacionfm.cl\/wp-content\/uploads\/2024\/07\/WhatsApp-Image-2024-07-20-at-16.06.13-1-1.jpeg","_links":{"self":[{"href":"https:\/\/radiorevelacionfm.cl\/index.php?rest_route=\/wp\/v2\/posts\/44362","targetHints":{"allow":["GET"]}}],"collection":[{"href":"https:\/\/radiorevelacionfm.cl\/index.php?rest_route=\/wp\/v2\/posts"}],"about":[{"href":"https:\/\/radiorevelacionfm.cl\/index.php?rest_route=\/wp\/v2\/types\/post"}],"author":[{"embeddable":true,"href":"https:\/\/radiorevelacionfm.cl\/index.php?rest_route=\/wp\/v2\/users\/1"}],"replies":[{"embeddable":true,"href":"https:\/\/radiorevelacionfm.cl\/index.php?rest_route=%2Fwp%2Fv2%2Fcomments&post=44362"}],"version-history":[{"count":2,"href":"https:\/\/radiorevelacionfm.cl\/index.php?rest_route=\/wp\/v2\/posts\/44362\/revisions"}],"predecessor-version":[{"id":44388,"href":"https:\/\/radiorevelacionfm.cl\/index.php?rest_route=\/wp\/v2\/posts\/44362\/revisions\/44388"}],"wp:featuredmedia":[{"embeddable":true,"href":"https:\/\/radiorevelacionfm.cl\/index.php?rest_route=\/wp\/v2\/media\/44363"}],"wp:attachment":[{"href":"https:\/\/radiorevelacionfm.cl\/index.php?rest_route=%2Fwp%2Fv2%2Fmedia&parent=44362"}],"wp:term":[{"taxonomy":"category","embeddable":true,"href":"https:\/\/radiorevelacionfm.cl\/index.php?rest_route=%2Fwp%2Fv2%2Fcategories&post=44362"},{"taxonomy":"post_tag","embeddable":true,"href":"https:\/\/radiorevelacionfm.cl\/index.php?rest_route=%2Fwp%2Fv2%2Ftags&post=44362"}],"curies":[{"name":"wp","href":"https:\/\/api.w.org\/{rel}","templated":true}]}}