{"id":44359,"date":"2024-07-22T16:42:43","date_gmt":"2024-07-22T19:42:43","guid":{"rendered":"https:\/\/radiorevelacionfm.cl\/?p=44359"},"modified":"2024-07-22T16:42:43","modified_gmt":"2024-07-22T19:42:43","slug":"inician-diagnostico-comunitario-en-villa-nirehuao-para-financiar-iniciativas-con-apoyo-del-fosis","status":"publish","type":"post","link":"https:\/\/radiorevelacionfm.cl\/?p=44359","title":{"rendered":"Inician diagn\u00f3stico comunitario en Villa \u00d1irehuao para financiar iniciativas con apoyo del FOSIS"},"content":{"rendered":"<div class=\"flex_column av_one_full  flex_column_div av-zero-column-padding first  avia-builder-el-0  el_before_av_one_full  avia-builder-el-first  \" style='border-radius:0px; '><div  class='avia-image-container  av-styling-    avia-builder-el-1  avia-builder-el-no-sibling  avia-align-center '  itemprop=\"image\" itemscope=\"itemscope\" itemtype=\"https:\/\/schema.org\/ImageObject\"  ><div class='avia-image-container-inner'><div class='avia-image-overlay-wrap'><img decoding=\"async\" class='wp-image-44360 avia-img-lazy-loading-not-44360 avia_image' src=\"https:\/\/radiorevelacionfm.cl\/wp-content\/uploads\/2024\/07\/1-77-1-1.jpeg\" alt='' title='1 (77) (1) (1)' height=\"600\" width=\"1067\"  itemprop=\"thumbnailUrl\" srcset=\"https:\/\/radiorevelacionfm.cl\/wp-content\/uploads\/2024\/07\/1-77-1-1.jpeg 1067w, https:\/\/radiorevelacionfm.cl\/wp-content\/uploads\/2024\/07\/1-77-1-1-300x169.jpeg 300w, https:\/\/radiorevelacionfm.cl\/wp-content\/uploads\/2024\/07\/1-77-1-1-1030x579.jpeg 1030w, https:\/\/radiorevelacionfm.cl\/wp-content\/uploads\/2024\/07\/1-77-1-1-768x432.jpeg 768w, https:\/\/radiorevelacionfm.cl\/wp-content\/uploads\/2024\/07\/1-77-1-1-705x396.jpeg 705w, https:\/\/radiorevelacionfm.cl\/wp-content\/uploads\/2024\/07\/1-77-1-1-450x253.jpeg 450w, https:\/\/radiorevelacionfm.cl\/wp-content\/uploads\/2024\/07\/1-77-1-1-600x337.jpeg 600w\" sizes=\"(max-width: 1067px) 100vw, 1067px\" \/><\/div><\/div><\/div><\/div><div class=\"flex_column av_one_full  flex_column_div av-zero-column-padding first  avia-builder-el-2  el_after_av_one_full  el_before_av_one_full  column-top-margin\" style='border-radius:0px; '><section class=\"av_textblock_section \"  itemscope=\"itemscope\" itemtype=\"https:\/\/schema.org\/BlogPosting\" itemprop=\"blogPost\" ><div class='avia_textblock  '   itemprop=\"text\" ><p style=\"text-align: center;\"><span style=\"font-size: 18pt;\"><strong>Inician diagn\u00f3stico comunitario en Villa \u00d1irehuao para financiar iniciativas con apoyo del FOSIS<\/strong><\/span><\/p>\n<div id=\"gtx-trans\" style=\"position: absolute; left: -50px; top: 4.31534px;\">\n<div class=\"gtx-trans-icon\"><\/div>\n<\/div>\n<\/div><\/section><\/div><div class=\"flex_column av_one_full  flex_column_div av-zero-column-padding first  avia-builder-el-4  el_after_av_one_full  el_before_av_hr  column-top-margin\" style='border-radius:0px; '><section class=\"av_textblock_section \"  itemscope=\"itemscope\" itemtype=\"https:\/\/schema.org\/BlogPosting\" itemprop=\"blogPost\" ><div class='avia_textblock  '   itemprop=\"text\" ><p style=\"text-align: justify;\"><em>Acci\u00f3n Local es un programa de la l\u00ednea de cohesi\u00f3n social del FOSIS que busca aumentar las capacidades sociocomunitarias de quienes habitan esta localidad rural, junto con financiar iniciativas priorizadas por su comunidad.<\/em><\/p>\n<p style=\"text-align: justify;\">Hasta la Sede de la JJ.VV. de Villa \u00d1irehuao lleg\u00f3 la Directora Regional del Fondo de Solidaridad e Inversi\u00f3n Social, FOSIS, Fernanda Leiva; acompa\u00f1ada de la Seremi de Desarrollo Social y Familia, Karina Acevedo, para participar junto a la comunidad de la localidad en el diagn\u00f3stico comunitario que permitir\u00e1 identificar tem\u00e1ticas y posible iniciativas a financiar con los recursos que entrega el programa Acci\u00f3n Local.<\/p>\n<p style=\"text-align: justify;\">Durante la jornada se llev\u00f3 a cabo la conformaci\u00f3n del grupo motor con doce integrantes de la comunidad que estar\u00e1n participando activamente del desarrollo de este proyecto. En la oportunidad se realiz\u00f3 tambi\u00e9n el diagn\u00f3stico comunitario donde se identificaron las principales problem\u00e1ticas y oportunidades de la comunidad en cinco dimensiones que se trabajar\u00e1n a lo largo de la intervenci\u00f3n: Econ\u00f3mica, medio ambiental, social, institucional y f\u00edsica.<\/p>\n<p style=\"text-align: justify;\">La Presidenta de la JJ.VV. Villa \u00d1irehuao, Gloria Guzm\u00e1n, valor\u00f3 positivamente la intervenci\u00f3n del programa del FOSIS. \u201cEs maravilloso que haya llegado esto a \u00d1irehuao, siendo que, como yo digo, estamos tan cerca de Coyhaique pero a la misma vez alejados y estas cosas hay que aprovecharlas porque cuando llegan ac\u00e1 uno se alegra como dirigente de poder hacer cosas por la misma comunidad. Necesitamos m\u00e1s compromiso de nuestros vecinos para seguir avanzando. Estoy enormemente agradecida por esta oportunidad que nos est\u00e1n dando\u201d.<\/p>\n<p style=\"text-align: justify;\">Fernanda Leiva, Directora Regional del FOSIS en Ays\u00e9n, asegur\u00f3 que \u201ceste programa busca que las comunidades puedan resolver en conjunto y en base a la participaci\u00f3n, problem\u00e1ticas comunes con soluciones comunes. Estamos contentos porque hubo una alta participaci\u00f3n, ya qued\u00f3 conformado el grupo motor que va a hacer todo el trabajo de diagn\u00f3stico para las actividades que se van a desarrollar ac\u00e1 en \u00d1irehuao. Esta localidad pertenece a la comuna de Coyhaique, pero territorialmente est\u00e1 un poco distante y esa distancia genera brechas y falta de algunas oportunidades que queremos apoyar y ayudar a resolver con este programa\u201d.<\/p>\n<p style=\"text-align: justify;\">La Seremi de Desarrollo Social y Familia, Karina Acevedo, recalc\u00f3 que \u201cestamos dando cumplimiento a lo que el Presidente Boric nos pidi\u00f3 desde el primer d\u00eda de Gobierno, que podamos llegar a los territorios, entregar herramientas para su desarrollo y fortalecer a las organizaciones. Este es un programa donde vamos a estar trabajando con la comunidad de \u00d1irehuao, consultando c\u00f3mo se ven ellos, c\u00f3mo avanzan, c\u00f3mo fortalecen la cohesi\u00f3n social y c\u00f3mo logramos poder tener un plan de desarrollo local\u201d.<\/p>\n<p style=\"text-align: justify;\">El programa Acci\u00f3n Local busca aumentar las capacidades sociocomunitarias de quienes habitan un barrio o territorio vulnerable a trav\u00e9s del fortalecimiento de capacidades locales de gesti\u00f3n y planificaci\u00f3n, articulaci\u00f3n de redes de colaboraci\u00f3n y de confianza y el financiamiento de iniciativas.<\/p>\n<p style=\"text-align: justify;\"><strong><u>\u00a0<\/u><\/strong><\/p>\n<p style=\"text-align: justify;\"><strong><u>\u00a0<\/u><\/strong><\/p>\n<\/div><\/section><\/div><div  style='height:50px' class='hr hr-invisible   avia-builder-el-6  el_after_av_one_full  el_before_av_social_share '><span class='hr-inner ' ><span class='hr-inner-style'><\/span><\/span><\/div><\/p>\n<div  class='av-social-sharing-box  avia-builder-el-7  el_after_av_hr  el_before_av_hr  '><div class='av-share-box'><h5 class='av-share-link-description av-no-toc '>Compartir esta noticia<\/h5><ul class='av-share-box-list noLightbox'><li class='av-share-link av-social-link-facebook' ><a target=\"_blank\" aria-label=\"Compartir en Facebook\" href='https:\/\/www.facebook.com\/sharer.php?u=https:\/\/radiorevelacionfm.cl\/?p=44359&#038;t=Inician%20diagn%C3%B3stico%20comunitario%20en%20Villa%20%C3%91irehuao%20para%20financiar%20iniciativas%20con%20apoyo%20del%20FOSIS' aria-hidden='false' data-av_icon='\ue8f3' data-av_iconfont='entypo-fontello' title='' data-avia-related-tooltip='Compartir en Facebook' rel=\"noopener\"><span class='avia_hidden_link_text'>Compartir en Facebook<\/span><\/a><\/li><li class='av-share-link av-social-link-twitter' ><a target=\"_blank\" aria-label=\"Compartir en Twitter\" href='https:\/\/twitter.com\/share?text=Inician%20diagn%C3%B3stico%20comunitario%20en%20Villa%20%C3%91irehuao%20para%20financiar%20iniciativas%20con%20apoyo%20del%20FOSIS&#038;url=https:\/\/radiorevelacionfm.cl\/?p=44359' aria-hidden='false' data-av_icon='\ue8f1' data-av_iconfont='entypo-fontello' title='' data-avia-related-tooltip='Compartir en Twitter' rel=\"noopener\"><span class='avia_hidden_link_text'>Compartir en Twitter<\/span><\/a><\/li><li class='av-share-link av-social-link-whatsapp' ><a target=\"_blank\" aria-label=\"Compartir en Whatsapp\" href='https:\/\/api.whatsapp.com\/send?text=https:\/\/radiorevelacionfm.cl\/?p=44359' aria-hidden='false' data-av_icon='\uf232' data-av_iconfont='entypo-fontello' title='' data-avia-related-tooltip='Compartir en Whatsapp' rel=\"noopener\"><span class='avia_hidden_link_text'>Compartir en Whatsapp<\/span><\/a><\/li><li class='av-share-link av-social-link-linkedin' ><a target=\"_blank\" aria-label=\"Compartir en LinkedIn\" href='https:\/\/linkedin.com\/shareArticle?mini=true&#038;title=Inician%20diagn%C3%B3stico%20comunitario%20en%20Villa%20%C3%91irehuao%20para%20financiar%20iniciativas%20con%20apoyo%20del%20FOSIS&#038;url=https:\/\/radiorevelacionfm.cl\/?p=44359' aria-hidden='false' data-av_icon='\ue8fc' data-av_iconfont='entypo-fontello' title='' data-avia-related-tooltip='Compartir en LinkedIn' rel=\"noopener\"><span class='avia_hidden_link_text'>Compartir en LinkedIn<\/span><\/a><\/li><li class='av-share-link av-social-link-mail' ><a  aria-label=\"Compartir por correo\" href='mailto:?subject=Inician%20diagn%C3%B3stico%20comunitario%20en%20Villa%20%C3%91irehuao%20para%20financiar%20iniciativas%20con%20apoyo%20del%20FOSIS&#038;body=https:\/\/radiorevelacionfm.cl\/?p=44359' aria-hidden='false' data-av_icon='\ue805' data-av_iconfont='entypo-fontello' title='' data-avia-related-tooltip='Compartir por correo'><span class='avia_hidden_link_text'>Compartir por correo<\/span><\/a><\/li><\/ul><\/div><\/div>\n<div  style='height:50px' class='hr hr-invisible   avia-builder-el-8  el_after_av_social_share  el_before_av_comments_list '><span class='hr-inner ' ><span class='hr-inner-style'><\/span><\/span><\/div>\n<div  class='av-buildercomment  av-blog-meta-html-info-disabled av-blog-meta-tag-disabled  '><\/div>\n","protected":false},"excerpt":{"rendered":"","protected":false},"author":1,"featured_media":44360,"comment_status":"open","ping_status":"open","sticky":false,"template":"","format":"standard","meta":{"footnotes":""},"categories":[38],"tags":[],"class_list":["post-44359","post","type-post","status-publish","format-standard","has-post-thumbnail","hentry","category-regional"],"jetpack_featured_media_url":"https:\/\/radiorevelacionfm.cl\/wp-content\/uploads\/2024\/07\/1-77-1-1.jpeg","_links":{"self":[{"href":"https:\/\/radiorevelacionfm.cl\/index.php?rest_route=\/wp\/v2\/posts\/44359","targetHints":{"allow":["GET"]}}],"collection":[{"href":"https:\/\/radiorevelacionfm.cl\/index.php?rest_route=\/wp\/v2\/posts"}],"about":[{"href":"https:\/\/radiorevelacionfm.cl\/index.php?rest_route=\/wp\/v2\/types\/post"}],"author":[{"embeddable":true,"href":"https:\/\/radiorevelacionfm.cl\/index.php?rest_route=\/wp\/v2\/users\/1"}],"replies":[{"embeddable":true,"href":"https:\/\/radiorevelacionfm.cl\/index.php?rest_route=%2Fwp%2Fv2%2Fcomments&post=44359"}],"version-history":[{"count":1,"href":"https:\/\/radiorevelacionfm.cl\/index.php?rest_route=\/wp\/v2\/posts\/44359\/revisions"}],"predecessor-version":[{"id":44361,"href":"https:\/\/radiorevelacionfm.cl\/index.php?rest_route=\/wp\/v2\/posts\/44359\/revisions\/44361"}],"wp:featuredmedia":[{"embeddable":true,"href":"https:\/\/radiorevelacionfm.cl\/index.php?rest_route=\/wp\/v2\/media\/44360"}],"wp:attachment":[{"href":"https:\/\/radiorevelacionfm.cl\/index.php?rest_route=%2Fwp%2Fv2%2Fmedia&parent=44359"}],"wp:term":[{"taxonomy":"category","embeddable":true,"href":"https:\/\/radiorevelacionfm.cl\/index.php?rest_route=%2Fwp%2Fv2%2Fcategories&post=44359"},{"taxonomy":"post_tag","embeddable":true,"href":"https:\/\/radiorevelacionfm.cl\/index.php?rest_route=%2Fwp%2Fv2%2Ftags&post=44359"}],"curies":[{"name":"wp","href":"https:\/\/api.w.org\/{rel}","templated":true}]}}