{"id":44356,"date":"2024-07-22T16:05:43","date_gmt":"2024-07-22T19:05:43","guid":{"rendered":"https:\/\/radiorevelacionfm.cl\/?p=44356"},"modified":"2024-07-22T16:05:43","modified_gmt":"2024-07-22T19:05:43","slug":"realizan-positivo-balance-de-postulaciones-a-subsidio-electrico-en-la-region","status":"publish","type":"post","link":"https:\/\/radiorevelacionfm.cl\/?p=44356","title":{"rendered":"Realizan positivo balance de postulaciones a Subsidio El\u00e9ctrico en la regi\u00f3n"},"content":{"rendered":"<div class=\"flex_column av_one_full  flex_column_div av-zero-column-padding first  avia-builder-el-0  el_before_av_one_full  avia-builder-el-first  \" style='border-radius:0px; '><div  class='avia-image-container  av-styling-    avia-builder-el-1  avia-builder-el-no-sibling  avia-align-center '  itemprop=\"image\" itemscope=\"itemscope\" itemtype=\"https:\/\/schema.org\/ImageObject\"  ><div class='avia-image-container-inner'><div class='avia-image-overlay-wrap'><img decoding=\"async\" class='wp-image-44357 avia-img-lazy-loading-not-44357 avia_image' src=\"https:\/\/radiorevelacionfm.cl\/wp-content\/uploads\/2024\/07\/tomas-laibe-1-1_optimized-1.jpg\" alt='' title='tomas-laibe-(1)-(1)_optimized (1)' height=\"600\" width=\"1067\"  itemprop=\"thumbnailUrl\" srcset=\"https:\/\/radiorevelacionfm.cl\/wp-content\/uploads\/2024\/07\/tomas-laibe-1-1_optimized-1.jpg 1067w, https:\/\/radiorevelacionfm.cl\/wp-content\/uploads\/2024\/07\/tomas-laibe-1-1_optimized-1-300x169.jpg 300w, https:\/\/radiorevelacionfm.cl\/wp-content\/uploads\/2024\/07\/tomas-laibe-1-1_optimized-1-1030x579.jpg 1030w, https:\/\/radiorevelacionfm.cl\/wp-content\/uploads\/2024\/07\/tomas-laibe-1-1_optimized-1-768x432.jpg 768w, https:\/\/radiorevelacionfm.cl\/wp-content\/uploads\/2024\/07\/tomas-laibe-1-1_optimized-1-705x396.jpg 705w, https:\/\/radiorevelacionfm.cl\/wp-content\/uploads\/2024\/07\/tomas-laibe-1-1_optimized-1-450x253.jpg 450w, https:\/\/radiorevelacionfm.cl\/wp-content\/uploads\/2024\/07\/tomas-laibe-1-1_optimized-1-600x337.jpg 600w\" sizes=\"(max-width: 1067px) 100vw, 1067px\" \/><\/div><\/div><\/div><\/div><div class=\"flex_column av_one_full  flex_column_div av-zero-column-padding first  avia-builder-el-2  el_after_av_one_full  el_before_av_one_full  column-top-margin\" style='border-radius:0px; '><section class=\"av_textblock_section \"  itemscope=\"itemscope\" itemtype=\"https:\/\/schema.org\/BlogPosting\" itemprop=\"blogPost\" ><div class='avia_textblock  '   itemprop=\"text\" ><p style=\"text-align: center;\"><strong><span style=\"font-size: 18pt;\">Realizan positivo balance de postulaciones a Subsidio El\u00e9ctrico en la regi\u00f3n<\/span><\/strong><\/p>\n<div id=\"gtx-trans\" style=\"position: absolute; left: -50px; top: 4.31534px;\">\n<div class=\"gtx-trans-icon\"><\/div>\n<\/div>\n<\/div><\/section><\/div><div class=\"flex_column av_one_full  flex_column_div av-zero-column-padding first  avia-builder-el-4  el_after_av_one_full  el_before_av_hr  column-top-margin\" style='border-radius:0px; '><section class=\"av_textblock_section \"  itemscope=\"itemscope\" itemtype=\"https:\/\/schema.org\/BlogPosting\" itemprop=\"blogPost\" ><div class='avia_textblock  '   itemprop=\"text\" ><p style=\"text-align: justify;\">El Seremi de Energ\u00eda y Gobierno (s), Tom\u00e1s Laibe, dio a conocer el balance local de la postulaci\u00f3n a la primera convocatoria del subsidio el\u00e9ctrico, precisando que Ays\u00e9n fue la sexta regi\u00f3n del pa\u00eds con mayor cantidad de postulaciones, en relaci\u00f3n a quienes pertenecen al 40% del Registro Social de Hogares.<\/p>\n<p style=\"text-align: justify;\">En tal sentido, el portavoz (s) se\u00f1al\u00f3 que a nivel pa\u00eds se recibieron 1.611.799 postulaciones y que en nuestra regi\u00f3n se registraron 11.483 postulaciones, concentrando Coyhaique la mayor cantidad de ellas con 6.593, seguidas de Ays\u00e9n con 2876, Chile Chico 734, Cochrane 446, Ib\u00e1\u00f1ez con 417, Cisnes 356 y Lago Verde con 61 postulaciones.<\/p>\n<p style=\"text-align: justify;\">Se realiz\u00f3 un despliegue coordinado entre diferentes instituciones del Estado: Seremi Energ\u00eda, Segegob, Delegaciones Presidenciales, Municipalidades, Registro Civil y ChileAtiende. En total, se efectuaron m\u00e1s de 30 operativos de postulaci\u00f3n en diferentes lugares de la regi\u00f3n, en las dos semanas que estuvo abierta la convocatoria al subsidio el\u00e9ctrico. En dichos operativos participaron funcionarios del Registro Civil y\/o de IPS-ChileAtiende, quienes facilitaron la recuperaci\u00f3n y obtenci\u00f3n de la clave \u00fanica, necesaria para realizar la postulaci\u00f3n.<\/p>\n<p style=\"text-align: justify;\">\u201cEstamos satisfechos con el proceso de postulaciones, porque a pesar del corto tiempo que tuvimos para difundir, las dificultades geogr\u00e1ficas de nuestra regi\u00f3n en invierno y la brecha digital en la comunidad, logramos ser una de las regiones con m\u00e1s postulaciones, gracias al trabajo colaborativo entre diferentes instituciones del Estado junto a organizaciones locales. Esperamos triplicar el n\u00famero de beneficiarios con el proyecto de ley que anunci\u00f3 el Ministro de Energ\u00eda y profundizar en el esfuerzo informativo para el pr\u00f3ximo proceso de postulaci\u00f3n en Octubre\u201d, se\u00f1al\u00f3 Tom\u00e1s Laibe.<\/p>\n<p style=\"text-align: justify;\">El Seremi explic\u00f3 adem\u00e1s que quienes postularon al beneficio, y al momento de hacerlo presentaban alguna morosidad, tendr\u00e1n hasta el 29 de julio para repactar sus cuentas y as\u00ed optar a recibir el subsidio.<\/p>\n<p style=\"text-align: justify;\">As\u00ed tambi\u00e9n, indic\u00f3 que a fines de septiembre se publicar\u00e1 la n\u00f3mina oficial de beneficiarios y que el pago se realizar\u00e1 a m\u00e1s tardar en el mes de octubre. Asimismo, las personas cuidadoras que no est\u00e9n inscritas deben registrarse antes del pr\u00f3ximo llamado.<\/p>\n<p style=\"text-align: justify;\">Finalmente, cabe se\u00f1alar que el Gobierno enviar\u00e1 al Congreso un proyecto de ley para triplicar el n\u00famero de beneficiarios y alcanzar 4,7 millones de hogares, adem\u00e1s de aumentar el monto del subsidio para los sistemas medianos como Ays\u00e9n.<\/p>\n<\/div><\/section><\/div><div  style='height:50px' class='hr hr-invisible   avia-builder-el-6  el_after_av_one_full  el_before_av_social_share '><span class='hr-inner ' ><span class='hr-inner-style'><\/span><\/span><\/div><\/p>\n<div  class='av-social-sharing-box  avia-builder-el-7  el_after_av_hr  el_before_av_hr  '><div class='av-share-box'><h5 class='av-share-link-description av-no-toc '>Compartir esta noticia<\/h5><ul class='av-share-box-list noLightbox'><li class='av-share-link av-social-link-facebook' ><a target=\"_blank\" aria-label=\"Compartir en Facebook\" href='https:\/\/www.facebook.com\/sharer.php?u=https:\/\/radiorevelacionfm.cl\/?p=44356&#038;t=Realizan%20positivo%20balance%20de%20postulaciones%20a%20Subsidio%20El%C3%A9ctrico%20en%20la%20regi%C3%B3n' aria-hidden='false' data-av_icon='\ue8f3' data-av_iconfont='entypo-fontello' title='' data-avia-related-tooltip='Compartir en Facebook' rel=\"noopener\"><span class='avia_hidden_link_text'>Compartir en Facebook<\/span><\/a><\/li><li class='av-share-link av-social-link-twitter' ><a target=\"_blank\" aria-label=\"Compartir en Twitter\" href='https:\/\/twitter.com\/share?text=Realizan%20positivo%20balance%20de%20postulaciones%20a%20Subsidio%20El%C3%A9ctrico%20en%20la%20regi%C3%B3n&#038;url=https:\/\/radiorevelacionfm.cl\/?p=44356' aria-hidden='false' data-av_icon='\ue8f1' data-av_iconfont='entypo-fontello' title='' data-avia-related-tooltip='Compartir en Twitter' rel=\"noopener\"><span class='avia_hidden_link_text'>Compartir en Twitter<\/span><\/a><\/li><li class='av-share-link av-social-link-whatsapp' ><a target=\"_blank\" aria-label=\"Compartir en Whatsapp\" href='https:\/\/api.whatsapp.com\/send?text=https:\/\/radiorevelacionfm.cl\/?p=44356' aria-hidden='false' data-av_icon='\uf232' data-av_iconfont='entypo-fontello' title='' data-avia-related-tooltip='Compartir en Whatsapp' rel=\"noopener\"><span class='avia_hidden_link_text'>Compartir en Whatsapp<\/span><\/a><\/li><li class='av-share-link av-social-link-linkedin' ><a target=\"_blank\" aria-label=\"Compartir en LinkedIn\" href='https:\/\/linkedin.com\/shareArticle?mini=true&#038;title=Realizan%20positivo%20balance%20de%20postulaciones%20a%20Subsidio%20El%C3%A9ctrico%20en%20la%20regi%C3%B3n&#038;url=https:\/\/radiorevelacionfm.cl\/?p=44356' aria-hidden='false' data-av_icon='\ue8fc' data-av_iconfont='entypo-fontello' title='' data-avia-related-tooltip='Compartir en LinkedIn' rel=\"noopener\"><span class='avia_hidden_link_text'>Compartir en LinkedIn<\/span><\/a><\/li><li class='av-share-link av-social-link-mail' ><a  aria-label=\"Compartir por correo\" href='mailto:?subject=Realizan%20positivo%20balance%20de%20postulaciones%20a%20Subsidio%20El%C3%A9ctrico%20en%20la%20regi%C3%B3n&#038;body=https:\/\/radiorevelacionfm.cl\/?p=44356' aria-hidden='false' data-av_icon='\ue805' data-av_iconfont='entypo-fontello' title='' data-avia-related-tooltip='Compartir por correo'><span class='avia_hidden_link_text'>Compartir por correo<\/span><\/a><\/li><\/ul><\/div><\/div>\n<div  style='height:50px' class='hr hr-invisible   avia-builder-el-8  el_after_av_social_share  el_before_av_comments_list '><span class='hr-inner ' ><span class='hr-inner-style'><\/span><\/span><\/div>\n<div  class='av-buildercomment  av-blog-meta-html-info-disabled av-blog-meta-tag-disabled  '><\/div>\n","protected":false},"excerpt":{"rendered":"","protected":false},"author":1,"featured_media":44357,"comment_status":"open","ping_status":"open","sticky":false,"template":"","format":"standard","meta":{"footnotes":""},"categories":[38],"tags":[],"class_list":["post-44356","post","type-post","status-publish","format-standard","has-post-thumbnail","hentry","category-regional"],"jetpack_featured_media_url":"https:\/\/radiorevelacionfm.cl\/wp-content\/uploads\/2024\/07\/tomas-laibe-1-1_optimized-1.jpg","_links":{"self":[{"href":"https:\/\/radiorevelacionfm.cl\/index.php?rest_route=\/wp\/v2\/posts\/44356","targetHints":{"allow":["GET"]}}],"collection":[{"href":"https:\/\/radiorevelacionfm.cl\/index.php?rest_route=\/wp\/v2\/posts"}],"about":[{"href":"https:\/\/radiorevelacionfm.cl\/index.php?rest_route=\/wp\/v2\/types\/post"}],"author":[{"embeddable":true,"href":"https:\/\/radiorevelacionfm.cl\/index.php?rest_route=\/wp\/v2\/users\/1"}],"replies":[{"embeddable":true,"href":"https:\/\/radiorevelacionfm.cl\/index.php?rest_route=%2Fwp%2Fv2%2Fcomments&post=44356"}],"version-history":[{"count":1,"href":"https:\/\/radiorevelacionfm.cl\/index.php?rest_route=\/wp\/v2\/posts\/44356\/revisions"}],"predecessor-version":[{"id":44358,"href":"https:\/\/radiorevelacionfm.cl\/index.php?rest_route=\/wp\/v2\/posts\/44356\/revisions\/44358"}],"wp:featuredmedia":[{"embeddable":true,"href":"https:\/\/radiorevelacionfm.cl\/index.php?rest_route=\/wp\/v2\/media\/44357"}],"wp:attachment":[{"href":"https:\/\/radiorevelacionfm.cl\/index.php?rest_route=%2Fwp%2Fv2%2Fmedia&parent=44356"}],"wp:term":[{"taxonomy":"category","embeddable":true,"href":"https:\/\/radiorevelacionfm.cl\/index.php?rest_route=%2Fwp%2Fv2%2Fcategories&post=44356"},{"taxonomy":"post_tag","embeddable":true,"href":"https:\/\/radiorevelacionfm.cl\/index.php?rest_route=%2Fwp%2Fv2%2Ftags&post=44356"}],"curies":[{"name":"wp","href":"https:\/\/api.w.org\/{rel}","templated":true}]}}