{"id":44353,"date":"2024-07-22T13:36:17","date_gmt":"2024-07-22T16:36:17","guid":{"rendered":"https:\/\/radiorevelacionfm.cl\/?p=44353"},"modified":"2024-07-22T13:36:17","modified_gmt":"2024-07-22T16:36:17","slug":"minvu-confirma-extension-del-fogaes-hasta-diciembre-de-2024","status":"publish","type":"post","link":"https:\/\/radiorevelacionfm.cl\/?p=44353","title":{"rendered":"Minvu confirma extensi\u00f3n del FOGAES hasta diciembre de 2024"},"content":{"rendered":"<div class=\"flex_column av_one_full  flex_column_div av-zero-column-padding first  avia-builder-el-0  el_before_av_one_full  avia-builder-el-first  \" style='border-radius:0px; '><div  class='avia-image-container  av-styling-    avia-builder-el-1  avia-builder-el-no-sibling  avia-align-center '  itemprop=\"image\" itemscope=\"itemscope\" itemtype=\"https:\/\/schema.org\/ImageObject\"  ><div class='avia-image-container-inner'><div class='avia-image-overlay-wrap'><img decoding=\"async\" class='wp-image-44354 avia-img-lazy-loading-not-44354 avia_image' src=\"https:\/\/radiorevelacionfm.cl\/wp-content\/uploads\/2024\/07\/Vivienda-1.jpg\" alt='' title='Vivienda (1)' height=\"600\" width=\"1067\"  itemprop=\"thumbnailUrl\" srcset=\"https:\/\/radiorevelacionfm.cl\/wp-content\/uploads\/2024\/07\/Vivienda-1.jpg 1067w, https:\/\/radiorevelacionfm.cl\/wp-content\/uploads\/2024\/07\/Vivienda-1-300x169.jpg 300w, https:\/\/radiorevelacionfm.cl\/wp-content\/uploads\/2024\/07\/Vivienda-1-1030x579.jpg 1030w, https:\/\/radiorevelacionfm.cl\/wp-content\/uploads\/2024\/07\/Vivienda-1-768x432.jpg 768w, https:\/\/radiorevelacionfm.cl\/wp-content\/uploads\/2024\/07\/Vivienda-1-705x396.jpg 705w, https:\/\/radiorevelacionfm.cl\/wp-content\/uploads\/2024\/07\/Vivienda-1-450x253.jpg 450w, https:\/\/radiorevelacionfm.cl\/wp-content\/uploads\/2024\/07\/Vivienda-1-600x337.jpg 600w\" sizes=\"(max-width: 1067px) 100vw, 1067px\" \/><\/div><\/div><\/div><\/div><div class=\"flex_column av_one_full  flex_column_div av-zero-column-padding first  avia-builder-el-2  el_after_av_one_full  el_before_av_one_full  column-top-margin\" style='border-radius:0px; '><section class=\"av_textblock_section \"  itemscope=\"itemscope\" itemtype=\"https:\/\/schema.org\/BlogPosting\" itemprop=\"blogPost\" ><div class='avia_textblock  '   itemprop=\"text\" ><p style=\"text-align: center;\"><strong><span style=\"font-size: 18pt;\">Minvu confirma extensi\u00f3n del FOGAES hasta diciembre de 2024<\/span><\/strong><\/p>\n<div id=\"gtx-trans\" style=\"position: absolute; left: -50px; top: 4.31534px;\">\n<div class=\"gtx-trans-icon\"><\/div>\n<\/div>\n<\/div><\/section><\/div><div class=\"flex_column av_one_full  flex_column_div av-zero-column-padding first  avia-builder-el-4  el_after_av_one_full  el_before_av_hr  column-top-margin\" style='border-radius:0px; '><section class=\"av_textblock_section \"  itemscope=\"itemscope\" itemtype=\"https:\/\/schema.org\/BlogPosting\" itemprop=\"blogPost\" ><div class='avia_textblock  '   itemprop=\"text\" ><p style=\"text-align: justify;\">Tras el anuncio realizado hace algunos d\u00edas por el Ministro de Vivienda y Urbanismo, Carlos Montes, respecto de varias modificaciones para facilitar el acceso al Fondo de Garant\u00edas Especiales (FOGAES), esta semana la Seremi de la regi\u00f3n de Ays\u00e9n, Paulina Ruz, entreg\u00f3 mayores detalles sobre estas medidas, las que buscan apoyar a las familias, dinamizar el sector construcci\u00f3n, crear empleos y reforzar el crecimiento econ\u00f3mico en todo el pa\u00eds.<\/p>\n<p style=\"text-align: justify;\">Record\u00f3 la autoridad regional que el objetivo de estos anuncios es lograr que se entreguen m\u00e1s pr\u00e9stamos a las empresas y a las familias, abriendo nuevas opciones y alternativas que consideren la realidad actual. Es en esta etapa donde se requiere que tambi\u00e9n los bancos busquen alternativas para acceder tanto a la compra y venta, como a la producci\u00f3n de las viviendas.<\/p>\n<p style=\"text-align: justify;\">Agreg\u00f3 Paulina Ruz que, si bien al comienzo el impacto del FOGAES fue menor al esperado, hay que tener en consideraci\u00f3n que las condiciones han ido cambiando y actualmente hay mejores expectativas para todos. Es as\u00ed como las tasas de inter\u00e9s han tenido una baja y en forma paralela se acort\u00f3 la diferencia entre lo que ha crecido el valor de las viviendas y el ingreso de las familias.<\/p>\n<p style=\"text-align: justify;\">Por eso, agreg\u00f3, lo que se espera es que ahora este Fondo tenga un efecto mayor, porque estas medidas se mantienen y la comunidad est\u00e1 mejor y m\u00e1s informada. \u201cNo debemos olvidar que, en nuestra regi\u00f3n, tal como ocurre en todo el pa\u00eds, tenemos una gran necesidad y una gran demanda por soluciones habitacionales, para lo cual estamos trabajando con fuerza, implementando nuestro Plan de Emergencia Habitacional. Si bien llevamos m\u00e1s de un 57 por ciento de avance en nuestra meta, sabemos que hay personas y familias que a\u00fan no han podido acceder a un subsidio y que adem\u00e1s no tienen acceso a un cr\u00e9dito personal en la banca privada. Por ello estos anuncios que potencian el Fogaes son muy importantes, ya que se trata de medidas que sin duda ayudar\u00e1n a reducir los tiempos y generar un ambiente de mayor confianza a la hora de hacer el intento por acceder a la vivienda propia\u201d, precis\u00f3.<\/p>\n<p style=\"text-align: justify;\"><strong>Fogaes<\/strong><\/p>\n<p style=\"text-align: justify;\">El Fondo de Garant\u00edas Especiales, FOGAES, es un apoyo desde el Estado a las personas que quieren adquirir una vivienda y al financiamiento de las empresas de construcci\u00f3n. Implementado en abril de 2023, cuenta con dos enfoques: apoyo para empresas del sector inmobiliario y de la construcci\u00f3n mediante una garant\u00eda estatal y acceso a cr\u00e9ditos hipotecarios para la primera vivienda a trav\u00e9s de una garant\u00eda estatal que reduce el pie hasta el 10% del valor de la casa o departamento.<\/p>\n<p style=\"text-align: justify;\">Dentro de los nuevos beneficios del Fondo de Garant\u00edas Especiales se encuentra la extensi\u00f3n de su vigencia hasta diciembre de 2024, tanto para familias como para constructoras, y el aumento del patrimonio del programa, desde los 50 a los 208 millones de d\u00f3lares, con la apertura del proceso de licitaci\u00f3n para la participaci\u00f3n de entidades financieras a partir del pr\u00f3ximo jueves 4 de julio.<\/p>\n<p style=\"text-align: justify;\">Respecto del FOGAES Vivienda, para familias, se autoriza a entidades mutuarias a otorgar cr\u00e9ditos respaldados por este programa. Adem\u00e1s, los cr\u00e9ditos con garant\u00eda estatal celebrados entre la entrada en vigencia de la ley y el 31 de diciembre de este a\u00f1o, que tengan como fin la adquisici\u00f3n de una vivienda, estar\u00e1n exentos del impuesto al timbre y estampillas.<\/p>\n<p style=\"text-align: justify;\">En cuanto al FOGAES Construcci\u00f3n, para empresas, se eliminan las restricciones m\u00ednimas, como el requisito de ventas anuales netas de 100 mil UF, para constructoras con mandante p\u00fablico se elimina el m\u00e1ximo de 1 mill\u00f3n de UF, lo que facilitar\u00e1 las emisiones de boletas de garant\u00eda, se incrementa en 10% el porcentaje en cada uno de los tramos y se ampliar\u00e1 la garant\u00eda a p\u00f3lizas de seguro.<\/p>\n<\/div><\/section><\/div><div  style='height:50px' class='hr hr-invisible   avia-builder-el-6  el_after_av_one_full  el_before_av_social_share '><span class='hr-inner ' ><span class='hr-inner-style'><\/span><\/span><\/div><\/p>\n<div  class='av-social-sharing-box  avia-builder-el-7  el_after_av_hr  el_before_av_hr  '><div class='av-share-box'><h5 class='av-share-link-description av-no-toc '>Compartir esta noticia<\/h5><ul class='av-share-box-list noLightbox'><li class='av-share-link av-social-link-facebook' ><a target=\"_blank\" aria-label=\"Compartir en Facebook\" href='https:\/\/www.facebook.com\/sharer.php?u=https:\/\/radiorevelacionfm.cl\/?p=44353&#038;t=Minvu%20confirma%20extensi%C3%B3n%20del%20FOGAES%20hasta%20diciembre%20de%202024' aria-hidden='false' data-av_icon='\ue8f3' data-av_iconfont='entypo-fontello' title='' data-avia-related-tooltip='Compartir en Facebook' rel=\"noopener\"><span class='avia_hidden_link_text'>Compartir en Facebook<\/span><\/a><\/li><li class='av-share-link av-social-link-twitter' ><a target=\"_blank\" aria-label=\"Compartir en Twitter\" href='https:\/\/twitter.com\/share?text=Minvu%20confirma%20extensi%C3%B3n%20del%20FOGAES%20hasta%20diciembre%20de%202024&#038;url=https:\/\/radiorevelacionfm.cl\/?p=44353' aria-hidden='false' data-av_icon='\ue8f1' data-av_iconfont='entypo-fontello' title='' data-avia-related-tooltip='Compartir en Twitter' rel=\"noopener\"><span class='avia_hidden_link_text'>Compartir en Twitter<\/span><\/a><\/li><li class='av-share-link av-social-link-whatsapp' ><a target=\"_blank\" aria-label=\"Compartir en Whatsapp\" href='https:\/\/api.whatsapp.com\/send?text=https:\/\/radiorevelacionfm.cl\/?p=44353' aria-hidden='false' data-av_icon='\uf232' data-av_iconfont='entypo-fontello' title='' data-avia-related-tooltip='Compartir en Whatsapp' rel=\"noopener\"><span class='avia_hidden_link_text'>Compartir en Whatsapp<\/span><\/a><\/li><li class='av-share-link av-social-link-linkedin' ><a target=\"_blank\" aria-label=\"Compartir en LinkedIn\" href='https:\/\/linkedin.com\/shareArticle?mini=true&#038;title=Minvu%20confirma%20extensi%C3%B3n%20del%20FOGAES%20hasta%20diciembre%20de%202024&#038;url=https:\/\/radiorevelacionfm.cl\/?p=44353' aria-hidden='false' data-av_icon='\ue8fc' data-av_iconfont='entypo-fontello' title='' data-avia-related-tooltip='Compartir en LinkedIn' rel=\"noopener\"><span class='avia_hidden_link_text'>Compartir en LinkedIn<\/span><\/a><\/li><li class='av-share-link av-social-link-mail' ><a  aria-label=\"Compartir por correo\" href='mailto:?subject=Minvu%20confirma%20extensi%C3%B3n%20del%20FOGAES%20hasta%20diciembre%20de%202024&#038;body=https:\/\/radiorevelacionfm.cl\/?p=44353' aria-hidden='false' data-av_icon='\ue805' data-av_iconfont='entypo-fontello' title='' data-avia-related-tooltip='Compartir por correo'><span class='avia_hidden_link_text'>Compartir por correo<\/span><\/a><\/li><\/ul><\/div><\/div>\n<div  style='height:50px' class='hr hr-invisible   avia-builder-el-8  el_after_av_social_share  el_before_av_comments_list '><span class='hr-inner ' ><span class='hr-inner-style'><\/span><\/span><\/div>\n<div  class='av-buildercomment  av-blog-meta-html-info-disabled av-blog-meta-tag-disabled  '><\/div>\n","protected":false},"excerpt":{"rendered":"","protected":false},"author":1,"featured_media":44354,"comment_status":"open","ping_status":"open","sticky":false,"template":"","format":"standard","meta":{"footnotes":""},"categories":[57],"tags":[],"class_list":["post-44353","post","type-post","status-publish","format-standard","has-post-thumbnail","hentry","category-vivienda"],"jetpack_featured_media_url":"https:\/\/radiorevelacionfm.cl\/wp-content\/uploads\/2024\/07\/Vivienda-1.jpg","_links":{"self":[{"href":"https:\/\/radiorevelacionfm.cl\/index.php?rest_route=\/wp\/v2\/posts\/44353","targetHints":{"allow":["GET"]}}],"collection":[{"href":"https:\/\/radiorevelacionfm.cl\/index.php?rest_route=\/wp\/v2\/posts"}],"about":[{"href":"https:\/\/radiorevelacionfm.cl\/index.php?rest_route=\/wp\/v2\/types\/post"}],"author":[{"embeddable":true,"href":"https:\/\/radiorevelacionfm.cl\/index.php?rest_route=\/wp\/v2\/users\/1"}],"replies":[{"embeddable":true,"href":"https:\/\/radiorevelacionfm.cl\/index.php?rest_route=%2Fwp%2Fv2%2Fcomments&post=44353"}],"version-history":[{"count":1,"href":"https:\/\/radiorevelacionfm.cl\/index.php?rest_route=\/wp\/v2\/posts\/44353\/revisions"}],"predecessor-version":[{"id":44355,"href":"https:\/\/radiorevelacionfm.cl\/index.php?rest_route=\/wp\/v2\/posts\/44353\/revisions\/44355"}],"wp:featuredmedia":[{"embeddable":true,"href":"https:\/\/radiorevelacionfm.cl\/index.php?rest_route=\/wp\/v2\/media\/44354"}],"wp:attachment":[{"href":"https:\/\/radiorevelacionfm.cl\/index.php?rest_route=%2Fwp%2Fv2%2Fmedia&parent=44353"}],"wp:term":[{"taxonomy":"category","embeddable":true,"href":"https:\/\/radiorevelacionfm.cl\/index.php?rest_route=%2Fwp%2Fv2%2Fcategories&post=44353"},{"taxonomy":"post_tag","embeddable":true,"href":"https:\/\/radiorevelacionfm.cl\/index.php?rest_route=%2Fwp%2Fv2%2Ftags&post=44353"}],"curies":[{"name":"wp","href":"https:\/\/api.w.org\/{rel}","templated":true}]}}