{"id":44350,"date":"2024-07-22T12:30:43","date_gmt":"2024-07-22T15:30:43","guid":{"rendered":"https:\/\/radiorevelacionfm.cl\/?p=44350"},"modified":"2024-07-22T12:30:43","modified_gmt":"2024-07-22T15:30:43","slug":"el-festival-de-jineteadas-de-la-patagonia-se-prepara-para-una-nueva-version-del-17-al-19-de-enero-de-2025","status":"publish","type":"post","link":"https:\/\/radiorevelacionfm.cl\/?p=44350","title":{"rendered":"El Festival de Jineteadas de la Patagonia se prepara para una nueva versi\u00f3n del 17 al 19 de enero de 2025"},"content":{"rendered":"<div class=\"flex_column av_one_full  flex_column_div av-zero-column-padding first  avia-builder-el-0  el_before_av_one_full  avia-builder-el-first  \" style='border-radius:0px; '><div  class='avia-image-container  av-styling-    avia-builder-el-1  avia-builder-el-no-sibling  avia-align-center '  itemprop=\"image\" itemscope=\"itemscope\" itemtype=\"https:\/\/schema.org\/ImageObject\"  ><div class='avia-image-container-inner'><div class='avia-image-overlay-wrap'><img decoding=\"async\" class='wp-image-44351 avia-img-lazy-loading-not-44351 avia_image' src=\"https:\/\/radiorevelacionfm.cl\/wp-content\/uploads\/2024\/07\/327724315_771864017613405_7558353601577915640_n-1_optimized.jpg\" alt='' title='327724315_771864017613405_7558353601577915640_n-(1)_optimized' height=\"600\" width=\"900\"  itemprop=\"thumbnailUrl\" srcset=\"https:\/\/radiorevelacionfm.cl\/wp-content\/uploads\/2024\/07\/327724315_771864017613405_7558353601577915640_n-1_optimized.jpg 900w, https:\/\/radiorevelacionfm.cl\/wp-content\/uploads\/2024\/07\/327724315_771864017613405_7558353601577915640_n-1_optimized-300x200.jpg 300w, https:\/\/radiorevelacionfm.cl\/wp-content\/uploads\/2024\/07\/327724315_771864017613405_7558353601577915640_n-1_optimized-768x512.jpg 768w, https:\/\/radiorevelacionfm.cl\/wp-content\/uploads\/2024\/07\/327724315_771864017613405_7558353601577915640_n-1_optimized-705x470.jpg 705w, https:\/\/radiorevelacionfm.cl\/wp-content\/uploads\/2024\/07\/327724315_771864017613405_7558353601577915640_n-1_optimized-450x300.jpg 450w, https:\/\/radiorevelacionfm.cl\/wp-content\/uploads\/2024\/07\/327724315_771864017613405_7558353601577915640_n-1_optimized-600x400.jpg 600w\" sizes=\"(max-width: 900px) 100vw, 900px\" \/><\/div><\/div><\/div><\/div><div class=\"flex_column av_one_full  flex_column_div av-zero-column-padding first  avia-builder-el-2  el_after_av_one_full  el_before_av_one_full  column-top-margin\" style='border-radius:0px; '><section class=\"av_textblock_section \"  itemscope=\"itemscope\" itemtype=\"https:\/\/schema.org\/BlogPosting\" itemprop=\"blogPost\" ><div class='avia_textblock  '   itemprop=\"text\" ><p style=\"text-align: center;\"><strong><span style=\"font-size: 18pt;\">El Festival de Jineteadas de la Patagonia se prepara para una nueva versi\u00f3n del 17 al 19 de enero de 2025<\/span><\/strong><\/p>\n<div id=\"gtx-trans\" style=\"position: absolute; left: -50px; top: 4.31534px;\">\n<div class=\"gtx-trans-icon\"><\/div>\n<\/div>\n<\/div><\/section><\/div><div class=\"flex_column av_one_full  flex_column_div av-zero-column-padding first  avia-builder-el-4  el_after_av_one_full  el_before_av_hr  column-top-margin\" style='border-radius:0px; '><section class=\"av_textblock_section \"  itemscope=\"itemscope\" itemtype=\"https:\/\/schema.org\/BlogPosting\" itemprop=\"blogPost\" ><div class='avia_textblock  '   itemprop=\"text\" ><p style=\"text-align: justify;\">La Agrupaci\u00f3n de Jineteadas y Tradiciones de la Patagonia se enorgullece en anunciar que la <strong>versi\u00f3n 23 del Festival de Jineteadas 2025<\/strong> se celebrar\u00e1 del <strong>17 al 19 de enero de 2025<\/strong>. Este esperado evento, que celebra y preserva nuestras ricas tradiciones gauchas, ha recibido un respaldo preliminar crucial gracias a una reciente reuni\u00f3n con la Gobernadora Andrea Mac\u00edas.<\/p>\n<p style=\"text-align: justify;\">Durante la reuni\u00f3n, la Gobernadora Mac\u00edas mostr\u00f3 un firme apoyo al festival, un respaldo que es esencial para la obtenci\u00f3n del financiamiento necesario. Sin embargo, la aprobaci\u00f3n definitiva del financiamiento depende de la ratificaci\u00f3n final por parte de los consejeros regionales. Su apoyo es fundamental para garantizar la realizaci\u00f3n de este importante evento.<\/p>\n<p style=\"text-align: justify;\">Ren\u00e1n Catal\u00e1n, Presidente de la Agrupaci\u00f3n de Jineteadas y Tradiciones de la Patagonia, expres\u00f3 su sincero agradecimiento: \u201cEstamos profundamente agradecidos por el continuo respaldo de la Gobernadora Andrea Mac\u00edas. Su apoyo es vital para la realizaci\u00f3n del Festival de Jineteadas 2025. Adem\u00e1s, queremos enfatizar que el apoyo de los consejeros regionales es crucial en esta etapa final. Su aprobaci\u00f3n definitiva permitir\u00e1 que el festival se lleve a cabo y ofrecer\u00e1 a nuestra comunidad una celebraci\u00f3n que destaca nuestras tradiciones y fortalece nuestro sentido de identidad.\u201d<\/p>\n<p style=\"text-align: justify;\">El Festival de Jineteadas 2025, en su versi\u00f3n 23, promete ser un evento de tres d\u00edas lleno de emoci\u00f3n, con competencias de jineteadas, demostraciones de habilidades gauchas y una variedad de actividades culturales que destacar\u00e1n la rica herencia de nuestra regi\u00f3n. Este festival no solo atraer\u00e1 a los amantes de la cultura gaucha, sino que tambi\u00e9n tiene el potencial de fomentar el turismo y generar un impacto econ\u00f3mico positivo en nuestra comunidad.<\/p>\n<p style=\"text-align: justify;\">Sebasti\u00e1n Vera Ojeda, quien ha desempe\u00f1ado un papel crucial como relacionador p\u00fablico durante los \u00faltimos tres a\u00f1os, contin\u00faa siendo fundamental en la promoci\u00f3n y organizaci\u00f3n del festival, fortaleciendo el v\u00ednculo con la comunidad y garantizando el \u00e9xito del evento.<\/p>\n<p style=\"text-align: justify;\"><strong>La Agrupaci\u00f3n de Jineteadas y Tradiciones de la Patagonia<\/strong> sigue comprometida con la celebraci\u00f3n y preservaci\u00f3n de nuestra herencia cultural. Con el respaldo de la Gobernadora Mac\u00edas, el apoyo de los consejeros regionales y el esfuerzo dedicado de todos los involucrados, estamos entusiasmados por ofrecer un festival inolvidable que reunir\u00e1 a la comunidad en torno a nuestras tradiciones m\u00e1s queridas.<\/p>\n<p style=\"text-align: justify;\"><strong>\u00a1No te pierdas esta oportunidad \u00fanica de experimentar la esencia de nuestras tradiciones!<\/strong> Mantente atento a nuestras actualizaciones para m\u00e1s detalles sobre el festival y prep\u00e1rate para disfrutar de una celebraci\u00f3n sin igual del 17 al 19 de enero de 2025.<\/p>\n<\/div><\/section><\/div><div  style='height:50px' class='hr hr-invisible   avia-builder-el-6  el_after_av_one_full  el_before_av_social_share '><span class='hr-inner ' ><span class='hr-inner-style'><\/span><\/span><\/div><\/p>\n<div  class='av-social-sharing-box  avia-builder-el-7  el_after_av_hr  el_before_av_hr  '><div class='av-share-box'><h5 class='av-share-link-description av-no-toc '>Compartir esta noticia<\/h5><ul class='av-share-box-list noLightbox'><li class='av-share-link av-social-link-facebook' ><a target=\"_blank\" aria-label=\"Compartir en Facebook\" href='https:\/\/www.facebook.com\/sharer.php?u=https:\/\/radiorevelacionfm.cl\/?p=44350&#038;t=El%20Festival%20de%20Jineteadas%20de%20la%20Patagonia%20se%20prepara%20para%20una%20nueva%20versi%C3%B3n%20del%2017%20al%2019%20de%20enero%20de%202025' aria-hidden='false' data-av_icon='\ue8f3' data-av_iconfont='entypo-fontello' title='' data-avia-related-tooltip='Compartir en Facebook' rel=\"noopener\"><span class='avia_hidden_link_text'>Compartir en Facebook<\/span><\/a><\/li><li class='av-share-link av-social-link-twitter' ><a target=\"_blank\" aria-label=\"Compartir en Twitter\" href='https:\/\/twitter.com\/share?text=El%20Festival%20de%20Jineteadas%20de%20la%20Patagonia%20se%20prepara%20para%20una%20nueva%20versi%C3%B3n%20del%2017%20al%2019%20de%20enero%20de%202025&#038;url=https:\/\/radiorevelacionfm.cl\/?p=44350' aria-hidden='false' data-av_icon='\ue8f1' data-av_iconfont='entypo-fontello' title='' data-avia-related-tooltip='Compartir en Twitter' rel=\"noopener\"><span class='avia_hidden_link_text'>Compartir en Twitter<\/span><\/a><\/li><li class='av-share-link av-social-link-whatsapp' ><a target=\"_blank\" aria-label=\"Compartir en Whatsapp\" href='https:\/\/api.whatsapp.com\/send?text=https:\/\/radiorevelacionfm.cl\/?p=44350' aria-hidden='false' data-av_icon='\uf232' data-av_iconfont='entypo-fontello' title='' data-avia-related-tooltip='Compartir en Whatsapp' rel=\"noopener\"><span class='avia_hidden_link_text'>Compartir en Whatsapp<\/span><\/a><\/li><li class='av-share-link av-social-link-linkedin' ><a target=\"_blank\" aria-label=\"Compartir en LinkedIn\" href='https:\/\/linkedin.com\/shareArticle?mini=true&#038;title=El%20Festival%20de%20Jineteadas%20de%20la%20Patagonia%20se%20prepara%20para%20una%20nueva%20versi%C3%B3n%20del%2017%20al%2019%20de%20enero%20de%202025&#038;url=https:\/\/radiorevelacionfm.cl\/?p=44350' aria-hidden='false' data-av_icon='\ue8fc' data-av_iconfont='entypo-fontello' title='' data-avia-related-tooltip='Compartir en LinkedIn' rel=\"noopener\"><span class='avia_hidden_link_text'>Compartir en LinkedIn<\/span><\/a><\/li><li class='av-share-link av-social-link-mail' ><a  aria-label=\"Compartir por correo\" href='mailto:?subject=El%20Festival%20de%20Jineteadas%20de%20la%20Patagonia%20se%20prepara%20para%20una%20nueva%20versi%C3%B3n%20del%2017%20al%2019%20de%20enero%20de%202025&#038;body=https:\/\/radiorevelacionfm.cl\/?p=44350' aria-hidden='false' data-av_icon='\ue805' data-av_iconfont='entypo-fontello' title='' data-avia-related-tooltip='Compartir por correo'><span class='avia_hidden_link_text'>Compartir por correo<\/span><\/a><\/li><\/ul><\/div><\/div>\n<div  style='height:50px' class='hr hr-invisible   avia-builder-el-8  el_after_av_social_share  el_before_av_comments_list '><span class='hr-inner ' ><span class='hr-inner-style'><\/span><\/span><\/div>\n<div  class='av-buildercomment  av-blog-meta-html-info-disabled av-blog-meta-tag-disabled  '><\/div>\n","protected":false},"excerpt":{"rendered":"","protected":false},"author":1,"featured_media":44351,"comment_status":"open","ping_status":"open","sticky":false,"template":"","format":"standard","meta":{"footnotes":""},"categories":[38],"tags":[],"class_list":["post-44350","post","type-post","status-publish","format-standard","has-post-thumbnail","hentry","category-regional"],"jetpack_featured_media_url":"https:\/\/radiorevelacionfm.cl\/wp-content\/uploads\/2024\/07\/327724315_771864017613405_7558353601577915640_n-1_optimized.jpg","_links":{"self":[{"href":"https:\/\/radiorevelacionfm.cl\/index.php?rest_route=\/wp\/v2\/posts\/44350","targetHints":{"allow":["GET"]}}],"collection":[{"href":"https:\/\/radiorevelacionfm.cl\/index.php?rest_route=\/wp\/v2\/posts"}],"about":[{"href":"https:\/\/radiorevelacionfm.cl\/index.php?rest_route=\/wp\/v2\/types\/post"}],"author":[{"embeddable":true,"href":"https:\/\/radiorevelacionfm.cl\/index.php?rest_route=\/wp\/v2\/users\/1"}],"replies":[{"embeddable":true,"href":"https:\/\/radiorevelacionfm.cl\/index.php?rest_route=%2Fwp%2Fv2%2Fcomments&post=44350"}],"version-history":[{"count":1,"href":"https:\/\/radiorevelacionfm.cl\/index.php?rest_route=\/wp\/v2\/posts\/44350\/revisions"}],"predecessor-version":[{"id":44352,"href":"https:\/\/radiorevelacionfm.cl\/index.php?rest_route=\/wp\/v2\/posts\/44350\/revisions\/44352"}],"wp:featuredmedia":[{"embeddable":true,"href":"https:\/\/radiorevelacionfm.cl\/index.php?rest_route=\/wp\/v2\/media\/44351"}],"wp:attachment":[{"href":"https:\/\/radiorevelacionfm.cl\/index.php?rest_route=%2Fwp%2Fv2%2Fmedia&parent=44350"}],"wp:term":[{"taxonomy":"category","embeddable":true,"href":"https:\/\/radiorevelacionfm.cl\/index.php?rest_route=%2Fwp%2Fv2%2Fcategories&post=44350"},{"taxonomy":"post_tag","embeddable":true,"href":"https:\/\/radiorevelacionfm.cl\/index.php?rest_route=%2Fwp%2Fv2%2Ftags&post=44350"}],"curies":[{"name":"wp","href":"https:\/\/api.w.org\/{rel}","templated":true}]}}