{"id":44346,"date":"2024-07-22T11:28:56","date_gmt":"2024-07-22T14:28:56","guid":{"rendered":"https:\/\/radiorevelacionfm.cl\/?p=44346"},"modified":"2024-07-22T11:28:56","modified_gmt":"2024-07-22T14:28:56","slug":"manual-de-carreno-de-la-patagonia-aysen-estara-disponible-in-english","status":"publish","type":"post","link":"https:\/\/radiorevelacionfm.cl\/?p=44346","title":{"rendered":"\u00abManual de Carre\u00f1o de la Patagonia Ays\u00e9n\u00bb estar\u00e1 disponible in English"},"content":{"rendered":"<div class=\"flex_column av_one_full  flex_column_div av-zero-column-padding first  avia-builder-el-0  el_before_av_one_full  avia-builder-el-first  \" style='border-radius:0px; '><div  class='avia-image-container  av-styling-    avia-builder-el-1  avia-builder-el-no-sibling  avia-align-center '  itemprop=\"image\" itemscope=\"itemscope\" itemtype=\"https:\/\/schema.org\/ImageObject\"  ><div class='avia-image-container-inner'><div class='avia-image-overlay-wrap'><img decoding=\"async\" class='wp-image-44348 avia-img-lazy-loading-not-44348 avia_image' src=\"https:\/\/radiorevelacionfm.cl\/wp-content\/uploads\/2024\/07\/portada-libro-2_optimized.jpg\" alt='' title='portada-libro-(2)_optimized' height=\"600\" width=\"896\"  itemprop=\"thumbnailUrl\" srcset=\"https:\/\/radiorevelacionfm.cl\/wp-content\/uploads\/2024\/07\/portada-libro-2_optimized.jpg 896w, https:\/\/radiorevelacionfm.cl\/wp-content\/uploads\/2024\/07\/portada-libro-2_optimized-300x201.jpg 300w, https:\/\/radiorevelacionfm.cl\/wp-content\/uploads\/2024\/07\/portada-libro-2_optimized-768x514.jpg 768w, https:\/\/radiorevelacionfm.cl\/wp-content\/uploads\/2024\/07\/portada-libro-2_optimized-705x472.jpg 705w, https:\/\/radiorevelacionfm.cl\/wp-content\/uploads\/2024\/07\/portada-libro-2_optimized-450x301.jpg 450w, https:\/\/radiorevelacionfm.cl\/wp-content\/uploads\/2024\/07\/portada-libro-2_optimized-600x402.jpg 600w\" sizes=\"(max-width: 896px) 100vw, 896px\" \/><\/div><\/div><\/div><\/div><div class=\"flex_column av_one_full  flex_column_div av-zero-column-padding first  avia-builder-el-2  el_after_av_one_full  el_before_av_one_full  column-top-margin\" style='border-radius:0px; '><section class=\"av_textblock_section \"  itemscope=\"itemscope\" itemtype=\"https:\/\/schema.org\/BlogPosting\" itemprop=\"blogPost\" ><div class='avia_textblock  '   itemprop=\"text\" ><p style=\"text-align: center;\"><strong><span style=\"font-size: 18pt;\">\u00abManual de Carre\u00f1o de la Patagonia Ays\u00e9n\u00bb estar\u00e1 disponible in English<\/span><\/strong><\/p>\n<div id=\"gtx-trans\" style=\"position: absolute; left: -50px; top: 4.31534px;\">\n<div class=\"gtx-trans-icon\"><\/div>\n<\/div>\n<\/div><\/section><\/div><div class=\"flex_column av_one_full  flex_column_div av-zero-column-padding first  avia-builder-el-4  el_after_av_one_full  el_before_av_hr  column-top-margin\" style='border-radius:0px; '><section class=\"av_textblock_section \"  itemscope=\"itemscope\" itemtype=\"https:\/\/schema.org\/BlogPosting\" itemprop=\"blogPost\" ><div class='avia_textblock  '   itemprop=\"text\" ><ul>\n<li><i><span lang=\"ES-TRAD\">Corporaci\u00f3n Chelenko postul\u00f3 la iniciativa al 8% Fondo Nacional de Desarrollo Regional (FNDR), contemplando, en esta etapa, realizar ajustes y actualizaci\u00f3n de algunos contenidos, concluyendo con una maqueta definitiva en formato digital que posteriormente pueda ser impresa.<\/span><\/i><\/li>\n<\/ul>\n<ul>\n<li class=\"v1gmail-MsoListParagraphCxSpLast\" style=\"text-align: justify;\"><i><span lang=\"ES-TRAD\">El libro, del caricaturista Nelson Huenchu\u00f1ir y el periodista Patricio Segura, tuvo una primera edici\u00f3n en blanco y negro en 2010, que en 2014 fue actualizada con vi\u00f1etas a color.<\/span><\/i><\/li>\n<\/ul>\n<p class=\"v1MsoNormal\" style=\"text-align: justify;\"><span lang=\"ES-TRAD\">En 2010 el\u00a0<b>caricaturista Nelson Huenchu\u00f1ir<\/b>\u00a0y el\u00a0<b>periodista Patricio Segura<\/b>\u00a0publicaron el libro\u00a0<\/span><a href=\"https:\/\/www.patagonjournal.com\/index.php?option=com_content&amp;view=article&amp;id=1385:manual-de-carreno-de-la-patagonia-aysen&amp;catid=46:noticias&amp;lang=en\" target=\"_blank\" rel=\"noopener noreferrer\"><b><span lang=\"ES-TRAD\">\u00ab<i>Manual de Carre\u00f1o de la Patagonia Ays\u00e9n<\/i>\u00ab<\/span><\/b><\/a><span lang=\"ES-TRAD\">, con financiamiento FONDART.\u00a0 Fue \u00e9ste un texto de 105 caricaturas en blanco y negro distribuidas en \u00ab<i>La memoria<\/i>\u00ab, \u00ab<i>Dichos y frases<\/i>\u00ab, \u00ab<i>Indumentaria<\/i>\u00ab, \u00ab<i>Gastronom\u00eda y alimentaci\u00f3n<\/i>\u00ab, \u00ab<i>Bailes y m\u00fasica<\/i>\u00ab, \u00ab<i>Juegos y esparcimiento<\/i>\u00bb y \u00ab<i>La le\u00f1era de los cachureos<\/i>\u00bb (donde se dispusieron los contenidos m\u00e1s complejos de categorizar).\u00a0\u00a0\u00a0 En la elaboraci\u00f3n de esa primera edici\u00f3n colaboraron como fuentes de informaci\u00f3n Mario Gonz\u00e1lez Kappes, Cecilio Aguilar, Mauricio Osorio y Leonel Galindo.\u00a0 \u00a0El pr\u00f3logo estuvo a cargo de Guillo, el reconocido caricaturista de la revista APSI, que en 2009 fuera galardonado con un premio APES.\u00a0<\/span><\/p>\n<p class=\"v1MsoNormal\" style=\"text-align: justify;\"><span lang=\"ES-TRAD\">Tanto aquella primera publicaci\u00f3n como\u00a0<\/span><a href=\"https:\/\/radio.uchile.cl\/2014\/09\/21\/manual-de-carreno-de-la-patagonia-aysen-regresa-a-colores-y-con-graficas-de-la-historia-regional-reciente\/\" target=\"_blank\" rel=\"noopener noreferrer\"><span lang=\"ES-TRAD\">la siguiente (2014, con financiamiento del 2 % Cultura FNDR)<\/span><\/a><span lang=\"ES-TRAD\">, que incorpor\u00f3 color a las gr\u00e1ficas y una vi\u00f1eta especial sobre el Movimiento \u00ab<i>Ays\u00e9n, tu problema es mi problema<\/i>\u00ab, fue distribuida gratuitamente a todas las bibliotecas y escuelas de la regi\u00f3n, adem\u00e1s de quedar para libre visualizaci\u00f3n en formato digital.\u00a0 Esto, seg\u00fan se\u00f1alaron los autores en su oportunidad, \u00ab<i>para que se d\u00e9 una discusi\u00f3n importante, el concepto de identidad tiene que ver con definir qu\u00e9 es lo esencial y qu\u00e9 lo accesorio. Lo esencial tiene que mantenerse y lo accesorio puede mutar<\/i>\u00ab.\u00a0<\/span><\/p>\n<p class=\"v1MsoNormal\" style=\"text-align: justify;\"><span lang=\"ES-TRAD\">Este a\u00f1o la\u00a0<b>Corporaci\u00f3n Chelenko\u00a0<\/b>se adjudic\u00f3 recursos del 8% Fondo Nacional de Desarrollo Regional (FNDR ) para la traducci\u00f3n de la obra al ingl\u00e9s, por el aporte que se considera puede representar tanto para quienes se dedican al turismo en el territorio (y la regi\u00f3n) como para reforzar el aprendizaje de este idioma entre las y los estudiantes, adem\u00e1s de la comunidad en general.\u00a0 La iniciativa cuenta con la colaboraci\u00f3n de la Corporaci\u00f3n Privada para el Desarrollo de Ays\u00e9n (CODESA) y de la AG de Turismo, Cultura y Artesan\u00eda de Puerto Guadal.<\/span><\/p>\n<p class=\"v1MsoNormal\" style=\"text-align: justify;\"><span lang=\"ES-TRAD\">Las ediciones anteriores fueron impulsadas por CODESA, con un primer esquema de diagramaci\u00f3n realizado por la dise\u00f1adora Cecilia Basualdo, que en la edici\u00f3n de 2014 continu\u00f3 la creadora Claudia Torres.\u00a0 En esta ocasi\u00f3n la responsable de remaquetear el libro ser\u00e1 la dise\u00f1adora Mar\u00eda de la Maza.\u00a0 La traducci\u00f3n estar\u00e1 a cargo del gu\u00eda estadounidense avecindado hace tres d\u00e9cadas en Ays\u00e9n, Jonathan Leidich.<\/span><\/p>\n<p class=\"v1MsoNormal\" style=\"text-align: justify;\"><span lang=\"ES-TRAD\">El proyecto considera, en esta etapa, realizar ajustes y actualizaci\u00f3n de algunos contenidos, concluyendo con una maqueta definitiva en formato digital que posteriormente pueda ser impresa.<\/span><\/p>\n<p class=\"v1MsoNormal\" style=\"text-align: justify;\"><span lang=\"ES-TRAD\">En paralelo, la entidad se adjudic\u00f3 el proyecto \u00ab<i>Prevenci\u00f3n y Conciencia Medioambiental en la Cuenca Chelenko<\/i>\u00ab, para trabajar con ni\u00f1o\/as de Puerto Bertrand, Puerto Guadal, Puerto R\u00edo Tranquilo, Puerto S\u00e1nchez y Bah\u00eda Murta, mediante di\u00e1logos y relatos de valorizaci\u00f3n de la identidad cultural y ambiental del lago General Carrera y el r\u00edo Baker.<\/span><\/p>\n<p class=\"v1MsoNormal\" style=\"text-align: justify;\"><span lang=\"ES-TRAD\">\u00ab<i>Como organizaci\u00f3n estos fondos nos permiten seguir aportando al fortalecimiento de un sector priorizado por la Estrategia de Desarrollo Regional, m\u00e1s a\u00fan en un territorio que es Zona de Inter\u00e9s Tur\u00edstico.\u00a0 Ambos proyectos se relacionan con el conocimiento de nuestra historia y cultura, reforzando nuestra identidad, en tanto el dise\u00f1o del libro sirve a la vez de apoyo para incorporar una herramienta que hoy es productiva, como es el idioma ingl\u00e9s.\u00a0 La visi\u00f3n tanto del Gobierno Regional de Ays\u00e9n como las y los consejeros regionales al robustecer este fondo con foco territorial, creemos es un aporte a este trabajo<\/i>\u00bb se\u00f1al\u00f3 la presidenta de la Corporaci\u00f3n Chelenko, Jasmia Y\u00e1\u00f1ez.<\/span><\/p>\n<\/div><\/section><\/div><div  style='height:50px' class='hr hr-invisible   avia-builder-el-6  el_after_av_one_full  el_before_av_social_share '><span class='hr-inner ' ><span class='hr-inner-style'><\/span><\/span><\/div><\/p>\n<div  class='av-social-sharing-box  avia-builder-el-7  el_after_av_hr  el_before_av_hr  '><div class='av-share-box'><h5 class='av-share-link-description av-no-toc '>Compartir esta noticia<\/h5><ul class='av-share-box-list noLightbox'><li class='av-share-link av-social-link-facebook' ><a target=\"_blank\" aria-label=\"Compartir en Facebook\" href='https:\/\/www.facebook.com\/sharer.php?u=https:\/\/radiorevelacionfm.cl\/?p=44346&#038;t=%C2%ABManual%20de%20Carre%C3%B1o%20de%20la%20Patagonia%20Ays%C3%A9n%C2%BB%20estar%C3%A1%20disponible%20in%20English' aria-hidden='false' data-av_icon='\ue8f3' data-av_iconfont='entypo-fontello' title='' data-avia-related-tooltip='Compartir en Facebook' rel=\"noopener\"><span class='avia_hidden_link_text'>Compartir en Facebook<\/span><\/a><\/li><li class='av-share-link av-social-link-twitter' ><a target=\"_blank\" aria-label=\"Compartir en Twitter\" href='https:\/\/twitter.com\/share?text=%C2%ABManual%20de%20Carre%C3%B1o%20de%20la%20Patagonia%20Ays%C3%A9n%C2%BB%20estar%C3%A1%20disponible%20in%20English&#038;url=https:\/\/radiorevelacionfm.cl\/?p=44346' aria-hidden='false' data-av_icon='\ue8f1' data-av_iconfont='entypo-fontello' title='' data-avia-related-tooltip='Compartir en Twitter' rel=\"noopener\"><span class='avia_hidden_link_text'>Compartir en Twitter<\/span><\/a><\/li><li class='av-share-link av-social-link-whatsapp' ><a target=\"_blank\" aria-label=\"Compartir en Whatsapp\" href='https:\/\/api.whatsapp.com\/send?text=https:\/\/radiorevelacionfm.cl\/?p=44346' aria-hidden='false' data-av_icon='\uf232' data-av_iconfont='entypo-fontello' title='' data-avia-related-tooltip='Compartir en Whatsapp' rel=\"noopener\"><span class='avia_hidden_link_text'>Compartir en Whatsapp<\/span><\/a><\/li><li class='av-share-link av-social-link-linkedin' ><a target=\"_blank\" aria-label=\"Compartir en LinkedIn\" href='https:\/\/linkedin.com\/shareArticle?mini=true&#038;title=%C2%ABManual%20de%20Carre%C3%B1o%20de%20la%20Patagonia%20Ays%C3%A9n%C2%BB%20estar%C3%A1%20disponible%20in%20English&#038;url=https:\/\/radiorevelacionfm.cl\/?p=44346' aria-hidden='false' data-av_icon='\ue8fc' data-av_iconfont='entypo-fontello' title='' data-avia-related-tooltip='Compartir en LinkedIn' rel=\"noopener\"><span class='avia_hidden_link_text'>Compartir en LinkedIn<\/span><\/a><\/li><li class='av-share-link av-social-link-mail' ><a  aria-label=\"Compartir por correo\" href='mailto:?subject=%C2%ABManual%20de%20Carre%C3%B1o%20de%20la%20Patagonia%20Ays%C3%A9n%C2%BB%20estar%C3%A1%20disponible%20in%20English&#038;body=https:\/\/radiorevelacionfm.cl\/?p=44346' aria-hidden='false' data-av_icon='\ue805' data-av_iconfont='entypo-fontello' title='' data-avia-related-tooltip='Compartir por correo'><span class='avia_hidden_link_text'>Compartir por correo<\/span><\/a><\/li><\/ul><\/div><\/div>\n<div  style='height:50px' class='hr hr-invisible   avia-builder-el-8  el_after_av_social_share  el_before_av_comments_list '><span class='hr-inner ' ><span class='hr-inner-style'><\/span><\/span><\/div>\n<div  class='av-buildercomment  av-blog-meta-html-info-disabled av-blog-meta-tag-disabled  '><\/div>\n","protected":false},"excerpt":{"rendered":"","protected":false},"author":1,"featured_media":44348,"comment_status":"open","ping_status":"open","sticky":false,"template":"","format":"standard","meta":{"footnotes":""},"categories":[38],"tags":[],"class_list":["post-44346","post","type-post","status-publish","format-standard","has-post-thumbnail","hentry","category-regional"],"jetpack_featured_media_url":"https:\/\/radiorevelacionfm.cl\/wp-content\/uploads\/2024\/07\/portada-libro-2_optimized.jpg","_links":{"self":[{"href":"https:\/\/radiorevelacionfm.cl\/index.php?rest_route=\/wp\/v2\/posts\/44346","targetHints":{"allow":["GET"]}}],"collection":[{"href":"https:\/\/radiorevelacionfm.cl\/index.php?rest_route=\/wp\/v2\/posts"}],"about":[{"href":"https:\/\/radiorevelacionfm.cl\/index.php?rest_route=\/wp\/v2\/types\/post"}],"author":[{"embeddable":true,"href":"https:\/\/radiorevelacionfm.cl\/index.php?rest_route=\/wp\/v2\/users\/1"}],"replies":[{"embeddable":true,"href":"https:\/\/radiorevelacionfm.cl\/index.php?rest_route=%2Fwp%2Fv2%2Fcomments&post=44346"}],"version-history":[{"count":1,"href":"https:\/\/radiorevelacionfm.cl\/index.php?rest_route=\/wp\/v2\/posts\/44346\/revisions"}],"predecessor-version":[{"id":44349,"href":"https:\/\/radiorevelacionfm.cl\/index.php?rest_route=\/wp\/v2\/posts\/44346\/revisions\/44349"}],"wp:featuredmedia":[{"embeddable":true,"href":"https:\/\/radiorevelacionfm.cl\/index.php?rest_route=\/wp\/v2\/media\/44348"}],"wp:attachment":[{"href":"https:\/\/radiorevelacionfm.cl\/index.php?rest_route=%2Fwp%2Fv2%2Fmedia&parent=44346"}],"wp:term":[{"taxonomy":"category","embeddable":true,"href":"https:\/\/radiorevelacionfm.cl\/index.php?rest_route=%2Fwp%2Fv2%2Fcategories&post=44346"},{"taxonomy":"post_tag","embeddable":true,"href":"https:\/\/radiorevelacionfm.cl\/index.php?rest_route=%2Fwp%2Fv2%2Ftags&post=44346"}],"curies":[{"name":"wp","href":"https:\/\/api.w.org\/{rel}","templated":true}]}}