{"id":44342,"date":"2024-07-22T11:13:48","date_gmt":"2024-07-22T14:13:48","guid":{"rendered":"https:\/\/radiorevelacionfm.cl\/?p=44342"},"modified":"2024-07-22T11:16:28","modified_gmt":"2024-07-22T14:16:28","slug":"agrupaysen-invita-a-la-comunidad-a-participar-en-conversatorio-sobre-la-ley-de-acuicultura-y-ley-lafkenche-en-aysen","status":"publish","type":"post","link":"https:\/\/radiorevelacionfm.cl\/?p=44342","title":{"rendered":"AGRUPAYSEN invita a la comunidad a participar en Conversatorio sobre la Ley de Acuicultura y Ley Lafkenche en Ays\u00e9n"},"content":{"rendered":"<div class=\"flex_column av_one_full  flex_column_div av-zero-column-padding first  avia-builder-el-0  el_before_av_one_full  avia-builder-el-first  \" style='border-radius:0px; '><div  class='avia-image-container  av-styling-    avia-builder-el-1  avia-builder-el-no-sibling  avia-align-center '  itemprop=\"image\" itemscope=\"itemscope\" itemtype=\"https:\/\/schema.org\/ImageObject\"  ><div class='avia-image-container-inner'><div class='avia-image-overlay-wrap'><img decoding=\"async\" class='wp-image-44343 avia-img-lazy-loading-not-44343 avia_image' src=\"https:\/\/radiorevelacionfm.cl\/wp-content\/uploads\/2024\/07\/conversatorio-puerto-montt-1_optimized.jpg\" alt='' title='conversatorio-puerto-montt-(1)_optimized' height=\"600\" width=\"1079\"  itemprop=\"thumbnailUrl\" srcset=\"https:\/\/radiorevelacionfm.cl\/wp-content\/uploads\/2024\/07\/conversatorio-puerto-montt-1_optimized.jpg 1079w, https:\/\/radiorevelacionfm.cl\/wp-content\/uploads\/2024\/07\/conversatorio-puerto-montt-1_optimized-300x167.jpg 300w, https:\/\/radiorevelacionfm.cl\/wp-content\/uploads\/2024\/07\/conversatorio-puerto-montt-1_optimized-1030x573.jpg 1030w, https:\/\/radiorevelacionfm.cl\/wp-content\/uploads\/2024\/07\/conversatorio-puerto-montt-1_optimized-768x427.jpg 768w, https:\/\/radiorevelacionfm.cl\/wp-content\/uploads\/2024\/07\/conversatorio-puerto-montt-1_optimized-705x392.jpg 705w, https:\/\/radiorevelacionfm.cl\/wp-content\/uploads\/2024\/07\/conversatorio-puerto-montt-1_optimized-450x250.jpg 450w, https:\/\/radiorevelacionfm.cl\/wp-content\/uploads\/2024\/07\/conversatorio-puerto-montt-1_optimized-600x334.jpg 600w\" sizes=\"(max-width: 1079px) 100vw, 1079px\" \/><\/div><\/div><\/div><\/div>\n<div class=\"flex_column av_one_full  flex_column_div av-zero-column-padding first  avia-builder-el-2  el_after_av_one_full  el_before_av_one_full  column-top-margin\" style='border-radius:0px; '><section class=\"av_textblock_section \"  itemscope=\"itemscope\" itemtype=\"https:\/\/schema.org\/BlogPosting\" itemprop=\"blogPost\" ><div class='avia_textblock  '   itemprop=\"text\" ><p style=\"text-align: center;\"><strong><span style=\"font-size: 18pt;\">AGRUPAYSEN invita a la comunidad a participar en Conversatorio sobre la Ley de Acuicultura y Ley Lafkenche en Ays\u00e9n<\/span><\/strong><\/p>\n<div id=\"gtx-trans\" style=\"position: absolute; left: -50px; top: 4.31534px;\">\n<div class=\"gtx-trans-icon\"><\/div>\n<\/div>\n<\/div><\/section><\/div>\n<div class=\"flex_column av_one_full  flex_column_div av-zero-column-padding first  avia-builder-el-4  el_after_av_one_full  el_before_av_hr  column-top-margin\" style='border-radius:0px; '><section class=\"av_textblock_section \"  itemscope=\"itemscope\" itemtype=\"https:\/\/schema.org\/BlogPosting\" itemprop=\"blogPost\" ><div class='avia_textblock  '   itemprop=\"text\" ><p style=\"text-align: justify;\"><em>Representantes de AGRUPAYSEN asistieron al evento en Puerto Montt, destacando la importancia de la discusi\u00f3n sobre las normativas que afectan a la industria del salm\u00f3n y extendiendo una invitaci\u00f3n a la comunidad aysenina para el pr\u00f3ximo conversatorio en Puerto Ays\u00e9n. <\/em><\/p>\n<p style=\"text-align: justify;\">La industria del salm\u00f3n y las comunidades del sur austral contin\u00faan debatiendo sobre los desaf\u00edos y oportunidades que presentan la Ley de Acuicultura y la Ley Lafkenche. En el reciente conversatorio realizado en Puerto Montt, organizado por la Multisindical de Trabajadores Salmoneros (M.T.S.A.), Fundaci\u00f3n M\u00e1s Fuerza M\u00e1s Sur y el sindicato N\u00b03 de Yadr\u00e1n, participaron activamente representantes de AGRUPAYSEN, quienes compartieron sus experiencias y perspectivas sobre el impacto de estas normativas en la regi\u00f3n de Ays\u00e9n.<\/p>\n<p style=\"text-align: justify;\">Alejandro Santiba\u00f1ez, presidente de la Multisindical de Trabajadores Salmoneros y parte organizadora del evento, coment\u00f3 sobre la relevancia de estos encuentros: \u201cEl conversatorio que realizamos en Puerto Montt es la r\u00e9plica de lo que hicimos en la octava regi\u00f3n, en Tom\u00e9, luego en Chonchi en Chilo\u00e9. En Puerto Montt acudieron aproximadamente 230 personas, entre dirigentes sindicales, pueblos originarios, y tambi\u00e9n nos acompa\u00f1\u00f3 la Mesa Regional por la Sostenibilidad y la Inclusi\u00f3n en la Salmonicultura. Fue un evento bastante satisfactorio que cont\u00f3 con tres expositores de alto nivel como: Pablo Vera, Jorge Hermann y Marcela Klein. Abordaron temas sobre la implicancia de la ley Lafkenche y el futuro de la nueva ley de acuicultura. Creemos que fue un evento s\u00f3lido, que entreg\u00f3 informaci\u00f3n concreta de forma simple a los dirigentes sindicales, quienes opinaron de manera cr\u00edtica en cuanto a sus expectativas respecto a ambas leyes. El siguiente evento lo realizaremos en Puerto Ays\u00e9n, el 8 y 9 de agosto en dos conversatorios, y luego finalizaremos en Magallanes el 30 de agosto.\u201d<\/p>\n<p style=\"text-align: justify;\">El evento en Puerto Montt destac\u00f3 no solo por la calidad de las exposiciones, sino tambi\u00e9n por la activa participaci\u00f3n de los asistentes, lo que refleja el inter\u00e9s y la preocupaci\u00f3n de las comunidades del sur austral por estos temas cruciales.<\/p>\n<p style=\"text-align: justify;\">Johnatan Macdowell, socio de AGRUPAYSEN que asisti\u00f3 al evento, se refiri\u00f3 al impacto del conversatorio y extendi\u00f3 una invitaci\u00f3n a la comunidad de Ays\u00e9n: \u201cLa participaci\u00f3n en estos eventos es fundamental para entender las din\u00e1micas que afectan a nuestra industria y nuestras comunidades. En Puerto Montt pudimos compartir experiencias y aprender de otros actores sobre c\u00f3mo enfrentar los desaf\u00edos que presentan estas leyes. Invitamos a toda la comunidad aysenina a participar en el conversatorio que realizaremos en Puerto Ays\u00e9n el pr\u00f3ximo 8 y 9 de agosto. Es una oportunidad para hacer o\u00edr nuestras voces y contribuir a la construcci\u00f3n de un marco normativo que realmente refleje nuestras necesidades y realidades.\u201d<\/p>\n<p style=\"text-align: justify;\">El ciclo de conversatorios continuar\u00e1 con sesiones en Ays\u00e9n y Magallanes, cerrando en Valpara\u00edso en septiembre con un evento junto a la Comisi\u00f3n de Pesca del Senado y parlamentarios que tienen injerencia en la normativa que regir\u00e1 la salmonicultura.<\/p>\n<p style=\"text-align: justify;\">AGRUPAYSEN reafirma su compromiso con la colaboraci\u00f3n y la participaci\u00f3n activa en estos espacios de di\u00e1logo, buscando siempre promover el desarrollo sostenible de la industria y el bienestar de las comunidades locales.<\/p>\n<\/div><\/section><\/div><div  style='height:50px' class='hr hr-invisible   avia-builder-el-6  el_after_av_one_full  el_before_av_social_share '><span class='hr-inner ' ><span class='hr-inner-style'><\/span><\/span><\/div><\/p>\n<div  class='av-social-sharing-box  avia-builder-el-7  el_after_av_hr  el_before_av_hr  '><div class='av-share-box'><h5 class='av-share-link-description av-no-toc '>Compartir esta noticia<\/h5><ul class='av-share-box-list noLightbox'><li class='av-share-link av-social-link-facebook' ><a target=\"_blank\" aria-label=\"Compartir en Facebook\" href='https:\/\/www.facebook.com\/sharer.php?u=https:\/\/radiorevelacionfm.cl\/?p=44342&#038;t=AGRUPAYSEN%20invita%20a%20la%20comunidad%20a%20participar%20en%20Conversatorio%20sobre%20la%20Ley%20de%20Acuicultura%20y%20Ley%20Lafkenche%20en%20Ays%C3%A9n' aria-hidden='false' data-av_icon='\ue8f3' data-av_iconfont='entypo-fontello' title='' data-avia-related-tooltip='Compartir en Facebook' rel=\"noopener\"><span class='avia_hidden_link_text'>Compartir en Facebook<\/span><\/a><\/li><li class='av-share-link av-social-link-twitter' ><a target=\"_blank\" aria-label=\"Compartir en Twitter\" href='https:\/\/twitter.com\/share?text=AGRUPAYSEN%20invita%20a%20la%20comunidad%20a%20participar%20en%20Conversatorio%20sobre%20la%20Ley%20de%20Acuicultura%20y%20Ley%20Lafkenche%20en%20Ays%C3%A9n&#038;url=https:\/\/radiorevelacionfm.cl\/?p=44342' aria-hidden='false' data-av_icon='\ue8f1' data-av_iconfont='entypo-fontello' title='' data-avia-related-tooltip='Compartir en Twitter' rel=\"noopener\"><span class='avia_hidden_link_text'>Compartir en Twitter<\/span><\/a><\/li><li class='av-share-link av-social-link-whatsapp' ><a target=\"_blank\" aria-label=\"Compartir en Whatsapp\" href='https:\/\/api.whatsapp.com\/send?text=https:\/\/radiorevelacionfm.cl\/?p=44342' aria-hidden='false' data-av_icon='\uf232' data-av_iconfont='entypo-fontello' title='' data-avia-related-tooltip='Compartir en Whatsapp' rel=\"noopener\"><span class='avia_hidden_link_text'>Compartir en Whatsapp<\/span><\/a><\/li><li class='av-share-link av-social-link-linkedin' ><a target=\"_blank\" aria-label=\"Compartir en LinkedIn\" href='https:\/\/linkedin.com\/shareArticle?mini=true&#038;title=AGRUPAYSEN%20invita%20a%20la%20comunidad%20a%20participar%20en%20Conversatorio%20sobre%20la%20Ley%20de%20Acuicultura%20y%20Ley%20Lafkenche%20en%20Ays%C3%A9n&#038;url=https:\/\/radiorevelacionfm.cl\/?p=44342' aria-hidden='false' data-av_icon='\ue8fc' data-av_iconfont='entypo-fontello' title='' data-avia-related-tooltip='Compartir en LinkedIn' rel=\"noopener\"><span class='avia_hidden_link_text'>Compartir en LinkedIn<\/span><\/a><\/li><li class='av-share-link av-social-link-mail' ><a  aria-label=\"Compartir por correo\" href='mailto:?subject=AGRUPAYSEN%20invita%20a%20la%20comunidad%20a%20participar%20en%20Conversatorio%20sobre%20la%20Ley%20de%20Acuicultura%20y%20Ley%20Lafkenche%20en%20Ays%C3%A9n&#038;body=https:\/\/radiorevelacionfm.cl\/?p=44342' aria-hidden='false' data-av_icon='\ue805' data-av_iconfont='entypo-fontello' title='' data-avia-related-tooltip='Compartir por correo'><span class='avia_hidden_link_text'>Compartir por correo<\/span><\/a><\/li><\/ul><\/div><\/div>\n<div  style='height:50px' class='hr hr-invisible   avia-builder-el-8  el_after_av_social_share  el_before_av_comments_list '><span class='hr-inner ' ><span class='hr-inner-style'><\/span><\/span><\/div>\n<div  class='av-buildercomment  av-blog-meta-html-info-disabled av-blog-meta-tag-disabled  '><\/div>\n","protected":false},"excerpt":{"rendered":"","protected":false},"author":1,"featured_media":44343,"comment_status":"open","ping_status":"open","sticky":false,"template":"","format":"standard","meta":{"footnotes":""},"categories":[38],"tags":[],"class_list":["post-44342","post","type-post","status-publish","format-standard","has-post-thumbnail","hentry","category-regional"],"jetpack_featured_media_url":"https:\/\/radiorevelacionfm.cl\/wp-content\/uploads\/2024\/07\/conversatorio-puerto-montt-1_optimized.jpg","_links":{"self":[{"href":"https:\/\/radiorevelacionfm.cl\/index.php?rest_route=\/wp\/v2\/posts\/44342","targetHints":{"allow":["GET"]}}],"collection":[{"href":"https:\/\/radiorevelacionfm.cl\/index.php?rest_route=\/wp\/v2\/posts"}],"about":[{"href":"https:\/\/radiorevelacionfm.cl\/index.php?rest_route=\/wp\/v2\/types\/post"}],"author":[{"embeddable":true,"href":"https:\/\/radiorevelacionfm.cl\/index.php?rest_route=\/wp\/v2\/users\/1"}],"replies":[{"embeddable":true,"href":"https:\/\/radiorevelacionfm.cl\/index.php?rest_route=%2Fwp%2Fv2%2Fcomments&post=44342"}],"version-history":[{"count":2,"href":"https:\/\/radiorevelacionfm.cl\/index.php?rest_route=\/wp\/v2\/posts\/44342\/revisions"}],"predecessor-version":[{"id":44345,"href":"https:\/\/radiorevelacionfm.cl\/index.php?rest_route=\/wp\/v2\/posts\/44342\/revisions\/44345"}],"wp:featuredmedia":[{"embeddable":true,"href":"https:\/\/radiorevelacionfm.cl\/index.php?rest_route=\/wp\/v2\/media\/44343"}],"wp:attachment":[{"href":"https:\/\/radiorevelacionfm.cl\/index.php?rest_route=%2Fwp%2Fv2%2Fmedia&parent=44342"}],"wp:term":[{"taxonomy":"category","embeddable":true,"href":"https:\/\/radiorevelacionfm.cl\/index.php?rest_route=%2Fwp%2Fv2%2Fcategories&post=44342"},{"taxonomy":"post_tag","embeddable":true,"href":"https:\/\/radiorevelacionfm.cl\/index.php?rest_route=%2Fwp%2Fv2%2Ftags&post=44342"}],"curies":[{"name":"wp","href":"https:\/\/api.w.org\/{rel}","templated":true}]}}