{"id":4434,"date":"2021-05-23T19:28:41","date_gmt":"2021-05-23T22:28:41","guid":{"rendered":"https:\/\/radiorevelacionfm.cl\/?p=4434"},"modified":"2021-05-23T19:28:41","modified_gmt":"2021-05-23T22:28:41","slug":"union-comunal-rural-de-chile-chico-espera-trabajar-en-conjunto-con-nuevas-autoridades-electas","status":"publish","type":"post","link":"https:\/\/radiorevelacionfm.cl\/?p=4434","title":{"rendered":"Uni\u00f3n Comunal Rural de Chile Chico espera trabajar en conjunto con nuevas autoridades electas"},"content":{"rendered":"<div class=\"flex_column av_one_full  flex_column_div av-zero-column-padding first  avia-builder-el-0  el_before_av_one_full  avia-builder-el-first  \" style='border-radius:0px; '><div  class='avia-image-container  av-styling-    avia-builder-el-1  avia-builder-el-no-sibling  avia-align-center '  itemprop=\"image\" itemscope=\"itemscope\" itemtype=\"https:\/\/schema.org\/ImageObject\"  ><div class='avia-image-container-inner'><div class='avia-image-overlay-wrap'><img decoding=\"async\" class='wp-image-0 avia-img-lazy-loading-not-0 avia_image' src=\"https:\/\/radiorevelacionfm.cl\/wp-content\/uploads\/2021\/05\/Union-Comunal-Rural-1.jpg\" alt='' title=''   itemprop=\"thumbnailUrl\"  \/><\/div><\/div><\/div><\/div><div class=\"flex_column av_one_full  flex_column_div av-zero-column-padding first  avia-builder-el-2  el_after_av_one_full  el_before_av_one_full  column-top-margin\" style='border-radius:0px; '><section class=\"av_textblock_section \"  itemscope=\"itemscope\" itemtype=\"https:\/\/schema.org\/BlogPosting\" itemprop=\"blogPost\" ><div class='avia_textblock  '   itemprop=\"text\" ><p style=\"text-align: center;\"><strong><span style=\"font-size: 18pt;\">Uni\u00f3n Comunal Rural de Chile Chico espera trabajar en conjunto con nuevas autoridades electas<\/span><\/strong><\/p>\n<div id=\"gtx-trans\" style=\"position: absolute; left: -50px; top: 4.31534px;\">\n<div class=\"gtx-trans-icon\"><\/div>\n<\/div>\n<\/div><\/section><\/div><div class=\"flex_column av_one_full  flex_column_div av-zero-column-padding first  avia-builder-el-4  el_after_av_one_full  el_before_av_hr  column-top-margin\" style='border-radius:0px; '><section class=\"av_textblock_section \"  itemscope=\"itemscope\" itemtype=\"https:\/\/schema.org\/BlogPosting\" itemprop=\"blogPost\" ><div class='avia_textblock  '   itemprop=\"text\" ><p style=\"text-align: justify;\">As\u00ed lo inform\u00f3 su presidenta, Anita Romero, al se\u00f1alar que para esto consideran reunirse con \u00abla gobernadora regional, alcalde y concejales, para poder darnos a conocer como Uni\u00f3n Comunal Rural y saber c\u00f3mo vamos a trabajar de manera asociativa\u00bb.<\/p>\n<p class=\"v1MsoNormal\" style=\"text-align: justify;\">Desde que se constituyera en febrero de este a\u00f1o, la Uni\u00f3n Comunal Rural de Chile Chico ha desarrollado un sistem\u00e1tico trabajo para ir cumpliendo los objetivos que se traz\u00f3 la organizaci\u00f3n.<\/p>\n<p class=\"v1MsoNormal\" style=\"text-align: justify;\">Lo primero fue confirmar la directiva definitiva, la cual qued\u00f3 integrada por su presidenta Anita Romero (JJVV 11 de R\u00edo Le\u00f3n), secretaria Cinthia Wellman\u00a0\u00a0(JJVV 11 de R\u00edo Le\u00f3n), tesorero H\u00e9ctor Villegas (JJVV Los Pioneros de Puerto Guadal), 1er director\u00a0\u00a0Alvaro Saldivia (JJVV 7 de Mall\u00edn Grande) y 2da directora Alicia Vera (JJVV 8 de Puerto Guadal).<\/p>\n<p class=\"v1MsoNormal\" style=\"text-align: justify;\">Asimismo, se conformaron diversas comisiones de trabajo: Infraestructura vial y conectividad; Proyectos; Desarrollo econ\u00f3mico local, y cultural y social; Seguridad; Turismo y sustentabilidad; Alianzas estrat\u00e9gicas.<\/p>\n<p class=\"v1MsoNormal\" style=\"text-align: justify;\">En sinton\u00eda con los resultados electorales, la presidenta inform\u00f3 que \u00abel pr\u00f3ximo paso ser\u00e1 poder tener una reuni\u00f3n o entrevista con las futuras autoridades: la gobernadora regional, alcalde y concejales, para poder darnos a conocer como Uni\u00f3n Comunal Rural y saber c\u00f3mo vamos a trabajar de manera asociativa\u00bb. Esto, considerando que la organizaci\u00f3n representa a vecinos y vecinas de diversos territorios de la cuenca del lago General Carrera y el Baker.<\/p>\n<p class=\"v1MsoNormal\" style=\"text-align: justify;\">Con un sentido de ir d\u00e1ndole identidad a la agrupaci\u00f3n, \u00abvamos a hacer un concurso, a nivel comunal y regional. Enviaremos las bases a trav\u00e9s de nuestras redes sociales Facebook o Instagram, para que est\u00e9n atentos. Y as\u00ed puedan participar y en conjunto formar la imagen que queremos de nuestro territorio y de la uni\u00f3n comunal\u00bb.<\/p>\n<p class=\"v1MsoNormal\" style=\"text-align: justify;\">El FB de la organizaci\u00f3n es\u00a0<a href=\"https:\/\/www.facebook.com\/Union-Comunal-Rural-104498445087561\" target=\"_blank\" rel=\"noopener noreferrer\">https:\/\/www.facebook.com\/Union-Comunal-Rural-104498445087561<\/a>.<\/p>\n<p class=\"v1MsoNormal\" style=\"text-align: justify;\"><b>Objetivos<\/b><\/p>\n<p class=\"v1MsoNormal\" style=\"text-align: justify;\">Dentro de los objetivos de la organizaci\u00f3n est\u00e1 \u00abtrabajar en forma conjunta los temas que nos son comunes del\u00a0\u00a0territorio representando los intereses de los vecinos de las localidades apartadas a trav\u00e9s de todos los medios disponibles humanos y profesionales. Descentralizando la gesti\u00f3n y participar en la planificaci\u00f3n comunal\u00bb. Asimismo, \u00abrealizar acciones\u00a0\u00a0en conjunto para mejorar la calidad de vida de los habitantes del territorio\u00a0\u00a0(proyectos, reuniones, seminarios, capacitaci\u00f3n, alianzas con instituciones p\u00fablico-privadas)\u00bb.<\/p>\n<p class=\"v1gmail-MsoBodyText\" style=\"text-align: justify;\">Adem\u00e1s, \u00abapoyar a cada junta de vecinos, dirigentes y asociados en todo lo que tenga relaci\u00f3n con sus objetivos, funciones y rol\u00bb y \u00abfomentar acciones que busquen que los vecinos y vecinas del \u00e1mbito territorial de la Uni\u00f3n Comunal vivan en un ambiente sano y ecol\u00f3gicamente equilibrado, que mantengan el territorio para las generaciones actuales y futuras\u00bb.<\/p>\n<p class=\"v1gmail-MsoBodyText\" style=\"text-align: justify;\">Consideran tambi\u00e9n fomentar\u00a0\u00abpermanentemente la participaci\u00f3n ciudadana vinculante de los habitantes en las materias propias del territorio, profundizando la democracia comunal\u00bb, \u00ablos\u00a0<span lang=\"ES\">emprendimientos<\/span>\u00a0locales, ligados al turismo rural, turismo de aventura.\u00a0\u00a0Articular mesas de trabajo con actores institucionales como Indap, Sercotec, Corfo, Oficina de Fomento Productivo y otras\u00bb y \u00abel desarrollo econ\u00f3mico local\u00a0\u00a0y apoyar la soberan\u00eda energ\u00e9tica, alimentaria e h\u00eddrica\u00bb.<\/p>\n<p class=\"v1gmail-MsoBodyText\" style=\"text-align: justify;\">Por \u00faltimo, apuntan a \u00abincorporar visiones, pr\u00e1cticas y capacidades acordes a los desaf\u00edos que impone la crisis clim\u00e1tica y ecol\u00f3gica\u00a0\u00a0global y local, incluido el cambio clim\u00e1tico, para que los habitantes del territorio est\u00e9n preparados para estos nuevos escenarios tanto para mitigar como para prepararnos para los impactos de este con adaptaci\u00f3n o resiliencia\u00bb y \u00abfomentar\u00a0\u00a0la seguridad ciudadana a trav\u00e9s de articulaciones con carabineros y otras organizaciones locales y el municipio, de manera de trabajar en un programa con una mirada hol\u00edstica de este tema, que nos permita abordar distintos aspectos que involucran esta tem\u00e1tica, especialmente en localidades rurales\u00bb.<\/p>\n<\/div><\/section><\/div><div  style='height:50px' class='hr hr-invisible   avia-builder-el-6  el_after_av_one_full  el_before_av_social_share '><span class='hr-inner ' ><span class='hr-inner-style'><\/span><\/span><\/div><\/p>\n<div  class='av-social-sharing-box  avia-builder-el-7  el_after_av_hr  el_before_av_hr  '><div class='av-share-box'><h5 class='av-share-link-description av-no-toc '>Compartir esta noticia<\/h5><ul class='av-share-box-list noLightbox'><li class='av-share-link av-social-link-facebook' ><a target=\"_blank\" aria-label=\"Compartir en Facebook\" href='https:\/\/www.facebook.com\/sharer.php?u=https:\/\/radiorevelacionfm.cl\/?p=4434&#038;t=Uni%C3%B3n%20Comunal%20Rural%20de%20Chile%20Chico%20espera%20trabajar%20en%20conjunto%20con%20nuevas%20autoridades%20electas' aria-hidden='false' data-av_icon='\ue8f3' data-av_iconfont='entypo-fontello' title='' data-avia-related-tooltip='Compartir en Facebook' rel=\"noopener\"><span class='avia_hidden_link_text'>Compartir en Facebook<\/span><\/a><\/li><li class='av-share-link av-social-link-twitter' ><a target=\"_blank\" aria-label=\"Compartir en Twitter\" href='https:\/\/twitter.com\/share?text=Uni%C3%B3n%20Comunal%20Rural%20de%20Chile%20Chico%20espera%20trabajar%20en%20conjunto%20con%20nuevas%20autoridades%20electas&#038;url=https:\/\/radiorevelacionfm.cl\/?p=4434' aria-hidden='false' data-av_icon='\ue8f1' data-av_iconfont='entypo-fontello' title='' data-avia-related-tooltip='Compartir en Twitter' rel=\"noopener\"><span class='avia_hidden_link_text'>Compartir en Twitter<\/span><\/a><\/li><li class='av-share-link av-social-link-whatsapp' ><a target=\"_blank\" aria-label=\"Compartir en Whatsapp\" href='https:\/\/api.whatsapp.com\/send?text=https:\/\/radiorevelacionfm.cl\/?p=4434' aria-hidden='false' data-av_icon='\uf232' data-av_iconfont='entypo-fontello' title='' data-avia-related-tooltip='Compartir en Whatsapp' rel=\"noopener\"><span class='avia_hidden_link_text'>Compartir en Whatsapp<\/span><\/a><\/li><li class='av-share-link av-social-link-linkedin' ><a target=\"_blank\" aria-label=\"Compartir en LinkedIn\" href='https:\/\/linkedin.com\/shareArticle?mini=true&#038;title=Uni%C3%B3n%20Comunal%20Rural%20de%20Chile%20Chico%20espera%20trabajar%20en%20conjunto%20con%20nuevas%20autoridades%20electas&#038;url=https:\/\/radiorevelacionfm.cl\/?p=4434' aria-hidden='false' data-av_icon='\ue8fc' data-av_iconfont='entypo-fontello' title='' data-avia-related-tooltip='Compartir en LinkedIn' rel=\"noopener\"><span class='avia_hidden_link_text'>Compartir en LinkedIn<\/span><\/a><\/li><li class='av-share-link av-social-link-mail' ><a  aria-label=\"Compartir por correo\" href='mailto:?subject=Uni%C3%B3n%20Comunal%20Rural%20de%20Chile%20Chico%20espera%20trabajar%20en%20conjunto%20con%20nuevas%20autoridades%20electas&#038;body=https:\/\/radiorevelacionfm.cl\/?p=4434' aria-hidden='false' data-av_icon='\ue805' data-av_iconfont='entypo-fontello' title='' data-avia-related-tooltip='Compartir por correo'><span class='avia_hidden_link_text'>Compartir por correo<\/span><\/a><\/li><\/ul><\/div><\/div>\n<div  style='height:50px' class='hr hr-invisible   avia-builder-el-8  el_after_av_social_share  el_before_av_comments_list '><span class='hr-inner ' ><span class='hr-inner-style'><\/span><\/span><\/div>\n<div  class='av-buildercomment  av-blog-meta-html-info-disabled av-blog-meta-tag-disabled  '><\/div>\n","protected":false},"excerpt":{"rendered":"","protected":false},"author":1,"featured_media":0,"comment_status":"open","ping_status":"open","sticky":false,"template":"","format":"standard","meta":{"footnotes":""},"categories":[38],"tags":[],"class_list":["post-4434","post","type-post","status-publish","format-standard","hentry","category-regional"],"jetpack_featured_media_url":"","_links":{"self":[{"href":"https:\/\/radiorevelacionfm.cl\/index.php?rest_route=\/wp\/v2\/posts\/4434","targetHints":{"allow":["GET"]}}],"collection":[{"href":"https:\/\/radiorevelacionfm.cl\/index.php?rest_route=\/wp\/v2\/posts"}],"about":[{"href":"https:\/\/radiorevelacionfm.cl\/index.php?rest_route=\/wp\/v2\/types\/post"}],"author":[{"embeddable":true,"href":"https:\/\/radiorevelacionfm.cl\/index.php?rest_route=\/wp\/v2\/users\/1"}],"replies":[{"embeddable":true,"href":"https:\/\/radiorevelacionfm.cl\/index.php?rest_route=%2Fwp%2Fv2%2Fcomments&post=4434"}],"version-history":[{"count":1,"href":"https:\/\/radiorevelacionfm.cl\/index.php?rest_route=\/wp\/v2\/posts\/4434\/revisions"}],"predecessor-version":[{"id":4436,"href":"https:\/\/radiorevelacionfm.cl\/index.php?rest_route=\/wp\/v2\/posts\/4434\/revisions\/4436"}],"wp:attachment":[{"href":"https:\/\/radiorevelacionfm.cl\/index.php?rest_route=%2Fwp%2Fv2%2Fmedia&parent=4434"}],"wp:term":[{"taxonomy":"category","embeddable":true,"href":"https:\/\/radiorevelacionfm.cl\/index.php?rest_route=%2Fwp%2Fv2%2Fcategories&post=4434"},{"taxonomy":"post_tag","embeddable":true,"href":"https:\/\/radiorevelacionfm.cl\/index.php?rest_route=%2Fwp%2Fv2%2Ftags&post=4434"}],"curies":[{"name":"wp","href":"https:\/\/api.w.org\/{rel}","templated":true}]}}