{"id":44336,"date":"2024-07-21T21:03:10","date_gmt":"2024-07-22T00:03:10","guid":{"rendered":"https:\/\/radiorevelacionfm.cl\/?p=44336"},"modified":"2024-07-21T21:03:10","modified_gmt":"2024-07-22T00:03:10","slug":"desarrollo-social-y-familia-en-aysen-destaca-ingreso-de-51-proyectos-de-inversion-para-ser-evaluados-este-2024","status":"publish","type":"post","link":"https:\/\/radiorevelacionfm.cl\/?p=44336","title":{"rendered":"Desarrollo Social y Familia en Ays\u00e9n destaca ingreso de 51 proyectos de inversi\u00f3n para ser evaluados este 2024"},"content":{"rendered":"<div class=\"flex_column av_one_full  flex_column_div av-zero-column-padding first  avia-builder-el-0  el_before_av_one_full  avia-builder-el-first  \" style='border-radius:0px; '><div  class='avia-image-container  av-styling-    avia-builder-el-1  avia-builder-el-no-sibling  avia-align-center '  itemprop=\"image\" itemscope=\"itemscope\" itemtype=\"https:\/\/schema.org\/ImageObject\"  ><div class='avia-image-container-inner'><div class='avia-image-overlay-wrap'><img decoding=\"async\" class='wp-image-44337 avia-img-lazy-loading-not-44337 avia_image' src=\"https:\/\/radiorevelacionfm.cl\/wp-content\/uploads\/2024\/07\/analista-y-seremi-en-terreno-1_optimized-1.jpeg\" alt='' title='analista-y-seremi-en-terreno-(1)_optimized (1)' height=\"600\" width=\"1299\"  itemprop=\"thumbnailUrl\" srcset=\"https:\/\/radiorevelacionfm.cl\/wp-content\/uploads\/2024\/07\/analista-y-seremi-en-terreno-1_optimized-1.jpeg 1299w, https:\/\/radiorevelacionfm.cl\/wp-content\/uploads\/2024\/07\/analista-y-seremi-en-terreno-1_optimized-1-300x139.jpeg 300w, https:\/\/radiorevelacionfm.cl\/wp-content\/uploads\/2024\/07\/analista-y-seremi-en-terreno-1_optimized-1-1030x476.jpeg 1030w, https:\/\/radiorevelacionfm.cl\/wp-content\/uploads\/2024\/07\/analista-y-seremi-en-terreno-1_optimized-1-768x355.jpeg 768w, https:\/\/radiorevelacionfm.cl\/wp-content\/uploads\/2024\/07\/analista-y-seremi-en-terreno-1_optimized-1-705x326.jpeg 705w, https:\/\/radiorevelacionfm.cl\/wp-content\/uploads\/2024\/07\/analista-y-seremi-en-terreno-1_optimized-1-450x208.jpeg 450w, https:\/\/radiorevelacionfm.cl\/wp-content\/uploads\/2024\/07\/analista-y-seremi-en-terreno-1_optimized-1-600x277.jpeg 600w\" sizes=\"(max-width: 1299px) 100vw, 1299px\" \/><\/div><\/div><\/div><\/div><div class=\"flex_column av_one_full  flex_column_div av-zero-column-padding first  avia-builder-el-2  el_after_av_one_full  el_before_av_one_full  column-top-margin\" style='border-radius:0px; '><section class=\"av_textblock_section \"  itemscope=\"itemscope\" itemtype=\"https:\/\/schema.org\/BlogPosting\" itemprop=\"blogPost\" ><div class='avia_textblock  '   itemprop=\"text\" ><p style=\"text-align: center;\"><strong><span style=\"font-size: 18pt;\">Desarrollo Social y Familia en Ays\u00e9n destaca ingreso de 51 proyectos de inversi\u00f3n para ser evaluados este 2024<\/span><\/strong><\/p>\n<div id=\"gtx-trans\" style=\"position: absolute; left: -50px; top: 4.31534px;\">\n<div class=\"gtx-trans-icon\"><\/div>\n<\/div>\n<\/div><\/section><\/div><div class=\"flex_column av_one_full  flex_column_div av-zero-column-padding first  avia-builder-el-4  el_after_av_one_full  el_before_av_hr  column-top-margin\" style='border-radius:0px; '><section class=\"av_textblock_section \"  itemscope=\"itemscope\" itemtype=\"https:\/\/schema.org\/BlogPosting\" itemprop=\"blogPost\" ><div class='avia_textblock  '   itemprop=\"text\" ><p style=\"text-align: justify;\"><em>La seremi Karina Acevedo adem\u00e1s relev\u00f3 las distintas gestiones hacia el nivel central que han nacido del equipo de inversiones para dar continuidad a proyectos que favorecen a la regi\u00f3n, permitiendo asentarse como medidas nacionales.<\/em><\/p>\n<p style=\"text-align: justify;\">Un positivo balance a la presentaci\u00f3n regional de iniciativas de inversi\u00f3n ingresadas al Sistema Nacional de Inversiones SNI, es el que hizo la Seremi de Desarrollo Social y Familia, luego de presentar el segundo informe trimestral de an\u00e1lisis del proceso de evaluaci\u00f3n t\u00e9cnica econ\u00f3mica y que da cuenta de un total de 51 iniciativas nuevas ingresadas para su evaluaci\u00f3n.<\/p>\n<p style=\"text-align: justify;\">Seg\u00fan indic\u00f3 la autoridad, Karina Acevedo Auad \u00abPodemos decir que en la regi\u00f3n 23 instituciones presentaron iniciativas de inversi\u00f3n al Sistema Nacional de Inversiones a junio del 2024. Si hacemos un desglose podemos mencionar que la Seremi Minvu es la instituci\u00f3n con mayor cantidad de iniciativas ingresadas, en lo que respecta a montos involucrados es la Direcci\u00f3n regional de Vialidad del MOP con las cifras m\u00e1s elevadas, tambi\u00e9n sobresale el \u00e1rea de Transportes y en lo que respecta a municipios, 4 de ellos no han presentado proyectos en este proceso 2024\u00bb.<\/p>\n<p style=\"text-align: justify;\">Respecto de las cifras la autoridad indic\u00f3 que hay un aumento de un 13% respecto al mismo trimestre del a\u00f1o anterior y que al mes de junio ya existen 9 iniciativas con RS (recomendaci\u00f3n satisfactoria), entre ellos APR R\u00edo Los Palos en Ays\u00e9n, Cuartel de Bomberos Coyhaique, Edificio Centro Artesanal, Pavimentaci\u00f3n ruta 7 norte y destaca por primera vez un CF que significa contin\u00faa favorable \u00abEstamos muy satisfechos con lo logrado con el equipo de Analistas de Inversiones de esta Seremi, que es dirigido por Boris L\u00f3pez, porque hemos tenido algunos cuellos de botella y con gestiones, hemos logrado destrabar y esto significa que va en directo beneficio de la regi\u00f3n, porque estamos hablando de proyectos que, por ejemplo, no podr\u00edan ejecutarse, pero que le dimos una vuelta e hicimos las propuestas al nivel central y generamos un cambio con resultados que han sido muy positivos\u00bb.<\/p>\n<p style=\"text-align: justify;\">Lo anterior se refiere a dos hitos, el primero es el Resultado del An\u00e1lisis T\u00e9cnico Econ\u00f3mico \u00abContinuidad Favorable\u00bb que marca un precedente a nivel regional y nacional. Se trata del proyecto de pavimentaci\u00f3n de la ruta Villa Ortega que estuvo frenado cerca de dos a\u00f1os por un incumplimiento normativo, impidiendo su continuidad. No obstante, se busc\u00f3 la forma de dar soluci\u00f3n y con ello el instrumento toma car\u00e1cter nacional. El segundo hito tiene que ver con la nueva metodolog\u00eda para la evaluaci\u00f3n de puentes menores que naci\u00f3 en su elaboraci\u00f3n desde la regi\u00f3n de Ays\u00e9n y se convirti\u00f3 en medida nacional. Gracias a dicha gesti\u00f3n regional hoy en d\u00eda est\u00e1n evalu\u00e1ndose dos puentes muy cerca del RS, uno de ellos en el sector del Lago Vargas en la provincia de Capit\u00e1n Prat y el puente R\u00edo Blanco que une a las comunas de Coyhaique y Ays\u00e9n.<\/p>\n<p style=\"text-align: justify;\">Finalmente, la Seremi Karina Acevedo destac\u00f3 el cierre del Curso de Evaluaci\u00f3n Social de Proyectos que est\u00e1 a cargo de la Academia del Sistema Nacional de Inversiones, se\u00f1alando que inter\u00e9s y participaci\u00f3n en la versi\u00f3n 2024 fue destacable por parte de los 25 profesionales de diferentes reparticiones p\u00fablicas y municipales que estuvieron en la capacitaci\u00f3n.<\/p>\n<\/div><\/section><\/div><div  style='height:50px' class='hr hr-invisible   avia-builder-el-6  el_after_av_one_full  el_before_av_social_share '><span class='hr-inner ' ><span class='hr-inner-style'><\/span><\/span><\/div><\/p>\n<div  class='av-social-sharing-box  avia-builder-el-7  el_after_av_hr  el_before_av_hr  '><div class='av-share-box'><h5 class='av-share-link-description av-no-toc '>Compartir esta noticia<\/h5><ul class='av-share-box-list noLightbox'><li class='av-share-link av-social-link-facebook' ><a target=\"_blank\" aria-label=\"Compartir en Facebook\" href='https:\/\/www.facebook.com\/sharer.php?u=https:\/\/radiorevelacionfm.cl\/?p=44336&#038;t=Desarrollo%20Social%20y%20Familia%20en%20Ays%C3%A9n%20destaca%20ingreso%20de%2051%20proyectos%20de%20inversi%C3%B3n%20para%20ser%20evaluados%20este%202024' aria-hidden='false' data-av_icon='\ue8f3' data-av_iconfont='entypo-fontello' title='' data-avia-related-tooltip='Compartir en Facebook' rel=\"noopener\"><span class='avia_hidden_link_text'>Compartir en Facebook<\/span><\/a><\/li><li class='av-share-link av-social-link-twitter' ><a target=\"_blank\" aria-label=\"Compartir en Twitter\" href='https:\/\/twitter.com\/share?text=Desarrollo%20Social%20y%20Familia%20en%20Ays%C3%A9n%20destaca%20ingreso%20de%2051%20proyectos%20de%20inversi%C3%B3n%20para%20ser%20evaluados%20este%202024&#038;url=https:\/\/radiorevelacionfm.cl\/?p=44336' aria-hidden='false' data-av_icon='\ue8f1' data-av_iconfont='entypo-fontello' title='' data-avia-related-tooltip='Compartir en Twitter' rel=\"noopener\"><span class='avia_hidden_link_text'>Compartir en Twitter<\/span><\/a><\/li><li class='av-share-link av-social-link-whatsapp' ><a target=\"_blank\" aria-label=\"Compartir en Whatsapp\" href='https:\/\/api.whatsapp.com\/send?text=https:\/\/radiorevelacionfm.cl\/?p=44336' aria-hidden='false' data-av_icon='\uf232' data-av_iconfont='entypo-fontello' title='' data-avia-related-tooltip='Compartir en Whatsapp' rel=\"noopener\"><span class='avia_hidden_link_text'>Compartir en Whatsapp<\/span><\/a><\/li><li class='av-share-link av-social-link-linkedin' ><a target=\"_blank\" aria-label=\"Compartir en LinkedIn\" href='https:\/\/linkedin.com\/shareArticle?mini=true&#038;title=Desarrollo%20Social%20y%20Familia%20en%20Ays%C3%A9n%20destaca%20ingreso%20de%2051%20proyectos%20de%20inversi%C3%B3n%20para%20ser%20evaluados%20este%202024&#038;url=https:\/\/radiorevelacionfm.cl\/?p=44336' aria-hidden='false' data-av_icon='\ue8fc' data-av_iconfont='entypo-fontello' title='' data-avia-related-tooltip='Compartir en LinkedIn' rel=\"noopener\"><span class='avia_hidden_link_text'>Compartir en LinkedIn<\/span><\/a><\/li><li class='av-share-link av-social-link-mail' ><a  aria-label=\"Compartir por correo\" href='mailto:?subject=Desarrollo%20Social%20y%20Familia%20en%20Ays%C3%A9n%20destaca%20ingreso%20de%2051%20proyectos%20de%20inversi%C3%B3n%20para%20ser%20evaluados%20este%202024&#038;body=https:\/\/radiorevelacionfm.cl\/?p=44336' aria-hidden='false' data-av_icon='\ue805' data-av_iconfont='entypo-fontello' title='' data-avia-related-tooltip='Compartir por correo'><span class='avia_hidden_link_text'>Compartir por correo<\/span><\/a><\/li><\/ul><\/div><\/div>\n<div  style='height:50px' class='hr hr-invisible   avia-builder-el-8  el_after_av_social_share  el_before_av_comments_list '><span class='hr-inner ' ><span class='hr-inner-style'><\/span><\/span><\/div>\n<div  class='av-buildercomment  av-blog-meta-html-info-disabled av-blog-meta-tag-disabled  '><\/div>\n","protected":false},"excerpt":{"rendered":"","protected":false},"author":1,"featured_media":44337,"comment_status":"open","ping_status":"open","sticky":false,"template":"","format":"standard","meta":{"footnotes":""},"categories":[38],"tags":[],"class_list":["post-44336","post","type-post","status-publish","format-standard","has-post-thumbnail","hentry","category-regional"],"jetpack_featured_media_url":"https:\/\/radiorevelacionfm.cl\/wp-content\/uploads\/2024\/07\/analista-y-seremi-en-terreno-1_optimized-1.jpeg","_links":{"self":[{"href":"https:\/\/radiorevelacionfm.cl\/index.php?rest_route=\/wp\/v2\/posts\/44336","targetHints":{"allow":["GET"]}}],"collection":[{"href":"https:\/\/radiorevelacionfm.cl\/index.php?rest_route=\/wp\/v2\/posts"}],"about":[{"href":"https:\/\/radiorevelacionfm.cl\/index.php?rest_route=\/wp\/v2\/types\/post"}],"author":[{"embeddable":true,"href":"https:\/\/radiorevelacionfm.cl\/index.php?rest_route=\/wp\/v2\/users\/1"}],"replies":[{"embeddable":true,"href":"https:\/\/radiorevelacionfm.cl\/index.php?rest_route=%2Fwp%2Fv2%2Fcomments&post=44336"}],"version-history":[{"count":1,"href":"https:\/\/radiorevelacionfm.cl\/index.php?rest_route=\/wp\/v2\/posts\/44336\/revisions"}],"predecessor-version":[{"id":44338,"href":"https:\/\/radiorevelacionfm.cl\/index.php?rest_route=\/wp\/v2\/posts\/44336\/revisions\/44338"}],"wp:featuredmedia":[{"embeddable":true,"href":"https:\/\/radiorevelacionfm.cl\/index.php?rest_route=\/wp\/v2\/media\/44337"}],"wp:attachment":[{"href":"https:\/\/radiorevelacionfm.cl\/index.php?rest_route=%2Fwp%2Fv2%2Fmedia&parent=44336"}],"wp:term":[{"taxonomy":"category","embeddable":true,"href":"https:\/\/radiorevelacionfm.cl\/index.php?rest_route=%2Fwp%2Fv2%2Fcategories&post=44336"},{"taxonomy":"post_tag","embeddable":true,"href":"https:\/\/radiorevelacionfm.cl\/index.php?rest_route=%2Fwp%2Fv2%2Ftags&post=44336"}],"curies":[{"name":"wp","href":"https:\/\/api.w.org\/{rel}","templated":true}]}}