{"id":44330,"date":"2024-07-21T16:38:23","date_gmt":"2024-07-21T19:38:23","guid":{"rendered":"https:\/\/radiorevelacionfm.cl\/?p=44330"},"modified":"2024-07-21T16:38:23","modified_gmt":"2024-07-21T19:38:23","slug":"avanzan-instalaciones-del-programa-de-recambio-de-calefactores-y-anuncian-nuevos-llamados","status":"publish","type":"post","link":"https:\/\/radiorevelacionfm.cl\/?p=44330","title":{"rendered":"Avanzan instalaciones del Programa de Recambio de Calefactores y anuncian nuevos llamados"},"content":{"rendered":"<div class=\"flex_column av_one_full  flex_column_div av-zero-column-padding first  avia-builder-el-0  el_before_av_one_full  avia-builder-el-first  \" style='border-radius:0px; '><div  class='avia-image-container  av-styling-    avia-builder-el-1  avia-builder-el-no-sibling  avia-align-center '  itemprop=\"image\" itemscope=\"itemscope\" itemtype=\"https:\/\/schema.org\/ImageObject\"  ><div class='avia-image-container-inner'><div class='avia-image-overlay-wrap'><img decoding=\"async\" class='wp-image-44331 avia-img-lazy-loading-not-44331 avia_image' src=\"https:\/\/radiorevelacionfm.cl\/wp-content\/uploads\/2024\/07\/20240718_192843363_iOS-1-1.jpg\" alt='' title='20240718_192843363_iOS (1) (1)' height=\"600\" width=\"1067\"  itemprop=\"thumbnailUrl\" srcset=\"https:\/\/radiorevelacionfm.cl\/wp-content\/uploads\/2024\/07\/20240718_192843363_iOS-1-1.jpg 1067w, https:\/\/radiorevelacionfm.cl\/wp-content\/uploads\/2024\/07\/20240718_192843363_iOS-1-1-300x169.jpg 300w, https:\/\/radiorevelacionfm.cl\/wp-content\/uploads\/2024\/07\/20240718_192843363_iOS-1-1-1030x579.jpg 1030w, https:\/\/radiorevelacionfm.cl\/wp-content\/uploads\/2024\/07\/20240718_192843363_iOS-1-1-768x432.jpg 768w, https:\/\/radiorevelacionfm.cl\/wp-content\/uploads\/2024\/07\/20240718_192843363_iOS-1-1-705x396.jpg 705w, https:\/\/radiorevelacionfm.cl\/wp-content\/uploads\/2024\/07\/20240718_192843363_iOS-1-1-450x253.jpg 450w, https:\/\/radiorevelacionfm.cl\/wp-content\/uploads\/2024\/07\/20240718_192843363_iOS-1-1-600x337.jpg 600w\" sizes=\"(max-width: 1067px) 100vw, 1067px\" \/><\/div><\/div><\/div><\/div><div class=\"flex_column av_one_full  flex_column_div av-zero-column-padding first  avia-builder-el-2  el_after_av_one_full  el_before_av_one_full  column-top-margin\" style='border-radius:0px; '><section class=\"av_textblock_section \"  itemscope=\"itemscope\" itemtype=\"https:\/\/schema.org\/BlogPosting\" itemprop=\"blogPost\" ><div class='avia_textblock  '   itemprop=\"text\" ><p style=\"text-align: center;\"><strong><span style=\"font-size: 18pt;\">Avanzan instalaciones del Programa de Recambio de Calefactores y anuncian nuevos llamados<\/span><\/strong><\/p>\n<div id=\"gtx-trans\" style=\"position: absolute; left: -50px; top: 4.31534px;\">\n<div class=\"gtx-trans-icon\"><\/div>\n<\/div>\n<\/div><\/section><\/div><div class=\"flex_column av_one_full  flex_column_div av-zero-column-padding first  avia-builder-el-4  el_after_av_one_full  el_before_av_hr  column-top-margin\" style='border-radius:0px; '><section class=\"av_textblock_section \"  itemscope=\"itemscope\" itemtype=\"https:\/\/schema.org\/BlogPosting\" itemprop=\"blogPost\" ><div class='avia_textblock  '   itemprop=\"text\" ><p style=\"text-align: justify;\">Acompa\u00f1ando a las familias que recibieron las primeras instalaciones del programa de recambio de calefactores en las ciudades de Coyhaique y Puerto Ays\u00e9n, las autoridades regionales verificaron en terreno los avances del beneficio ambiental y desde el centro de acopio para chatarrizaci\u00f3n de estufas a le\u00f1a, compartieron con la comunidad la proyecci\u00f3n y desaf\u00edos de la iniciativa para el a\u00f1o 2024.<\/p>\n<p style=\"text-align: justify;\">\u201cEstamos ya en un nuevo impulso a este programa que tiene un tremendo objetivo que es apoyar la descontaminaci\u00f3n de nuestra ciudad. Sabemos que hoy d\u00eda las condiciones clim\u00e1ticas cada vez hacen que el uso de la le\u00f1a, lamentablemente vaya tambi\u00e9n en aumento y eso nos desaf\u00eda como Estado a que las pol\u00edticas p\u00fablicas puedan ejecutarse en tiempo, en forma y que permitan llegar a los beneficiarios finales, que es la comunidad\u201d recalc\u00f3 la Gobernadora Regional Andrea Mac\u00edas Palma, invitando adem\u00e1s a la comunidad a confiar en la pol\u00edtica p\u00fablica ejecutada por la SEREMI del Medio Ambiente y financiada en conjunto con el Gobierno Regional y su Consejo, recordando a la ciudadan\u00eda que hoy la regi\u00f3n cuenta con una empresa de producci\u00f3n pellet a nivel local para abastecer el stock requerido.<\/p>\n<p style=\"text-align: justify;\">Las visitas comenzaron en la ciudad de Puerto Ays\u00e9n, donde la beneficiaria Delfina Andrade abri\u00f3 sus puertas a las autoridades para compartir su experiencia al recibir su nuevo calefactor a pellet \u201cS\u00ed, se me va a cambiar la vida porque tengo algo que no me va a contaminar, no me va a afectar tanto con la enfermedad del asma que lo m\u00e1s grave que tengo\u201d, declar\u00f3 mientras el equipo instalador realizaba las pruebas finales y capacitaci\u00f3n a su hijo Gerardo, quien coment\u00f3, \u201cmi mam\u00e1 tiene 85 a\u00f1os, problemas de movilidad, ya tiene enfermedades como el asma, entonces todo esto de cambiar la calefacci\u00f3n es un cambio radical para la forma de vida de ella. Lo que est\u00e1 haciendo el Estado de Chile en ayudar a personas de que no tienen los recursos para adquirir una estufa a pellet es de una relevancia muy grande para mi vieja, as\u00ed que yo eternamente agradecido\u201d.<\/p>\n<p style=\"text-align: justify;\">As\u00ed tambi\u00e9n el Delegado Presidencial Provincial de Ays\u00e9n, Jorge D\u00edaz Guzm\u00e1n destac\u00f3 \u201cprimero decir que estamos muy contentos porque la se\u00f1ora Delfina tiene su equipo ya instalado y para nosotros eso es fundamental, las personas (\u2026) estamos muy contentos porque esta pol\u00edtica p\u00fablica est\u00e1 cumpliendo su objetivo, que es entregar mejor calidad de vida a nuestras familias, aportar a disminuir la contaminaci\u00f3n y la alianza de todos los sectores p\u00fablicos hacen posible que tambi\u00e9n ella haya tenido, por ejemplo, el mejoramiento t\u00e9rmico que le permite hacer m\u00e1s eficiente este equipo de calefacci\u00f3n\u201d.<\/p>\n<p style=\"text-align: justify;\"><strong>Inician Instalaciones en Coyhaique<\/strong><\/p>\n<p style=\"text-align: justify;\">En la capital regional la beneficiaria, Elsa Uni\u00f3n Sang\u00fceza, tambi\u00e9n opt\u00f3 por el programa de recambio reemplazando la le\u00f1a por pellet, \u201cpor salud, una cosa muy importante para m\u00ed, porque soy asm\u00e1tica, todo me prohibieron los m\u00e9dicos y estoy feliz, no puedo estar m\u00e1s contenta y agradecida de todos los que trabajaron en esto\u201d, agradeci\u00f3.<\/p>\n<p style=\"text-align: justify;\">La primera instalaci\u00f3n de aire acondicionado de la temporada la recibi\u00f3 el matrimonio de Elisa Hern\u00e1ndez Oros y Carlos Cart\u00f3 Pedreros, quienes eligieron la alternativa el\u00e9ctrica en atenci\u00f3n a la comodidad \u201cuno tiene que proyectarse, ya que los a\u00f1os se van quedando en uno y estar lidiando con la le\u00f1a con el saco de pellet, no\u201d, explic\u00f3 Carlos, mientras que Elisa destac\u00f3 que el motivo principal en participar del programa de Estado es descontaminar la ciudad, e invitaron a vecinos y vecinas a sumarse \u00a0\u201cpostulen a estos programas que son pol\u00edticas de Estado que benefician a toda la comunidad y sobre todo a Coyhaique, que tenemos una muy mala fama con respecto a la contaminaci\u00f3n\u201d, complement\u00f3 el Se\u00f1or Cart\u00f3.<\/p>\n<p style=\"text-align: justify;\"><strong>Programa reforzado y nuevos llamados<\/strong><\/p>\n<p style=\"text-align: justify;\">Ya suman 9.134 los calefactores a le\u00f1a retirados en la zona saturada de Coyhaique, y hoy en el centro de acopio se acumulan aquellos retirados ya desde la reactivaci\u00f3n del programa, desde este punto el Delegado Presidencial Regional, Rodrigo Araya record\u00f3 a la comunidad el sentido ambiental de la medida \u201cEl Plan de Descontaminaci\u00f3n Atmosf\u00e9rica tiene un componente que es fundamental y es eliminar fuentes de producci\u00f3n de contaminaci\u00f3n, que en la ciudad de Coyhaique tiene que ver con la combusti\u00f3n de la le\u00f1a, \u00a0por lo tanto, nosotros vemos ac\u00e1 el producto principal del recambio que es eliminar artefactos a le\u00f1a\u201d, explic\u00f3 recordando que si bien el programa tuvo una suspensi\u00f3n durante 2023 para las mejoras en el proceso, este a\u00f1o viene reforzado \u201cpor lo tanto, nosotros hacemos una invitaci\u00f3n a toda la comunidad, a todas las personas que postulen\u201d, recalc\u00f3 el Delegado.<\/p>\n<p style=\"text-align: justify;\">Del mismo modo, el Seremi del Medio Ambiente, Yoal D\u00edaz, destac\u00f3 que \u201cel trabajo que hacemos en conjunto con el Gobierno Regional nos permite llegar a una cifra hist\u00f3rica, tenemos 2.200 recambios de calefactores a disposici\u00f3n de la ciudadan\u00eda y con ello queremos avanzar tambi\u00e9n en que la descontaminaci\u00f3n sea un proceso que vaya aceler\u00e1ndose, porque necesitamos que esto se aborde con urgencia\u201d, declar\u00f3, haciendo hincapi\u00e9 en el proceso de instalaci\u00f3n en las distintas ciudades \u201cya tenemos instalaciones realizadas en Cochrane, instalaciones realizadas en Puerto Ays\u00e9n, y en Coyhaique tanto de pellet como aire acondicionado, as\u00ed que a quienes son beneficiarios, atentas y atentos porque vamos a estar contact\u00e1ndonos\u201d.<\/p>\n<p style=\"text-align: justify;\">La autoridad ambiental llam\u00f3 a la ciudadan\u00eda a esperar el contacto de las empresas instaladoras que ya se encuentran agendando las cuadrillas para las instalaciones domiciliarias y as\u00ed tambi\u00e9n anunci\u00f3 \u201cdar la buena noticia que vamos a tener un nuevo llamado del programa de recambio Calefactores en Coyhaique\u201d, para lo que invit\u00f3 a las familias a mantenerse atentas a las redes sociales de la SEREMI del Medio Ambiente y la pagina calefactores.mma.gob.cl donde se publicar\u00e1n los detalles del pr\u00f3ximo llamado.<\/p>\n<\/div><\/section><\/div><div  style='height:50px' class='hr hr-invisible   avia-builder-el-6  el_after_av_one_full  el_before_av_social_share '><span class='hr-inner ' ><span class='hr-inner-style'><\/span><\/span><\/div><\/p>\n<div  class='av-social-sharing-box  avia-builder-el-7  el_after_av_hr  el_before_av_hr  '><div class='av-share-box'><h5 class='av-share-link-description av-no-toc '>Compartir esta noticia<\/h5><ul class='av-share-box-list noLightbox'><li class='av-share-link av-social-link-facebook' ><a target=\"_blank\" aria-label=\"Compartir en Facebook\" href='https:\/\/www.facebook.com\/sharer.php?u=https:\/\/radiorevelacionfm.cl\/?p=44330&#038;t=Avanzan%20instalaciones%20del%20Programa%20de%20Recambio%20de%20Calefactores%20y%20anuncian%20nuevos%20llamados' aria-hidden='false' data-av_icon='\ue8f3' data-av_iconfont='entypo-fontello' title='' data-avia-related-tooltip='Compartir en Facebook' rel=\"noopener\"><span class='avia_hidden_link_text'>Compartir en Facebook<\/span><\/a><\/li><li class='av-share-link av-social-link-twitter' ><a target=\"_blank\" aria-label=\"Compartir en Twitter\" href='https:\/\/twitter.com\/share?text=Avanzan%20instalaciones%20del%20Programa%20de%20Recambio%20de%20Calefactores%20y%20anuncian%20nuevos%20llamados&#038;url=https:\/\/radiorevelacionfm.cl\/?p=44330' aria-hidden='false' data-av_icon='\ue8f1' data-av_iconfont='entypo-fontello' title='' data-avia-related-tooltip='Compartir en Twitter' rel=\"noopener\"><span class='avia_hidden_link_text'>Compartir en Twitter<\/span><\/a><\/li><li class='av-share-link av-social-link-whatsapp' ><a target=\"_blank\" aria-label=\"Compartir en Whatsapp\" href='https:\/\/api.whatsapp.com\/send?text=https:\/\/radiorevelacionfm.cl\/?p=44330' aria-hidden='false' data-av_icon='\uf232' data-av_iconfont='entypo-fontello' title='' data-avia-related-tooltip='Compartir en Whatsapp' rel=\"noopener\"><span class='avia_hidden_link_text'>Compartir en Whatsapp<\/span><\/a><\/li><li class='av-share-link av-social-link-linkedin' ><a target=\"_blank\" aria-label=\"Compartir en LinkedIn\" href='https:\/\/linkedin.com\/shareArticle?mini=true&#038;title=Avanzan%20instalaciones%20del%20Programa%20de%20Recambio%20de%20Calefactores%20y%20anuncian%20nuevos%20llamados&#038;url=https:\/\/radiorevelacionfm.cl\/?p=44330' aria-hidden='false' data-av_icon='\ue8fc' data-av_iconfont='entypo-fontello' title='' data-avia-related-tooltip='Compartir en LinkedIn' rel=\"noopener\"><span class='avia_hidden_link_text'>Compartir en LinkedIn<\/span><\/a><\/li><li class='av-share-link av-social-link-mail' ><a  aria-label=\"Compartir por correo\" href='mailto:?subject=Avanzan%20instalaciones%20del%20Programa%20de%20Recambio%20de%20Calefactores%20y%20anuncian%20nuevos%20llamados&#038;body=https:\/\/radiorevelacionfm.cl\/?p=44330' aria-hidden='false' data-av_icon='\ue805' data-av_iconfont='entypo-fontello' title='' data-avia-related-tooltip='Compartir por correo'><span class='avia_hidden_link_text'>Compartir por correo<\/span><\/a><\/li><\/ul><\/div><\/div>\n<div  style='height:50px' class='hr hr-invisible   avia-builder-el-8  el_after_av_social_share  el_before_av_comments_list '><span class='hr-inner ' ><span class='hr-inner-style'><\/span><\/span><\/div>\n<div  class='av-buildercomment  av-blog-meta-html-info-disabled av-blog-meta-tag-disabled  '><\/div>\n","protected":false},"excerpt":{"rendered":"","protected":false},"author":1,"featured_media":44331,"comment_status":"open","ping_status":"open","sticky":false,"template":"","format":"standard","meta":{"footnotes":""},"categories":[39],"tags":[],"class_list":["post-44330","post","type-post","status-publish","format-standard","has-post-thumbnail","hentry","category-medio-ambiente"],"jetpack_featured_media_url":"https:\/\/radiorevelacionfm.cl\/wp-content\/uploads\/2024\/07\/20240718_192843363_iOS-1-1.jpg","_links":{"self":[{"href":"https:\/\/radiorevelacionfm.cl\/index.php?rest_route=\/wp\/v2\/posts\/44330","targetHints":{"allow":["GET"]}}],"collection":[{"href":"https:\/\/radiorevelacionfm.cl\/index.php?rest_route=\/wp\/v2\/posts"}],"about":[{"href":"https:\/\/radiorevelacionfm.cl\/index.php?rest_route=\/wp\/v2\/types\/post"}],"author":[{"embeddable":true,"href":"https:\/\/radiorevelacionfm.cl\/index.php?rest_route=\/wp\/v2\/users\/1"}],"replies":[{"embeddable":true,"href":"https:\/\/radiorevelacionfm.cl\/index.php?rest_route=%2Fwp%2Fv2%2Fcomments&post=44330"}],"version-history":[{"count":1,"href":"https:\/\/radiorevelacionfm.cl\/index.php?rest_route=\/wp\/v2\/posts\/44330\/revisions"}],"predecessor-version":[{"id":44332,"href":"https:\/\/radiorevelacionfm.cl\/index.php?rest_route=\/wp\/v2\/posts\/44330\/revisions\/44332"}],"wp:featuredmedia":[{"embeddable":true,"href":"https:\/\/radiorevelacionfm.cl\/index.php?rest_route=\/wp\/v2\/media\/44331"}],"wp:attachment":[{"href":"https:\/\/radiorevelacionfm.cl\/index.php?rest_route=%2Fwp%2Fv2%2Fmedia&parent=44330"}],"wp:term":[{"taxonomy":"category","embeddable":true,"href":"https:\/\/radiorevelacionfm.cl\/index.php?rest_route=%2Fwp%2Fv2%2Fcategories&post=44330"},{"taxonomy":"post_tag","embeddable":true,"href":"https:\/\/radiorevelacionfm.cl\/index.php?rest_route=%2Fwp%2Fv2%2Ftags&post=44330"}],"curies":[{"name":"wp","href":"https:\/\/api.w.org\/{rel}","templated":true}]}}