{"id":44282,"date":"2024-07-19T11:29:42","date_gmt":"2024-07-19T14:29:42","guid":{"rendered":"https:\/\/radiorevelacionfm.cl\/?p=44282"},"modified":"2024-07-19T11:29:42","modified_gmt":"2024-07-19T14:29:42","slug":"ministro-cataldo-se-reune-con-comunidades-educativas-de-la-region-de-aysen-para-abordar-necesidades-de-infraestructura","status":"publish","type":"post","link":"https:\/\/radiorevelacionfm.cl\/?p=44282","title":{"rendered":"Ministro Cataldo se re\u00fane con comunidades educativas de la regi\u00f3n de Ays\u00e9n para abordar necesidades de infraestructura"},"content":{"rendered":"<div class=\"flex_column av_one_full  flex_column_div av-zero-column-padding first  avia-builder-el-0  el_before_av_one_full  avia-builder-el-first  \" style='border-radius:0px; '><div  class='avia-image-container  av-styling-    avia-builder-el-1  avia-builder-el-no-sibling  avia-align-center '  itemprop=\"image\" itemscope=\"itemscope\" itemtype=\"https:\/\/schema.org\/ImageObject\"  ><div class='avia-image-container-inner'><div class='avia-image-overlay-wrap'><img decoding=\"async\" class='wp-image-44283 avia-img-lazy-loading-not-44283 avia_image' src=\"https:\/\/radiorevelacionfm.cl\/wp-content\/uploads\/2024\/07\/escuela-espana2-1_optimized-1.jpg\" alt='' title='escuela-espa\u00f1a2-(1)_optimized (1)' height=\"600\" width=\"1067\"  itemprop=\"thumbnailUrl\" srcset=\"https:\/\/radiorevelacionfm.cl\/wp-content\/uploads\/2024\/07\/escuela-espana2-1_optimized-1.jpg 1067w, https:\/\/radiorevelacionfm.cl\/wp-content\/uploads\/2024\/07\/escuela-espana2-1_optimized-1-300x169.jpg 300w, https:\/\/radiorevelacionfm.cl\/wp-content\/uploads\/2024\/07\/escuela-espana2-1_optimized-1-1030x579.jpg 1030w, https:\/\/radiorevelacionfm.cl\/wp-content\/uploads\/2024\/07\/escuela-espana2-1_optimized-1-768x432.jpg 768w, https:\/\/radiorevelacionfm.cl\/wp-content\/uploads\/2024\/07\/escuela-espana2-1_optimized-1-705x396.jpg 705w, https:\/\/radiorevelacionfm.cl\/wp-content\/uploads\/2024\/07\/escuela-espana2-1_optimized-1-450x253.jpg 450w, https:\/\/radiorevelacionfm.cl\/wp-content\/uploads\/2024\/07\/escuela-espana2-1_optimized-1-600x337.jpg 600w\" sizes=\"(max-width: 1067px) 100vw, 1067px\" \/><\/div><\/div><\/div><\/div><div class=\"flex_column av_one_full  flex_column_div av-zero-column-padding first  avia-builder-el-2  el_after_av_one_full  el_before_av_one_full  column-top-margin\" style='border-radius:0px; '><section class=\"av_textblock_section \"  itemscope=\"itemscope\" itemtype=\"https:\/\/schema.org\/BlogPosting\" itemprop=\"blogPost\" ><div class='avia_textblock  '   itemprop=\"text\" ><p style=\"text-align: center;\"><span style=\"font-size: 18pt;\"><b>Ministro Cataldo se re\u00fane con comunidades educativas de la regi\u00f3n de Ays\u00e9n para abordar necesidades de infraestructura<\/b><\/span><\/p>\n<div id=\"gtx-trans\" style=\"position: absolute; left: -50px; top: 4.31534px;\">\n<div class=\"gtx-trans-icon\"><\/div>\n<\/div>\n<\/div><\/section><\/div><div class=\"flex_column av_one_full  flex_column_div av-zero-column-padding first  avia-builder-el-4  el_after_av_one_full  el_before_av_hr  column-top-margin\" style='border-radius:0px; '><section class=\"av_textblock_section \"  itemscope=\"itemscope\" itemtype=\"https:\/\/schema.org\/BlogPosting\" itemprop=\"blogPost\" ><div class='avia_textblock  '   itemprop=\"text\" ><p style=\"text-align: justify;\"><i>La autoridad del Mineduc se reuni\u00f3 con representantes de equipos directivos y educativos, apoderados y estudiantes para abordar las necesidades de la Escuela Diferencial Espa\u00f1a de Coyhaique y la Escuela Despertar de Puerto Ays\u00e9n.<\/i><\/p>\n<p style=\"text-align: justify;\"><i>Asimismo, el secretario de Estado particip\u00f3 en la firma de convenio entre el CFT Estatal de Ays\u00e9n y el Ministerio de Obras P\u00fablicas, para la ejecuci\u00f3n de las obras de reposici\u00f3n de la instituci\u00f3n de educaci\u00f3n superior.<\/i><\/p>\n<p class=\"v1MsoNormal\" style=\"text-align: justify;\">\u201cHoy estamos dando un paso significativo en calidad de vida, en habitabilidad, pero sobre todo en dignidad\u201d, sostuvo el ministro Nicol\u00e1s Cataldo en su visita a regi\u00f3n de Ays\u00e9n, instancia en la que se reuni\u00f3 con integrantes de comunidades educativas que se han manifestado por problemas de infraestructura.<\/p>\n<p class=\"v1MsoNormal\" style=\"text-align: justify;\">Este jueves, el secretario de Estado recorri\u00f3 las nuevas instalaciones que ocupar\u00e1 la Escuela Diferencial Espa\u00f1a de Coyhaique, que imparte ense\u00f1anza para estudiantes con necesidades educativas especiales (NNE), desde los 6 a 26 a\u00f1os y que desde 2022 funciona en dependencias provisorias, debido a problemas de infraestructura del recinto original.<\/p>\n<p class=\"v1MsoNormal\" style=\"text-align: justify;\">En este caso, la comunidad educativa se trasladar\u00e1 provisoriamente a un inmueble utilizado anteriormente por la Universidad de Ays\u00e9n, en Obispo Vielmo 62, en la capital regional, debido a que la edificaci\u00f3n donde est\u00e1 ubicada actualmente presenta falencias en el sistema de calefacci\u00f3n, goteras y baja capacidad el\u00e9ctrica.<\/p>\n<p class=\"v1MsoNormal\" style=\"text-align: justify;\">Al respecto, el ministro Cataldo destac\u00f3 que \u201chay que hacer algunos ajustes todav\u00eda, va a tomar alrededor de 40 d\u00edas para hacer las reparaciones menores y algunos ajustes y adecuaciones que requiere la infraestructura. Pero estamos hablando de condiciones diametralmente distintas a las que hemos tenido\u201d.<\/p>\n<p class=\"v1MsoNormal\" style=\"text-align: justify;\">La autoridad del Mineduc a\u00f1adi\u00f3 que lo m\u00e1s importante de las nuevas dependencias es que \u201centregan dignidad a nuestros estudiantes, a las comunidades educativas, profesores, asistentes de la educaci\u00f3n, que son parte tambi\u00e9n de quienes en el d\u00eda a d\u00eda trabajan con estos ni\u00f1os y ni\u00f1as preciosos que nos acompa\u00f1an\u201d.<\/p>\n<p class=\"v1MsoNormal\" style=\"text-align: justify;\">En tanto, la presidenta del Centro de Padres y Apoderados, Carolina Jara, manifest\u00f3 que \u201choy vemos que finalmente se concreta algo real y vemos que es un lugar muy bonito, iluminado. Nos fijamos mucho en los techos que fueran firmes, entonces estamos contentos, estamos emocionados como comunidad y esperamos pronto poder estar ac\u00e1\u201d.<\/p>\n<p class=\"v1MsoNormal\" style=\"text-align: justify;\">Se espera que pr\u00f3ximamente se realice la firma del arriendo por parte del Servicio Local de Educaci\u00f3n P\u00fablica (SLEP) de Ays\u00e9n y posterior a eso, se realizar\u00e1n reparaciones, se tramitar\u00e1n los permisos sanitarios y se concretar\u00e1 el traslado de la comunidad educativa al nuevo recinto.<\/p>\n<p class=\"v1MsoNormal\" style=\"text-align: justify;\">A largo plazo, se espera concretar la construcci\u00f3n de una nueva edificaci\u00f3n para la Escuela Diferencial Espa\u00f1a, que cuenta con un proyecto dise\u00f1ado desde 2018, pero que a\u00fan no se ha ejecutado.<\/p>\n<p class=\"v1MsoNormal\" style=\"text-align: justify;\">Por su parte, la gobernadora Andrea Mac\u00edas sostuvo que \u201cel Gobierno Regional de Ays\u00e9n ha tenido una voluntad f\u00e9rrea de poder apoyar en todo lo que tiene que ver con la educaci\u00f3n, bajo una mirada que lo hemos dicho con mucha fuerza desde esta administraci\u00f3n, que es la convicci\u00f3n de que es la educaci\u00f3n el \u00fanico medio de transformaci\u00f3n social que de verdad permite movilidad social\u201d.<\/p>\n<p class=\"v1MsoNormal\" style=\"text-align: justify;\">\u00a0En tanto, el delegado presidencial Rodrigo Araya destac\u00f3 el trabajo entre diversos actores que se ha generado por estos casos. \u201cEste es el esp\u00edritu que nosotros como gobierno, ac\u00e1 en la regi\u00f3n, tambi\u00e9n estamos mandatados por nuestro Presidente Gabriel Boric de ayudar, de coordinar, de colaborar interinstitucionalmente para que podamos tener soluciones de este tipo\u201d.<\/p>\n<p class=\"v1MsoNormal\" style=\"text-align: justify;\"><b>Compromisos con Escuela Despertar<\/b><\/p>\n<p class=\"v1MsoNormal\" style=\"text-align: justify;\">La agenda del secretario de Estado a la regi\u00f3n de Ays\u00e9n incluy\u00f3 una reuni\u00f3n con la comunidad educativa de la Escuela Despertar de Puerto Ays\u00e9n, ocurrido la noche del mi\u00e9rcoles. En este caso, se est\u00e1 a la espera de la materializaci\u00f3n de un proyecto de reposici\u00f3n del establecimiento, luego de que se han realizado dos procesos de licitaci\u00f3n declarados desiertos por exceder el monto aprobado para la iniciativa.<\/p>\n<p class=\"v1MsoNormal\" style=\"text-align: justify;\">Tras el encuentro, el ministro Cataldo explic\u00f3 que el primer acuerdo con la comunidad se refiere al proyecto definitivo para la Escuela Despertar. \u201cEn colaboraci\u00f3n con el Gobierno Regional, estamos viendo las fuentes de financiamiento para el adicional que va a requerir, dado que se declar\u00f3 desierto porque las ofertas estaban por sobre el valor del proyecto original\u201d, manifest\u00f3.<\/p>\n<p class=\"v1MsoNormal\" style=\"text-align: justify;\">Por su parte, la gobernadora Mac\u00edas valor\u00f3 la presencia del ministro Cataldo en Puerto Ays\u00e9n y destac\u00f3, respecto al proyecto definitivo, que \u201ceste mi\u00e9rcoles ingresamos nuevamente al Ministerio de Desarrollo Social la reevaluaci\u00f3n de este proyecto, frente a lo cual tambi\u00e9n tenemos el compromiso de la Seremi de Educaci\u00f3n de poder acelerar los procesos lo m\u00e1ximo posible\u201d.<\/p>\n<p class=\"v1MsoNormal\" style=\"text-align: justify;\">En la instancia, las autoridades del Mineduc indicaron a la comunidad educativa que se contar\u00e1 con la habilitaci\u00f3n de una escuela modular provisoria, cuya ejecuci\u00f3n demorar\u00e1 alrededor de 14 meses.<\/p>\n<p class=\"v1MsoNormal\" style=\"text-align: justify;\">Al respecto, la presidenta del Centro de Padres y Apoderados de la Escuela Despertar, Andrea Paillacar, agradeci\u00f3 la intervenci\u00f3n del ministro Cataldo.<\/p>\n<p class=\"v1MsoNormal\" style=\"text-align: justify;\">\u201cLa voluntad de \u00e9l abri\u00f3 puertas para conversar, para -como dice la gobernadora Mac\u00edas- hacer las cosas con respeto, para escucharnos, para empezar de nuevo. Creo que se marc\u00f3 un hito bueno, positivo, para la comunidad escolar, para los ayseninos tambi\u00e9n. Aqu\u00ed est\u00e1bamos todos pendientes, porque la discapacidad aqu\u00ed, de cierta forma, la vivimos todos, no solamente los pap\u00e1s y las mam\u00e1s\u201d, afirm\u00f3 Andrea Paillacar.<\/p>\n<p class=\"v1MsoNormal\" style=\"text-align: justify;\">Por otro lado, el ministro Cataldo sostuvo que otro acuerdo adoptado es la concreci\u00f3n de mejoras en las dependencias actuales de la escuela, a trav\u00e9s del SLEP Ays\u00e9n. \u201cEsa una decisi\u00f3n que tom\u00f3 la comunidad educativa, para permanecer en ese lugar hasta que contemos con la soluci\u00f3n modular de transici\u00f3n, que es lo que nos va a permitir sostener todo lo que va a demorar en estar en el proyecto definitivo\u201d.<\/p>\n<p class=\"v1MsoNormal\" style=\"text-align: justify;\"><b>CFT Estatal de Ays\u00e9n<\/b><\/p>\n<p class=\"v1MsoNormal\" style=\"text-align: justify;\">En su \u00faltima actividad en la regi\u00f3n, el ministro Cataldo particip\u00f3 de la ceremonia de firma de convenio entre el CFT Estatal Ays\u00e9n y el Ministerio de Obras P\u00fablicas, para la ejecuci\u00f3n e inicio formal de las obras de reposici\u00f3n de la instituci\u00f3n de educaci\u00f3n superior.<\/p>\n<p class=\"v1MsoNormal\" style=\"text-align: justify;\">La autoridad del Mineduc destac\u00f3 que el centro educativo ha desarrollado \u201cun trabajo impecable, con una orientaci\u00f3n y vocaci\u00f3n al desarrollo productivo del territorio (\u2026) Nos quedan muchas tareas todav\u00eda por llevar adelante y por eso es tan relevante el acuerdo que se ha firmado el d\u00eda de hoy entre la Direcci\u00f3n de Arquitectura del MOP y el CFT, para llevar adelante la inversi\u00f3n de esta obra nueva que va a permitir darle espacio a cerca de 10 carreras y m\u00e1s de 400 estudiantes\u201d.<\/p>\n<p class=\"v1MsoNormal\" style=\"text-align: justify;\">El CFT Estatal de Ays\u00e9n, que se ubica en la comuna de Puerto Ays\u00e9n, inaugur\u00f3 su primer a\u00f1o acad\u00e9mico en abril de 2022, con 84 estudiantes y 2 carreras: Log\u00edstica y Administraci\u00f3n P\u00fablica. Este a\u00f1o abri\u00f3 7 carreras: Mantenimiento industrial, Automatizaci\u00f3n y rob\u00f3tica industrial, Electricidad, Electromec\u00e1nica, Procesos acu\u00edcolas, Administraci\u00f3n de empresas y negocios, Administraci\u00f3n de sistemas log\u00edsticos. Su matr\u00edcula actual es cercana a 300 estudiantes.<\/p>\n<p class=\"v1MsoNormal\" style=\"text-align: justify;\">La Seremi de Educaci\u00f3n\u00a0 de Ays\u00e9n Isabel Garrido hizo un positivo balance de la visita ministerial.<\/p>\n<p class=\"v1MsoNormal\" style=\"text-align: justify;\">\u201cConcluimos una exitosa visita del Ministro Nicol\u00e1s Cataldo, que se enfoc\u00f3 en consolidar los avances alcanzados en los proyectos de reposici\u00f3n de las escuelas Espa\u00f1a y Despertar. Se trata de las \u00fanicas escuelas p\u00fablicas que ofrecen educaci\u00f3n especial en la regi\u00f3n, donde asisten los ni\u00f1os y ni\u00f1as que requieren de nuestra mayor atenci\u00f3n, por lo que han sido prioritarias para este Gobierno. Felizmente, hoy podemos dar cuenta que tenemos rutas de trabajo claras, t\u00e9cnicamente viables, y consensuadas con las comunidades educativas respectivas\u201d.<\/p>\n<\/div><\/section><\/div><div  style='height:50px' class='hr hr-invisible   avia-builder-el-6  el_after_av_one_full  el_before_av_social_share '><span class='hr-inner ' ><span class='hr-inner-style'><\/span><\/span><\/div><\/p>\n<div  class='av-social-sharing-box  avia-builder-el-7  el_after_av_hr  el_before_av_hr  '><div class='av-share-box'><h5 class='av-share-link-description av-no-toc '>Compartir esta noticia<\/h5><ul class='av-share-box-list noLightbox'><li class='av-share-link av-social-link-facebook' ><a target=\"_blank\" aria-label=\"Compartir en Facebook\" href='https:\/\/www.facebook.com\/sharer.php?u=https:\/\/radiorevelacionfm.cl\/?p=44282&#038;t=Ministro%20Cataldo%20se%20re%C3%BAne%20con%20comunidades%20educativas%20de%20la%20regi%C3%B3n%20de%20Ays%C3%A9n%20para%20abordar%20necesidades%20de%20infraestructura' aria-hidden='false' data-av_icon='\ue8f3' data-av_iconfont='entypo-fontello' title='' data-avia-related-tooltip='Compartir en Facebook' rel=\"noopener\"><span class='avia_hidden_link_text'>Compartir en Facebook<\/span><\/a><\/li><li class='av-share-link av-social-link-twitter' ><a target=\"_blank\" aria-label=\"Compartir en Twitter\" href='https:\/\/twitter.com\/share?text=Ministro%20Cataldo%20se%20re%C3%BAne%20con%20comunidades%20educativas%20de%20la%20regi%C3%B3n%20de%20Ays%C3%A9n%20para%20abordar%20necesidades%20de%20infraestructura&#038;url=https:\/\/radiorevelacionfm.cl\/?p=44282' aria-hidden='false' data-av_icon='\ue8f1' data-av_iconfont='entypo-fontello' title='' data-avia-related-tooltip='Compartir en Twitter' rel=\"noopener\"><span class='avia_hidden_link_text'>Compartir en Twitter<\/span><\/a><\/li><li class='av-share-link av-social-link-whatsapp' ><a target=\"_blank\" aria-label=\"Compartir en Whatsapp\" href='https:\/\/api.whatsapp.com\/send?text=https:\/\/radiorevelacionfm.cl\/?p=44282' aria-hidden='false' data-av_icon='\uf232' data-av_iconfont='entypo-fontello' title='' data-avia-related-tooltip='Compartir en Whatsapp' rel=\"noopener\"><span class='avia_hidden_link_text'>Compartir en Whatsapp<\/span><\/a><\/li><li class='av-share-link av-social-link-linkedin' ><a target=\"_blank\" aria-label=\"Compartir en LinkedIn\" href='https:\/\/linkedin.com\/shareArticle?mini=true&#038;title=Ministro%20Cataldo%20se%20re%C3%BAne%20con%20comunidades%20educativas%20de%20la%20regi%C3%B3n%20de%20Ays%C3%A9n%20para%20abordar%20necesidades%20de%20infraestructura&#038;url=https:\/\/radiorevelacionfm.cl\/?p=44282' aria-hidden='false' data-av_icon='\ue8fc' data-av_iconfont='entypo-fontello' title='' data-avia-related-tooltip='Compartir en LinkedIn' rel=\"noopener\"><span class='avia_hidden_link_text'>Compartir en LinkedIn<\/span><\/a><\/li><li class='av-share-link av-social-link-mail' ><a  aria-label=\"Compartir por correo\" href='mailto:?subject=Ministro%20Cataldo%20se%20re%C3%BAne%20con%20comunidades%20educativas%20de%20la%20regi%C3%B3n%20de%20Ays%C3%A9n%20para%20abordar%20necesidades%20de%20infraestructura&#038;body=https:\/\/radiorevelacionfm.cl\/?p=44282' aria-hidden='false' data-av_icon='\ue805' data-av_iconfont='entypo-fontello' title='' data-avia-related-tooltip='Compartir por correo'><span class='avia_hidden_link_text'>Compartir por correo<\/span><\/a><\/li><\/ul><\/div><\/div>\n<div  style='height:50px' class='hr hr-invisible   avia-builder-el-8  el_after_av_social_share  el_before_av_comments_list '><span class='hr-inner ' ><span class='hr-inner-style'><\/span><\/span><\/div>\n<div  class='av-buildercomment  av-blog-meta-html-info-disabled av-blog-meta-tag-disabled  '><\/div>\n","protected":false},"excerpt":{"rendered":"","protected":false},"author":1,"featured_media":44283,"comment_status":"open","ping_status":"open","sticky":false,"template":"","format":"standard","meta":{"footnotes":""},"categories":[49],"tags":[],"class_list":["post-44282","post","type-post","status-publish","format-standard","has-post-thumbnail","hentry","category-educacion"],"jetpack_featured_media_url":"https:\/\/radiorevelacionfm.cl\/wp-content\/uploads\/2024\/07\/escuela-espana2-1_optimized-1.jpg","_links":{"self":[{"href":"https:\/\/radiorevelacionfm.cl\/index.php?rest_route=\/wp\/v2\/posts\/44282","targetHints":{"allow":["GET"]}}],"collection":[{"href":"https:\/\/radiorevelacionfm.cl\/index.php?rest_route=\/wp\/v2\/posts"}],"about":[{"href":"https:\/\/radiorevelacionfm.cl\/index.php?rest_route=\/wp\/v2\/types\/post"}],"author":[{"embeddable":true,"href":"https:\/\/radiorevelacionfm.cl\/index.php?rest_route=\/wp\/v2\/users\/1"}],"replies":[{"embeddable":true,"href":"https:\/\/radiorevelacionfm.cl\/index.php?rest_route=%2Fwp%2Fv2%2Fcomments&post=44282"}],"version-history":[{"count":1,"href":"https:\/\/radiorevelacionfm.cl\/index.php?rest_route=\/wp\/v2\/posts\/44282\/revisions"}],"predecessor-version":[{"id":44284,"href":"https:\/\/radiorevelacionfm.cl\/index.php?rest_route=\/wp\/v2\/posts\/44282\/revisions\/44284"}],"wp:featuredmedia":[{"embeddable":true,"href":"https:\/\/radiorevelacionfm.cl\/index.php?rest_route=\/wp\/v2\/media\/44283"}],"wp:attachment":[{"href":"https:\/\/radiorevelacionfm.cl\/index.php?rest_route=%2Fwp%2Fv2%2Fmedia&parent=44282"}],"wp:term":[{"taxonomy":"category","embeddable":true,"href":"https:\/\/radiorevelacionfm.cl\/index.php?rest_route=%2Fwp%2Fv2%2Fcategories&post=44282"},{"taxonomy":"post_tag","embeddable":true,"href":"https:\/\/radiorevelacionfm.cl\/index.php?rest_route=%2Fwp%2Fv2%2Ftags&post=44282"}],"curies":[{"name":"wp","href":"https:\/\/api.w.org\/{rel}","templated":true}]}}