{"id":44279,"date":"2024-07-19T12:24:08","date_gmt":"2024-07-19T15:24:08","guid":{"rendered":"https:\/\/radiorevelacionfm.cl\/?p=44279"},"modified":"2024-07-19T12:24:08","modified_gmt":"2024-07-19T15:24:08","slug":"edelaysen-y-la-corporacion-nacional-forestal-forman-alianza-para-el-reciclaje-de-pilas","status":"publish","type":"post","link":"https:\/\/radiorevelacionfm.cl\/?p=44279","title":{"rendered":"Edelaysen y la Corporaci\u00f3n Nacional Forestal forman alianza para el reciclaje de pilas"},"content":{"rendered":"<div class=\"flex_column av_one_full  flex_column_div av-zero-column-padding first  avia-builder-el-0  el_before_av_one_full  avia-builder-el-first  \" style='border-radius:0px; '><div  class='avia-image-container  av-styling-    avia-builder-el-1  avia-builder-el-no-sibling  avia-align-center '  itemprop=\"image\" itemscope=\"itemscope\" itemtype=\"https:\/\/schema.org\/ImageObject\"  ><div class='avia-image-container-inner'><div class='avia-image-overlay-wrap'><img decoding=\"async\" class='wp-image-44280 avia-img-lazy-loading-not-44280 avia_image' src=\"https:\/\/radiorevelacionfm.cl\/wp-content\/uploads\/2024\/07\/alianza-conaf1-1_optimized.jpeg\" alt='' title='alianza-conaf1-(1)_optimized' height=\"600\" width=\"1098\"  itemprop=\"thumbnailUrl\" srcset=\"https:\/\/radiorevelacionfm.cl\/wp-content\/uploads\/2024\/07\/alianza-conaf1-1_optimized.jpeg 1098w, https:\/\/radiorevelacionfm.cl\/wp-content\/uploads\/2024\/07\/alianza-conaf1-1_optimized-300x164.jpeg 300w, https:\/\/radiorevelacionfm.cl\/wp-content\/uploads\/2024\/07\/alianza-conaf1-1_optimized-1030x563.jpeg 1030w, https:\/\/radiorevelacionfm.cl\/wp-content\/uploads\/2024\/07\/alianza-conaf1-1_optimized-768x420.jpeg 768w, https:\/\/radiorevelacionfm.cl\/wp-content\/uploads\/2024\/07\/alianza-conaf1-1_optimized-705x385.jpeg 705w, https:\/\/radiorevelacionfm.cl\/wp-content\/uploads\/2024\/07\/alianza-conaf1-1_optimized-450x246.jpeg 450w, https:\/\/radiorevelacionfm.cl\/wp-content\/uploads\/2024\/07\/alianza-conaf1-1_optimized-600x328.jpeg 600w\" sizes=\"(max-width: 1098px) 100vw, 1098px\" \/><\/div><\/div><\/div><\/div><div class=\"flex_column av_one_full  flex_column_div av-zero-column-padding first  avia-builder-el-2  el_after_av_one_full  el_before_av_one_full  column-top-margin\" style='border-radius:0px; '><section class=\"av_textblock_section \"  itemscope=\"itemscope\" itemtype=\"https:\/\/schema.org\/BlogPosting\" itemprop=\"blogPost\" ><div class='avia_textblock  '   itemprop=\"text\" ><p style=\"text-align: center;\"><span style=\"font-size: 18pt;\"><strong>Edelaysen y la Corporaci\u00f3n Nacional Forestal forman alianza para el reciclaje de pilas<\/strong><\/span><\/p>\n<div id=\"gtx-trans\" style=\"position: absolute; left: -50px; top: 4.31534px;\">\n<div class=\"gtx-trans-icon\"><\/div>\n<\/div>\n<\/div><\/section><\/div><div class=\"flex_column av_one_full  flex_column_div av-zero-column-padding first  avia-builder-el-4  el_after_av_one_full  el_before_av_hr  column-top-margin\" style='border-radius:0px; '><section class=\"av_textblock_section \"  itemscope=\"itemscope\" itemtype=\"https:\/\/schema.org\/BlogPosting\" itemprop=\"blogPost\" ><div class='avia_textblock  '   itemprop=\"text\" ><p style=\"text-align: justify;\">Edelaysen celebra una nueva alianza con la Corporaci\u00f3n Nacional Forestal para fortalecer las iniciativas de reciclaje y cuidado del medio ambiente. En el marco de esta colaboraci\u00f3n, Conaf dispondr\u00e1 de contenedores para el almacenaje de pilas en desuso en sus distintas oficinas, facilitando a la comunidad diversos accesos a los puntos de reciclaje.<\/p>\n<p style=\"text-align: justify;\">Patricio Raimilla, jefe de Servicio al Cliente de Edelaysen, expres\u00f3 su entusiasmo por esta nueva colaboraci\u00f3n. \u201cAgradecemos a Conaf por participar en nuestra 8va versi\u00f3n de \u201cPatagonia ponte las pilas\u201d. Esta alianza es un paso importante para fomentar pr\u00e1cticas sostenibles y conscientes en nuestra comunidad. Invitamos a todos a acercarse a los centros de acopio y ser parte de esta iniciativa, donde cada pila cuenta para un futuro m\u00e1s limpio y sostenible en la regi\u00f3n de Ays\u00e9n\u201d, destac\u00f3 Raimilla.<\/p>\n<p style=\"text-align: justify;\">Por su parte, el director regional de Conaf Ronald Valenzuela \u201cpara nosotros es s\u00faper importante poder llevar estos residuos que son dentro de todo lo que se produce, altamente nocivos y tener un lugar donde disponer de ellas es tremendamente significativo porque estamos, como se sabe, en la campa\u00f1a que es el programa de acreditaci\u00f3n del Ministerio del Medio Ambiente, de Estado verde, en el que se busca acreditar buenas pr\u00e1cticas ambientales para poder mejorar la relaci\u00f3n con el medio ambiente y concientizar por sobre todo a los y las trabajadoras\u201d.<\/p>\n<p style=\"text-align: justify;\">As\u00ed mismo, la autoridad regional mencion\u00f3 que los puntos de acopio en la Corporaci\u00f3n Nacional Forestal ser\u00e1 en la oficina regional que est\u00e1 en Ogana 1060, en el recinto de Conaf ubicado en Los Coig\u00fces 482 y la \u00faltima en la oficina provincial Coyhaique que est\u00e1 en Ignacio Serrano 409\u201d.<\/p>\n<p style=\"text-align: justify;\">La iniciativa \u201cPatagonia ponte las Pilas\u201d es una campa\u00f1a que busca concientizar a la comunidad sobre la importancia del reciclaje de pilas, evitando que estos residuos peligrosos terminen en vertederos y contaminando el medio ambiente. Con la instalaci\u00f3n de contenedores en las oficinas de Conaf y otras instituciones que se han sumado a la iniciativa como establecimientos, municipios, Tesorer\u00eda General de la Rep\u00fablica y Seremi Medio Ambiente, se espera aumentar la recolecci\u00f3n de pilas en desuso y promover un manejo responsable de estos residuos.<\/p>\n<\/div><\/section><\/div><div  style='height:50px' class='hr hr-invisible   avia-builder-el-6  el_after_av_one_full  el_before_av_social_share '><span class='hr-inner ' ><span class='hr-inner-style'><\/span><\/span><\/div><\/p>\n<div  class='av-social-sharing-box  avia-builder-el-7  el_after_av_hr  el_before_av_hr  '><div class='av-share-box'><h5 class='av-share-link-description av-no-toc '>Compartir esta noticia<\/h5><ul class='av-share-box-list noLightbox'><li class='av-share-link av-social-link-facebook' ><a target=\"_blank\" aria-label=\"Compartir en Facebook\" href='https:\/\/www.facebook.com\/sharer.php?u=https:\/\/radiorevelacionfm.cl\/?p=44279&#038;t=Edelaysen%20y%20la%20Corporaci%C3%B3n%20Nacional%20Forestal%20forman%20alianza%20para%20el%20reciclaje%20de%20pilas' aria-hidden='false' data-av_icon='\ue8f3' data-av_iconfont='entypo-fontello' title='' data-avia-related-tooltip='Compartir en Facebook' rel=\"noopener\"><span class='avia_hidden_link_text'>Compartir en Facebook<\/span><\/a><\/li><li class='av-share-link av-social-link-twitter' ><a target=\"_blank\" aria-label=\"Compartir en Twitter\" href='https:\/\/twitter.com\/share?text=Edelaysen%20y%20la%20Corporaci%C3%B3n%20Nacional%20Forestal%20forman%20alianza%20para%20el%20reciclaje%20de%20pilas&#038;url=https:\/\/radiorevelacionfm.cl\/?p=44279' aria-hidden='false' data-av_icon='\ue8f1' data-av_iconfont='entypo-fontello' title='' data-avia-related-tooltip='Compartir en Twitter' rel=\"noopener\"><span class='avia_hidden_link_text'>Compartir en Twitter<\/span><\/a><\/li><li class='av-share-link av-social-link-whatsapp' ><a target=\"_blank\" aria-label=\"Compartir en Whatsapp\" href='https:\/\/api.whatsapp.com\/send?text=https:\/\/radiorevelacionfm.cl\/?p=44279' aria-hidden='false' data-av_icon='\uf232' data-av_iconfont='entypo-fontello' title='' data-avia-related-tooltip='Compartir en Whatsapp' rel=\"noopener\"><span class='avia_hidden_link_text'>Compartir en Whatsapp<\/span><\/a><\/li><li class='av-share-link av-social-link-linkedin' ><a target=\"_blank\" aria-label=\"Compartir en LinkedIn\" href='https:\/\/linkedin.com\/shareArticle?mini=true&#038;title=Edelaysen%20y%20la%20Corporaci%C3%B3n%20Nacional%20Forestal%20forman%20alianza%20para%20el%20reciclaje%20de%20pilas&#038;url=https:\/\/radiorevelacionfm.cl\/?p=44279' aria-hidden='false' data-av_icon='\ue8fc' data-av_iconfont='entypo-fontello' title='' data-avia-related-tooltip='Compartir en LinkedIn' rel=\"noopener\"><span class='avia_hidden_link_text'>Compartir en LinkedIn<\/span><\/a><\/li><li class='av-share-link av-social-link-mail' ><a  aria-label=\"Compartir por correo\" href='mailto:?subject=Edelaysen%20y%20la%20Corporaci%C3%B3n%20Nacional%20Forestal%20forman%20alianza%20para%20el%20reciclaje%20de%20pilas&#038;body=https:\/\/radiorevelacionfm.cl\/?p=44279' aria-hidden='false' data-av_icon='\ue805' data-av_iconfont='entypo-fontello' title='' data-avia-related-tooltip='Compartir por correo'><span class='avia_hidden_link_text'>Compartir por correo<\/span><\/a><\/li><\/ul><\/div><\/div>\n<div  style='height:50px' class='hr hr-invisible   avia-builder-el-8  el_after_av_social_share  el_before_av_comments_list '><span class='hr-inner ' ><span class='hr-inner-style'><\/span><\/span><\/div>\n<div  class='av-buildercomment  av-blog-meta-html-info-disabled av-blog-meta-tag-disabled  '><\/div>\n","protected":false},"excerpt":{"rendered":"","protected":false},"author":1,"featured_media":44280,"comment_status":"open","ping_status":"open","sticky":false,"template":"","format":"standard","meta":{"footnotes":""},"categories":[38],"tags":[],"class_list":["post-44279","post","type-post","status-publish","format-standard","has-post-thumbnail","hentry","category-regional"],"jetpack_featured_media_url":"https:\/\/radiorevelacionfm.cl\/wp-content\/uploads\/2024\/07\/alianza-conaf1-1_optimized.jpeg","_links":{"self":[{"href":"https:\/\/radiorevelacionfm.cl\/index.php?rest_route=\/wp\/v2\/posts\/44279","targetHints":{"allow":["GET"]}}],"collection":[{"href":"https:\/\/radiorevelacionfm.cl\/index.php?rest_route=\/wp\/v2\/posts"}],"about":[{"href":"https:\/\/radiorevelacionfm.cl\/index.php?rest_route=\/wp\/v2\/types\/post"}],"author":[{"embeddable":true,"href":"https:\/\/radiorevelacionfm.cl\/index.php?rest_route=\/wp\/v2\/users\/1"}],"replies":[{"embeddable":true,"href":"https:\/\/radiorevelacionfm.cl\/index.php?rest_route=%2Fwp%2Fv2%2Fcomments&post=44279"}],"version-history":[{"count":1,"href":"https:\/\/radiorevelacionfm.cl\/index.php?rest_route=\/wp\/v2\/posts\/44279\/revisions"}],"predecessor-version":[{"id":44281,"href":"https:\/\/radiorevelacionfm.cl\/index.php?rest_route=\/wp\/v2\/posts\/44279\/revisions\/44281"}],"wp:featuredmedia":[{"embeddable":true,"href":"https:\/\/radiorevelacionfm.cl\/index.php?rest_route=\/wp\/v2\/media\/44280"}],"wp:attachment":[{"href":"https:\/\/radiorevelacionfm.cl\/index.php?rest_route=%2Fwp%2Fv2%2Fmedia&parent=44279"}],"wp:term":[{"taxonomy":"category","embeddable":true,"href":"https:\/\/radiorevelacionfm.cl\/index.php?rest_route=%2Fwp%2Fv2%2Fcategories&post=44279"},{"taxonomy":"post_tag","embeddable":true,"href":"https:\/\/radiorevelacionfm.cl\/index.php?rest_route=%2Fwp%2Fv2%2Ftags&post=44279"}],"curies":[{"name":"wp","href":"https:\/\/api.w.org\/{rel}","templated":true}]}}