{"id":44270,"date":"2024-07-19T10:57:47","date_gmt":"2024-07-19T13:57:47","guid":{"rendered":"https:\/\/radiorevelacionfm.cl\/?p=44270"},"modified":"2024-07-19T10:57:47","modified_gmt":"2024-07-19T13:57:47","slug":"conforman-mesa-de-coordinacion-para-acercar-apoyos-laborales-a-mujeres-de-la-region","status":"publish","type":"post","link":"https:\/\/radiorevelacionfm.cl\/?p=44270","title":{"rendered":"Conforman Mesa de Coordinaci\u00f3n para acercar apoyos laborales a mujeres de la regi\u00f3n"},"content":{"rendered":"<div class=\"flex_column av_one_full  flex_column_div av-zero-column-padding first  avia-builder-el-0  el_before_av_one_full  avia-builder-el-first  \" style='border-radius:0px; '><div  class='avia-image-container  av-styling-    avia-builder-el-1  avia-builder-el-no-sibling  avia-align-center '  itemprop=\"image\" itemscope=\"itemscope\" itemtype=\"https:\/\/schema.org\/ImageObject\"  ><div class='avia-image-container-inner'><div class='avia-image-overlay-wrap'><img decoding=\"async\" class='wp-image-44271 avia-img-lazy-loading-not-44271 avia_image' src=\"https:\/\/radiorevelacionfm.cl\/wp-content\/uploads\/2024\/07\/mesa-trabajo-y-genero-1-1-1_optimized.jpeg\" alt='' title='mesa-trabajo-y-g\u00e9nero-1-(1)-(1)_optimized' height=\"600\" width=\"800\"  itemprop=\"thumbnailUrl\" srcset=\"https:\/\/radiorevelacionfm.cl\/wp-content\/uploads\/2024\/07\/mesa-trabajo-y-genero-1-1-1_optimized.jpeg 800w, https:\/\/radiorevelacionfm.cl\/wp-content\/uploads\/2024\/07\/mesa-trabajo-y-genero-1-1-1_optimized-300x225.jpeg 300w, https:\/\/radiorevelacionfm.cl\/wp-content\/uploads\/2024\/07\/mesa-trabajo-y-genero-1-1-1_optimized-768x576.jpeg 768w, https:\/\/radiorevelacionfm.cl\/wp-content\/uploads\/2024\/07\/mesa-trabajo-y-genero-1-1-1_optimized-705x529.jpeg 705w, https:\/\/radiorevelacionfm.cl\/wp-content\/uploads\/2024\/07\/mesa-trabajo-y-genero-1-1-1_optimized-450x338.jpeg 450w, https:\/\/radiorevelacionfm.cl\/wp-content\/uploads\/2024\/07\/mesa-trabajo-y-genero-1-1-1_optimized-600x450.jpeg 600w\" sizes=\"(max-width: 800px) 100vw, 800px\" \/><\/div><\/div><\/div><\/div><div class=\"flex_column av_one_full  flex_column_div av-zero-column-padding first  avia-builder-el-2  el_after_av_one_full  el_before_av_one_full  column-top-margin\" style='border-radius:0px; '><section class=\"av_textblock_section \"  itemscope=\"itemscope\" itemtype=\"https:\/\/schema.org\/BlogPosting\" itemprop=\"blogPost\" ><div class='avia_textblock  '   itemprop=\"text\" ><p style=\"text-align: center;\"><strong><span style=\"font-size: 18pt;\">Conforman Mesa de Coordinaci\u00f3n para acercar apoyos laborales a mujeres de la regi\u00f3n<\/span><\/strong><\/p>\n<div id=\"gtx-trans\" style=\"position: absolute; left: -50px; top: 4.31534px;\">\n<div class=\"gtx-trans-icon\"><\/div>\n<\/div>\n<\/div><\/section><\/div><div class=\"flex_column av_one_full  flex_column_div av-zero-column-padding first  avia-builder-el-4  el_after_av_one_full  el_before_av_hr  column-top-margin\" style='border-radius:0px; '><section class=\"av_textblock_section \"  itemscope=\"itemscope\" itemtype=\"https:\/\/schema.org\/BlogPosting\" itemprop=\"blogPost\" ><div class='avia_textblock  '   itemprop=\"text\" ><p dir=\"ltr\" style=\"text-align: justify;\">Esta semana se realiz\u00f3 la conformaci\u00f3n y primera sesi\u00f3n oficial de la Mesa de Trabajo y G\u00e9nero, llevada adelante por el Servicio Nacional de la Mujer y la Equidad de G\u00e9nero (SernamEG) de la Regi\u00f3n de Ays\u00e9n, y la Secretar\u00eda Regional Ministerial del Trabajo y Previsi\u00f3n Social, instancia donde las entidades se coordinar\u00e1n, tanto entre ellas como con los dem\u00e1s servicios e instituciones que entregan una oferta en estas materias.<\/p>\n<p dir=\"ltr\" style=\"text-align: justify;\">Tambi\u00e9n participan del espacio el Instituto de Seguridad Laboral (ISL), el Instituto de Previsi\u00f3n Social (IPS), El Servicio Nacional de Capacitaci\u00f3n y Empleo (Sence), Chile Valora y la Direcci\u00f3n del Trabajo, con el objetivo de disminuir las brechas de g\u00e9nero en las organizaciones y acercar la oferta del Estado en materias laborales a todas las mujeres a lo largo del territorio, bajando esta informaci\u00f3n a trav\u00e9s de los programas SernamEG en las distintas comunas de Ays\u00e9n.<\/p>\n<p dir=\"ltr\" style=\"text-align: justify;\">Al respecto, la Directora Regional de SernamEG, Patricia Baeza Cabezas, reforz\u00f3 la idea de que la mesa conformada aporta en el fortalecimiento de la autonom\u00eda econ\u00f3mica, sosteniendo que la instancia \u00abpermite acercar la oferta que tiene cada uno de los servicios a la nuestra, con las mujeres en los distintos territorios. Por lo tanto, a trav\u00e9s del traspaso de informaci\u00f3n, vamos a disminuir las brechas e inequidades que tienen las usuarias de nuestros programas\u00bb.<\/p>\n<p dir=\"ltr\" style=\"text-align: justify;\">\u00abEs importante destacar este trabajo colaborativo, porque como Gobierno nos interesa poder profundizar la pol\u00edtica en cuanto a la equidad de g\u00e9nero vinculada con el mundo del trabajo\u00bb, manifest\u00f3 por su parte el Seremi del Trabajo y Previsi\u00f3n Social, Rodrigo D\u00edaz Cordaro, ejemplificando con avances sustanciales en esta materia, como lo es la Ley Karin, que entra en vigencia el 1 de agosto pr\u00f3ximo, y la Ley de Conciliaci\u00f3n de la Vida Familiar, Laboral y Personal.<\/p>\n<p dir=\"ltr\" style=\"text-align: justify;\">De esta manera, las usuarias de SernamEG del \u00e1rea de Mujer y Trabajo, que se agrupan en los programas \u00ab4 a 7\u00bb, \u00abMujeres Jefas de Hogar\u00bb y \u00abMujer Emprende\u00bb, podr\u00e1n acceder a la oferta \u00edntegra del Estado en materias de trabajo, incluso las usuarias de lugares m\u00e1s alejados como O&#8217;Higgins, Tortel y Guaitecas.<\/p>\n<p dir=\"ltr\" style=\"text-align: justify;\">\u00abEstamos muy contentos de participar en esta instancia y que hayamos podido reunirnos todos los servicios que tenemos alguna vinculaci\u00f3n con Trabajo y G\u00e9nero. Para la administraci\u00f3n del Director Nacional, Pablo Zenteno, esto es primordial, es uno de los pilares para esta gesti\u00f3n el disminuir las brechas de g\u00e9nero. Y tambi\u00e9n, para lo que viene el segundo semestre en Trabajo, tenemos la entrada en vigencia de la Ley Karin, por lo que se hace fundamental y relevante que todas las instituciones del Estado que tenemos alguna vinculaci\u00f3n con G\u00e9nero y Trabajo podamos articular nuestra oferta program\u00e1tica, para que las usuarias puedan acceder m\u00e1s r\u00e1pido, m\u00e1s oportuno y de mejor manera a ella\u00bb, destac\u00f3 el Director (s) de la Direcci\u00f3n del Trabajo Ays\u00e9n, Cristi\u00e1n Aros Troncoso.<\/p>\n<\/div><\/section><\/div><div  style='height:50px' class='hr hr-invisible   avia-builder-el-6  el_after_av_one_full  el_before_av_social_share '><span class='hr-inner ' ><span class='hr-inner-style'><\/span><\/span><\/div><\/p>\n<div  class='av-social-sharing-box  avia-builder-el-7  el_after_av_hr  el_before_av_hr  '><div class='av-share-box'><h5 class='av-share-link-description av-no-toc '>Compartir esta noticia<\/h5><ul class='av-share-box-list noLightbox'><li class='av-share-link av-social-link-facebook' ><a target=\"_blank\" aria-label=\"Compartir en Facebook\" href='https:\/\/www.facebook.com\/sharer.php?u=https:\/\/radiorevelacionfm.cl\/?p=44270&#038;t=Conforman%20Mesa%20de%20Coordinaci%C3%B3n%20para%20acercar%20apoyos%20laborales%20a%20mujeres%20de%20la%20regi%C3%B3n' aria-hidden='false' data-av_icon='\ue8f3' data-av_iconfont='entypo-fontello' title='' data-avia-related-tooltip='Compartir en Facebook' rel=\"noopener\"><span class='avia_hidden_link_text'>Compartir en Facebook<\/span><\/a><\/li><li class='av-share-link av-social-link-twitter' ><a target=\"_blank\" aria-label=\"Compartir en Twitter\" href='https:\/\/twitter.com\/share?text=Conforman%20Mesa%20de%20Coordinaci%C3%B3n%20para%20acercar%20apoyos%20laborales%20a%20mujeres%20de%20la%20regi%C3%B3n&#038;url=https:\/\/radiorevelacionfm.cl\/?p=44270' aria-hidden='false' data-av_icon='\ue8f1' data-av_iconfont='entypo-fontello' title='' data-avia-related-tooltip='Compartir en Twitter' rel=\"noopener\"><span class='avia_hidden_link_text'>Compartir en Twitter<\/span><\/a><\/li><li class='av-share-link av-social-link-whatsapp' ><a target=\"_blank\" aria-label=\"Compartir en Whatsapp\" href='https:\/\/api.whatsapp.com\/send?text=https:\/\/radiorevelacionfm.cl\/?p=44270' aria-hidden='false' data-av_icon='\uf232' data-av_iconfont='entypo-fontello' title='' data-avia-related-tooltip='Compartir en Whatsapp' rel=\"noopener\"><span class='avia_hidden_link_text'>Compartir en Whatsapp<\/span><\/a><\/li><li class='av-share-link av-social-link-linkedin' ><a target=\"_blank\" aria-label=\"Compartir en LinkedIn\" href='https:\/\/linkedin.com\/shareArticle?mini=true&#038;title=Conforman%20Mesa%20de%20Coordinaci%C3%B3n%20para%20acercar%20apoyos%20laborales%20a%20mujeres%20de%20la%20regi%C3%B3n&#038;url=https:\/\/radiorevelacionfm.cl\/?p=44270' aria-hidden='false' data-av_icon='\ue8fc' data-av_iconfont='entypo-fontello' title='' data-avia-related-tooltip='Compartir en LinkedIn' rel=\"noopener\"><span class='avia_hidden_link_text'>Compartir en LinkedIn<\/span><\/a><\/li><li class='av-share-link av-social-link-mail' ><a  aria-label=\"Compartir por correo\" href='mailto:?subject=Conforman%20Mesa%20de%20Coordinaci%C3%B3n%20para%20acercar%20apoyos%20laborales%20a%20mujeres%20de%20la%20regi%C3%B3n&#038;body=https:\/\/radiorevelacionfm.cl\/?p=44270' aria-hidden='false' data-av_icon='\ue805' data-av_iconfont='entypo-fontello' title='' data-avia-related-tooltip='Compartir por correo'><span class='avia_hidden_link_text'>Compartir por correo<\/span><\/a><\/li><\/ul><\/div><\/div>\n<div  style='height:50px' class='hr hr-invisible   avia-builder-el-8  el_after_av_social_share  el_before_av_comments_list '><span class='hr-inner ' ><span class='hr-inner-style'><\/span><\/span><\/div>\n<div  class='av-buildercomment  av-blog-meta-html-info-disabled av-blog-meta-tag-disabled  '><\/div>\n","protected":false},"excerpt":{"rendered":"","protected":false},"author":1,"featured_media":44271,"comment_status":"open","ping_status":"open","sticky":false,"template":"","format":"standard","meta":{"footnotes":""},"categories":[38],"tags":[],"class_list":["post-44270","post","type-post","status-publish","format-standard","has-post-thumbnail","hentry","category-regional"],"jetpack_featured_media_url":"https:\/\/radiorevelacionfm.cl\/wp-content\/uploads\/2024\/07\/mesa-trabajo-y-genero-1-1-1_optimized.jpeg","_links":{"self":[{"href":"https:\/\/radiorevelacionfm.cl\/index.php?rest_route=\/wp\/v2\/posts\/44270","targetHints":{"allow":["GET"]}}],"collection":[{"href":"https:\/\/radiorevelacionfm.cl\/index.php?rest_route=\/wp\/v2\/posts"}],"about":[{"href":"https:\/\/radiorevelacionfm.cl\/index.php?rest_route=\/wp\/v2\/types\/post"}],"author":[{"embeddable":true,"href":"https:\/\/radiorevelacionfm.cl\/index.php?rest_route=\/wp\/v2\/users\/1"}],"replies":[{"embeddable":true,"href":"https:\/\/radiorevelacionfm.cl\/index.php?rest_route=%2Fwp%2Fv2%2Fcomments&post=44270"}],"version-history":[{"count":1,"href":"https:\/\/radiorevelacionfm.cl\/index.php?rest_route=\/wp\/v2\/posts\/44270\/revisions"}],"predecessor-version":[{"id":44272,"href":"https:\/\/radiorevelacionfm.cl\/index.php?rest_route=\/wp\/v2\/posts\/44270\/revisions\/44272"}],"wp:featuredmedia":[{"embeddable":true,"href":"https:\/\/radiorevelacionfm.cl\/index.php?rest_route=\/wp\/v2\/media\/44271"}],"wp:attachment":[{"href":"https:\/\/radiorevelacionfm.cl\/index.php?rest_route=%2Fwp%2Fv2%2Fmedia&parent=44270"}],"wp:term":[{"taxonomy":"category","embeddable":true,"href":"https:\/\/radiorevelacionfm.cl\/index.php?rest_route=%2Fwp%2Fv2%2Fcategories&post=44270"},{"taxonomy":"post_tag","embeddable":true,"href":"https:\/\/radiorevelacionfm.cl\/index.php?rest_route=%2Fwp%2Fv2%2Ftags&post=44270"}],"curies":[{"name":"wp","href":"https:\/\/api.w.org\/{rel}","templated":true}]}}