{"id":44268,"date":"2024-07-18T19:13:00","date_gmt":"2024-07-18T22:13:00","guid":{"rendered":"https:\/\/radiorevelacionfm.cl\/?p=44268"},"modified":"2024-07-18T19:13:00","modified_gmt":"2024-07-18T22:13:00","slug":"formalizan-investigacion-contra-tres-imputados-por-intentar-atropellar-a-carabineros-de-puerto-aysen-y-otros-delitos","status":"publish","type":"post","link":"https:\/\/radiorevelacionfm.cl\/?p=44268","title":{"rendered":"Formalizan investigaci\u00f3n contra tres imputados por intentar atropellar a Carabineros de Puerto Ays\u00e9n y otros delitos"},"content":{"rendered":"<div class=\"flex_column av_one_full  flex_column_div av-zero-column-padding first  avia-builder-el-0  el_before_av_one_full  avia-builder-el-first  \" style='border-radius:0px; '><div  class='avia-image-container  av-styling-    avia-builder-el-1  avia-builder-el-no-sibling  avia-align-center '  itemprop=\"image\" itemscope=\"itemscope\" itemtype=\"https:\/\/schema.org\/ImageObject\"  ><div class='avia-image-container-inner'><div class='avia-image-overlay-wrap'><img decoding=\"async\" class='wp-image-43800 avia-img-lazy-loading-not-43800 avia_image' src=\"https:\/\/radiorevelacionfm.cl\/wp-content\/uploads\/2024\/07\/Pedro-Poblete_2024_b-1-1.jpg\" alt='' title='Pedro-Poblete_2024_b (1) (1)' height=\"600\" width=\"900\"  itemprop=\"thumbnailUrl\" srcset=\"https:\/\/radiorevelacionfm.cl\/wp-content\/uploads\/2024\/07\/Pedro-Poblete_2024_b-1-1.jpg 900w, https:\/\/radiorevelacionfm.cl\/wp-content\/uploads\/2024\/07\/Pedro-Poblete_2024_b-1-1-300x200.jpg 300w, https:\/\/radiorevelacionfm.cl\/wp-content\/uploads\/2024\/07\/Pedro-Poblete_2024_b-1-1-768x512.jpg 768w, https:\/\/radiorevelacionfm.cl\/wp-content\/uploads\/2024\/07\/Pedro-Poblete_2024_b-1-1-705x470.jpg 705w, https:\/\/radiorevelacionfm.cl\/wp-content\/uploads\/2024\/07\/Pedro-Poblete_2024_b-1-1-450x300.jpg 450w, https:\/\/radiorevelacionfm.cl\/wp-content\/uploads\/2024\/07\/Pedro-Poblete_2024_b-1-1-600x400.jpg 600w\" sizes=\"(max-width: 900px) 100vw, 900px\" \/><\/div><\/div><\/div><\/div><div class=\"flex_column av_one_full  flex_column_div av-zero-column-padding first  avia-builder-el-2  el_after_av_one_full  el_before_av_one_full  column-top-margin\" style='border-radius:0px; '><section class=\"av_textblock_section \"  itemscope=\"itemscope\" itemtype=\"https:\/\/schema.org\/BlogPosting\" itemprop=\"blogPost\" ><div class='avia_textblock  '   itemprop=\"text\" ><p style=\"text-align: center;\"><span style=\"font-size: 18pt;\"><strong>Formalizan investigaci\u00f3n contra tres imputados por intentar atropellar a Carabineros de Puerto Ays\u00e9n y otros delitos<\/strong><\/span><\/p>\n<div id=\"gtx-trans\" style=\"position: absolute; left: -50px; top: 4.31534px;\">\n<div class=\"gtx-trans-icon\"><\/div>\n<\/div>\n<\/div><\/section><\/div><div class=\"flex_column av_one_full  flex_column_div av-zero-column-padding first  avia-builder-el-4  el_after_av_one_full  el_before_av_hr  column-top-margin\" style='border-radius:0px; '><section class=\"av_textblock_section \"  itemscope=\"itemscope\" itemtype=\"https:\/\/schema.org\/BlogPosting\" itemprop=\"blogPost\" ><div class='avia_textblock  '   itemprop=\"text\" ><p style=\"font-weight: 400; text-align: justify;\"><em>Uno de los imputados, de 22 a\u00f1os, fue puesto en prisi\u00f3n preventiva debido a una orden de detenci\u00f3n vigente en su contra, por el delito de lesiones graves.<\/em><\/p>\n<p style=\"font-weight: 400; text-align: justify;\">La Fiscal\u00eda Local de Ays\u00e9n formaliz\u00f3 una investigaci\u00f3n en contra de tres imputados, dos hombres y una mujer, por diferentes delitos ocurridos la madrugada de este martes en dicha comuna, entre los que se incluye el intento de atropellar a Carabineros de la Segunda Comisar\u00eda de Ays\u00e9n.<\/p>\n<p style=\"font-weight: 400; text-align: justify;\">Seg\u00fan explic\u00f3 el fiscal jefe de Ays\u00e9n, Pedro Poblete, \u201cla Fiscal\u00eda Local de Ays\u00e9n se encuentra investigando un delito de conducci\u00f3n en estado de ebriedad y atentado contra la autoridad. Esto sucedi\u00f3 en el sector de calle Los Cipreses con Kalstrom, durante la madrugada, oportunidad en que Carabineros se encontraba desplegado realizando funciones de fiscalizaci\u00f3n por un accidente de tr\u00e1nsito que hab\u00eda ocurrido precedentemente\u201d.<\/p>\n<p style=\"font-weight: 400; text-align: justify;\">En dicho contexto, a\u00f1adi\u00f3 el fiscal Poblete, Carabineros efect\u00faa una fiscalizaci\u00f3n al veh\u00edculo donde se trasladaban los imputados, \u201cante la cual se resiste el conductor, abalanz\u00e1ndose con el veh\u00edculo contra el personal policial. Afortunadamente, no existieron personas lesionadas en esta maniobra\u201d, explic\u00f3 el fiscal Poblete.<\/p>\n<p style=\"font-weight: 400; text-align: justify;\">\u201cEllos retroceden y chocan contra otro veh\u00edculo que impacta con un poste del tendido p\u00fablico. Producto de esta situaci\u00f3n, se detuvo a tres personas uno de ellos el conductor del veh\u00edculo, como autor del delito de conducci\u00f3n en estado de ebriedad y tambi\u00e9n de atentado contra la autoridad, toda vez que Carabineros estaba debidamente realizando sus labores reglamentarias con sus uniformes, con veh\u00edculo policial, con las balizas encendidas y puso en riesgo la integridad f\u00edsica de los funcionarios, precisamente para evitar que estos desarrollaran sus labores\u201d, a\u00f1adi\u00f3 el persecutor penal.<\/p>\n<p style=\"font-weight: 400; text-align: justify;\">\u201cAl fiscalizar el veh\u00edculo pudieron percatarse que una de las personas, el acompa\u00f1ante, manten\u00eda una orden de detenci\u00f3n pendiente de un tribunal de Puerto Montt (por el delito de lesiones graves), como tambi\u00e9n encontraron al interior del habit\u00e1culo, especies utilizadas habitualmente en la comisi\u00f3n de delitos de robo, tales como una m\u00e1scara, una pistola, balines y tambi\u00e9n un martillo, raz\u00f3n por la cual los tres ocupantes del veh\u00edculo fueron detenidos y puesto a disposici\u00f3n del Tribunal de Garant\u00eda\u201d, finaliz\u00f3 el fiscal jefe de Ays\u00e9n.<\/p>\n<p style=\"font-weight: 400; text-align: justify;\">En este caso, el imputado con la orden de aprehensi\u00f3n pendiente, de 22 a\u00f1os, qued\u00f3 en prisi\u00f3n preventiva y el conductor del veh\u00edculo, de 20 a\u00f1os, fue sometido a las medidas cautelares de suspensi\u00f3n de licencia de conducir, arraigo nacional y prohibici\u00f3n de acercamiento a Carabineros. La imputada que los acompa\u00f1aba, de 28 a\u00f1os, qued\u00f3 con arraigo nacional mientras se desarrolla la investigaci\u00f3n, cuyo plazo fue fijado en 90 d\u00edas.<\/p>\n<\/div><\/section><\/div><div  style='height:50px' class='hr hr-invisible   avia-builder-el-6  el_after_av_one_full  el_before_av_social_share '><span class='hr-inner ' ><span class='hr-inner-style'><\/span><\/span><\/div><\/p>\n<div  class='av-social-sharing-box  avia-builder-el-7  el_after_av_hr  el_before_av_hr  '><div class='av-share-box'><h5 class='av-share-link-description av-no-toc '>Compartir esta noticia<\/h5><ul class='av-share-box-list noLightbox'><li class='av-share-link av-social-link-facebook' ><a target=\"_blank\" aria-label=\"Compartir en Facebook\" href='https:\/\/www.facebook.com\/sharer.php?u=https:\/\/radiorevelacionfm.cl\/?p=44268&#038;t=Formalizan%20investigaci%C3%B3n%20contra%20tres%20imputados%20por%20intentar%20atropellar%20a%20Carabineros%20de%20Puerto%20Ays%C3%A9n%20y%20otros%20delitos' aria-hidden='false' data-av_icon='\ue8f3' data-av_iconfont='entypo-fontello' title='' data-avia-related-tooltip='Compartir en Facebook' rel=\"noopener\"><span class='avia_hidden_link_text'>Compartir en Facebook<\/span><\/a><\/li><li class='av-share-link av-social-link-twitter' ><a target=\"_blank\" aria-label=\"Compartir en Twitter\" href='https:\/\/twitter.com\/share?text=Formalizan%20investigaci%C3%B3n%20contra%20tres%20imputados%20por%20intentar%20atropellar%20a%20Carabineros%20de%20Puerto%20Ays%C3%A9n%20y%20otros%20delitos&#038;url=https:\/\/radiorevelacionfm.cl\/?p=44268' aria-hidden='false' data-av_icon='\ue8f1' data-av_iconfont='entypo-fontello' title='' data-avia-related-tooltip='Compartir en Twitter' rel=\"noopener\"><span class='avia_hidden_link_text'>Compartir en Twitter<\/span><\/a><\/li><li class='av-share-link av-social-link-whatsapp' ><a target=\"_blank\" aria-label=\"Compartir en Whatsapp\" href='https:\/\/api.whatsapp.com\/send?text=https:\/\/radiorevelacionfm.cl\/?p=44268' aria-hidden='false' data-av_icon='\uf232' data-av_iconfont='entypo-fontello' title='' data-avia-related-tooltip='Compartir en Whatsapp' rel=\"noopener\"><span class='avia_hidden_link_text'>Compartir en Whatsapp<\/span><\/a><\/li><li class='av-share-link av-social-link-linkedin' ><a target=\"_blank\" aria-label=\"Compartir en LinkedIn\" href='https:\/\/linkedin.com\/shareArticle?mini=true&#038;title=Formalizan%20investigaci%C3%B3n%20contra%20tres%20imputados%20por%20intentar%20atropellar%20a%20Carabineros%20de%20Puerto%20Ays%C3%A9n%20y%20otros%20delitos&#038;url=https:\/\/radiorevelacionfm.cl\/?p=44268' aria-hidden='false' data-av_icon='\ue8fc' data-av_iconfont='entypo-fontello' title='' data-avia-related-tooltip='Compartir en LinkedIn' rel=\"noopener\"><span class='avia_hidden_link_text'>Compartir en LinkedIn<\/span><\/a><\/li><li class='av-share-link av-social-link-mail' ><a  aria-label=\"Compartir por correo\" href='mailto:?subject=Formalizan%20investigaci%C3%B3n%20contra%20tres%20imputados%20por%20intentar%20atropellar%20a%20Carabineros%20de%20Puerto%20Ays%C3%A9n%20y%20otros%20delitos&#038;body=https:\/\/radiorevelacionfm.cl\/?p=44268' aria-hidden='false' data-av_icon='\ue805' data-av_iconfont='entypo-fontello' title='' data-avia-related-tooltip='Compartir por correo'><span class='avia_hidden_link_text'>Compartir por correo<\/span><\/a><\/li><\/ul><\/div><\/div>\n<div  style='height:50px' class='hr hr-invisible   avia-builder-el-8  el_after_av_social_share  el_before_av_comments_list '><span class='hr-inner ' ><span class='hr-inner-style'><\/span><\/span><\/div>\n<div  class='av-buildercomment  av-blog-meta-html-info-disabled av-blog-meta-tag-disabled  '><\/div>\n","protected":false},"excerpt":{"rendered":"","protected":false},"author":1,"featured_media":43800,"comment_status":"open","ping_status":"open","sticky":false,"template":"","format":"standard","meta":{"footnotes":""},"categories":[55],"tags":[],"class_list":["post-44268","post","type-post","status-publish","format-standard","has-post-thumbnail","hentry","category-justicia"],"jetpack_featured_media_url":"https:\/\/radiorevelacionfm.cl\/wp-content\/uploads\/2024\/07\/Pedro-Poblete_2024_b-1-1.jpg","_links":{"self":[{"href":"https:\/\/radiorevelacionfm.cl\/index.php?rest_route=\/wp\/v2\/posts\/44268","targetHints":{"allow":["GET"]}}],"collection":[{"href":"https:\/\/radiorevelacionfm.cl\/index.php?rest_route=\/wp\/v2\/posts"}],"about":[{"href":"https:\/\/radiorevelacionfm.cl\/index.php?rest_route=\/wp\/v2\/types\/post"}],"author":[{"embeddable":true,"href":"https:\/\/radiorevelacionfm.cl\/index.php?rest_route=\/wp\/v2\/users\/1"}],"replies":[{"embeddable":true,"href":"https:\/\/radiorevelacionfm.cl\/index.php?rest_route=%2Fwp%2Fv2%2Fcomments&post=44268"}],"version-history":[{"count":1,"href":"https:\/\/radiorevelacionfm.cl\/index.php?rest_route=\/wp\/v2\/posts\/44268\/revisions"}],"predecessor-version":[{"id":44269,"href":"https:\/\/radiorevelacionfm.cl\/index.php?rest_route=\/wp\/v2\/posts\/44268\/revisions\/44269"}],"wp:featuredmedia":[{"embeddable":true,"href":"https:\/\/radiorevelacionfm.cl\/index.php?rest_route=\/wp\/v2\/media\/43800"}],"wp:attachment":[{"href":"https:\/\/radiorevelacionfm.cl\/index.php?rest_route=%2Fwp%2Fv2%2Fmedia&parent=44268"}],"wp:term":[{"taxonomy":"category","embeddable":true,"href":"https:\/\/radiorevelacionfm.cl\/index.php?rest_route=%2Fwp%2Fv2%2Fcategories&post=44268"},{"taxonomy":"post_tag","embeddable":true,"href":"https:\/\/radiorevelacionfm.cl\/index.php?rest_route=%2Fwp%2Fv2%2Ftags&post=44268"}],"curies":[{"name":"wp","href":"https:\/\/api.w.org\/{rel}","templated":true}]}}