{"id":44265,"date":"2024-07-19T16:02:03","date_gmt":"2024-07-19T19:02:03","guid":{"rendered":"https:\/\/radiorevelacionfm.cl\/?p=44265"},"modified":"2024-07-19T16:02:03","modified_gmt":"2024-07-19T19:02:03","slug":"marcelo-santana-ante-hechos-de-violencia-y-delincuencia-es-el-problema-mas-critico-del-pais-y-no-veo-capacidad-de-respuesta","status":"publish","type":"post","link":"https:\/\/radiorevelacionfm.cl\/?p=44265","title":{"rendered":"Marcelo Santana ante hechos de violencia y delincuencia: \u201cEs el problema m\u00e1s cr\u00edtico del pa\u00eds y no veo capacidad de respuesta\u201d"},"content":{"rendered":"<div class=\"flex_column av_one_full  flex_column_div av-zero-column-padding first  avia-builder-el-0  el_before_av_one_full  avia-builder-el-first  \" style='border-radius:0px; '><div  class='avia-image-container  av-styling-    avia-builder-el-1  avia-builder-el-no-sibling  avia-align-center '  itemprop=\"image\" itemscope=\"itemscope\" itemtype=\"https:\/\/schema.org\/ImageObject\"  ><div class='avia-image-container-inner'><div class='avia-image-overlay-wrap'><img decoding=\"async\" class='wp-image-44266 avia-img-lazy-loading-not-44266 avia_image' src=\"https:\/\/radiorevelacionfm.cl\/wp-content\/uploads\/2024\/07\/MSV-1-1.jpg\" alt='' title='MSV (1) (1)' height=\"600\" width=\"825\"  itemprop=\"thumbnailUrl\" srcset=\"https:\/\/radiorevelacionfm.cl\/wp-content\/uploads\/2024\/07\/MSV-1-1.jpg 825w, https:\/\/radiorevelacionfm.cl\/wp-content\/uploads\/2024\/07\/MSV-1-1-300x218.jpg 300w, https:\/\/radiorevelacionfm.cl\/wp-content\/uploads\/2024\/07\/MSV-1-1-768x559.jpg 768w, https:\/\/radiorevelacionfm.cl\/wp-content\/uploads\/2024\/07\/MSV-1-1-705x513.jpg 705w, https:\/\/radiorevelacionfm.cl\/wp-content\/uploads\/2024\/07\/MSV-1-1-450x327.jpg 450w, https:\/\/radiorevelacionfm.cl\/wp-content\/uploads\/2024\/07\/MSV-1-1-600x436.jpg 600w\" sizes=\"(max-width: 825px) 100vw, 825px\" \/><\/div><\/div><\/div><\/div><div class=\"flex_column av_one_full  flex_column_div av-zero-column-padding first  avia-builder-el-2  el_after_av_one_full  el_before_av_one_full  column-top-margin\" style='border-radius:0px; '><section class=\"av_textblock_section \"  itemscope=\"itemscope\" itemtype=\"https:\/\/schema.org\/BlogPosting\" itemprop=\"blogPost\" ><div class='avia_textblock  '   itemprop=\"text\" ><p style=\"text-align: center;\"><strong><span style=\"font-size: 18pt;\">Marcelo Santana ante hechos de violencia y delincuencia: \u201cEs el problema m\u00e1s cr\u00edtico del pa\u00eds y no veo capacidad de respuesta\u201d<\/span><\/strong><\/p>\n<div id=\"gtx-trans\" style=\"position: absolute; left: -50px; top: 4.31534px;\">\n<div class=\"gtx-trans-icon\"><\/div>\n<\/div>\n<\/div><\/section><\/div><div class=\"flex_column av_one_full  flex_column_div av-zero-column-padding first  avia-builder-el-4  el_after_av_one_full  el_before_av_hr  column-top-margin\" style='border-radius:0px; '><section class=\"av_textblock_section \"  itemscope=\"itemscope\" itemtype=\"https:\/\/schema.org\/BlogPosting\" itemprop=\"blogPost\" ><div class='avia_textblock  '   itemprop=\"text\" ><p style=\"text-align: justify;\">El actual candidato a Gobernador Regional del pacto Chile Vamos, Marcelo Santana, se refiri\u00f3 a la ola delictual que vive el pa\u00eds durante las \u00faltimas semanas y donde la Regi\u00f3n de Ays\u00e9n no ha estado ajena a este tipo de hechos.<\/p>\n<p style=\"text-align: justify;\">\u201cHoy nuestro pa\u00eds vive condiciones nunca vistas en t\u00e9rminos de delitos violentos y de connotaci\u00f3n social como lo son los homicidios, con 17 muertos en cuatro d\u00edas. Son cifras propias de pa\u00edses donde el narcotr\u00e1fico es el que reina y que, lamentablemente, desde el gobierno no se vislumbran respuestas adecuadas para el problema m\u00e1s cr\u00edtico que vive el pa\u00eds\u201d, explic\u00f3 Marcelo Santana Vargas.<\/p>\n<p style=\"text-align: justify;\">Asimismo, agreg\u00f3 que \u201cen nuestra regi\u00f3n tambi\u00e9n tenemos una gran preocupaci\u00f3n por la seguridad p\u00fablica, debido al incremento de un 20% en los robos con intimidaci\u00f3n y en los robos con violencia, que han aumentado en un 75%, en comparaci\u00f3n con el a\u00f1o 2022\u201d, detall\u00f3.<\/p>\n<p style=\"text-align: justify;\">Santana expuso tambi\u00e9n que \u201cen Coyhaique, lastimosamente, se han vuelto comunes y se han normalizado los robos con intimidaci\u00f3n y el uso de armas de fuego. Sin embargo, ante esta nueva y cruda realidad, no vemos respuestas apropiadas en la capital regional, s\u00f3lo un 63% del sistema de c\u00e1maras de televigilancia est\u00e1 en funcionamiento, no existe una sensaci\u00f3n de aumento del patrullaje en poblaciones y villas, y los recursos de inversi\u00f3n, como los recientemente aprobados por el Gobierno Regional, no se han orientado a iniciativas que permitan combatir la delincuencia en los barrios donde est\u00e1n ocurriendo los hechos delictuales m\u00e1s frecuentes, al contrario, lo que ve en la regi\u00f3n es improvisaci\u00f3n y respuestas muy poco relacionadas con los principales hechos de violencia que atemorizan a nuestros vecinos\u201d.<\/p>\n<p style=\"text-align: justify;\">Finalmente, Santana indic\u00f3 que desde su gesti\u00f3n program\u00e1tica el Gobierno Regional impulsar\u00e1 un sistema integrado de seguridad para la regi\u00f3n y que ya se encuentra trabajando con su equipo, en propuestas robustas de iniciativas y proyectos, encabezadas con profesionales id\u00f3neos y con un trabajo directo con los municipios y dirigentes comunitarios\u201d, agregando que \u201cse requiere liderazgo y gesti\u00f3n firme para conseguir resultados\u201d, enfatiz\u00f3 el candidato a Gobernador Regional.<\/p>\n<\/div><\/section><\/div><div  style='height:50px' class='hr hr-invisible   avia-builder-el-6  el_after_av_one_full  el_before_av_social_share '><span class='hr-inner ' ><span class='hr-inner-style'><\/span><\/span><\/div><\/p>\n<div  class='av-social-sharing-box  avia-builder-el-7  el_after_av_hr  el_before_av_hr  '><div class='av-share-box'><h5 class='av-share-link-description av-no-toc '>Compartir esta noticia<\/h5><ul class='av-share-box-list noLightbox'><li class='av-share-link av-social-link-facebook' ><a target=\"_blank\" aria-label=\"Compartir en Facebook\" href='https:\/\/www.facebook.com\/sharer.php?u=https:\/\/radiorevelacionfm.cl\/?p=44265&#038;t=Marcelo%20Santana%20ante%20hechos%20de%20violencia%20y%20delincuencia%3A%20%E2%80%9CEs%20el%20problema%20m%C3%A1s%20cr%C3%ADtico%20del%20pa%C3%ADs%20y%20no%20veo%20capacidad%20de%20respuesta%E2%80%9D' aria-hidden='false' data-av_icon='\ue8f3' data-av_iconfont='entypo-fontello' title='' data-avia-related-tooltip='Compartir en Facebook' rel=\"noopener\"><span class='avia_hidden_link_text'>Compartir en Facebook<\/span><\/a><\/li><li class='av-share-link av-social-link-twitter' ><a target=\"_blank\" aria-label=\"Compartir en Twitter\" href='https:\/\/twitter.com\/share?text=Marcelo%20Santana%20ante%20hechos%20de%20violencia%20y%20delincuencia%3A%20%E2%80%9CEs%20el%20problema%20m%C3%A1s%20cr%C3%ADtico%20del%20pa%C3%ADs%20y%20no%20veo%20capacidad%20de%20respuesta%E2%80%9D&#038;url=https:\/\/radiorevelacionfm.cl\/?p=44265' aria-hidden='false' data-av_icon='\ue8f1' data-av_iconfont='entypo-fontello' title='' data-avia-related-tooltip='Compartir en Twitter' rel=\"noopener\"><span class='avia_hidden_link_text'>Compartir en Twitter<\/span><\/a><\/li><li class='av-share-link av-social-link-whatsapp' ><a target=\"_blank\" aria-label=\"Compartir en Whatsapp\" href='https:\/\/api.whatsapp.com\/send?text=https:\/\/radiorevelacionfm.cl\/?p=44265' aria-hidden='false' data-av_icon='\uf232' data-av_iconfont='entypo-fontello' title='' data-avia-related-tooltip='Compartir en Whatsapp' rel=\"noopener\"><span class='avia_hidden_link_text'>Compartir en Whatsapp<\/span><\/a><\/li><li class='av-share-link av-social-link-linkedin' ><a target=\"_blank\" aria-label=\"Compartir en LinkedIn\" href='https:\/\/linkedin.com\/shareArticle?mini=true&#038;title=Marcelo%20Santana%20ante%20hechos%20de%20violencia%20y%20delincuencia%3A%20%E2%80%9CEs%20el%20problema%20m%C3%A1s%20cr%C3%ADtico%20del%20pa%C3%ADs%20y%20no%20veo%20capacidad%20de%20respuesta%E2%80%9D&#038;url=https:\/\/radiorevelacionfm.cl\/?p=44265' aria-hidden='false' data-av_icon='\ue8fc' data-av_iconfont='entypo-fontello' title='' data-avia-related-tooltip='Compartir en LinkedIn' rel=\"noopener\"><span class='avia_hidden_link_text'>Compartir en LinkedIn<\/span><\/a><\/li><li class='av-share-link av-social-link-mail' ><a  aria-label=\"Compartir por correo\" href='mailto:?subject=Marcelo%20Santana%20ante%20hechos%20de%20violencia%20y%20delincuencia%3A%20%E2%80%9CEs%20el%20problema%20m%C3%A1s%20cr%C3%ADtico%20del%20pa%C3%ADs%20y%20no%20veo%20capacidad%20de%20respuesta%E2%80%9D&#038;body=https:\/\/radiorevelacionfm.cl\/?p=44265' aria-hidden='false' data-av_icon='\ue805' data-av_iconfont='entypo-fontello' title='' data-avia-related-tooltip='Compartir por correo'><span class='avia_hidden_link_text'>Compartir por correo<\/span><\/a><\/li><\/ul><\/div><\/div>\n<div  style='height:50px' class='hr hr-invisible   avia-builder-el-8  el_after_av_social_share  el_before_av_comments_list '><span class='hr-inner ' ><span class='hr-inner-style'><\/span><\/span><\/div>\n<div  class='av-buildercomment  av-blog-meta-html-info-disabled av-blog-meta-tag-disabled  '><\/div>\n","protected":false},"excerpt":{"rendered":"","protected":false},"author":1,"featured_media":44266,"comment_status":"open","ping_status":"open","sticky":false,"template":"","format":"standard","meta":{"footnotes":""},"categories":[35],"tags":[],"class_list":["post-44265","post","type-post","status-publish","format-standard","has-post-thumbnail","hentry","category-politica"],"jetpack_featured_media_url":"https:\/\/radiorevelacionfm.cl\/wp-content\/uploads\/2024\/07\/MSV-1-1.jpg","_links":{"self":[{"href":"https:\/\/radiorevelacionfm.cl\/index.php?rest_route=\/wp\/v2\/posts\/44265","targetHints":{"allow":["GET"]}}],"collection":[{"href":"https:\/\/radiorevelacionfm.cl\/index.php?rest_route=\/wp\/v2\/posts"}],"about":[{"href":"https:\/\/radiorevelacionfm.cl\/index.php?rest_route=\/wp\/v2\/types\/post"}],"author":[{"embeddable":true,"href":"https:\/\/radiorevelacionfm.cl\/index.php?rest_route=\/wp\/v2\/users\/1"}],"replies":[{"embeddable":true,"href":"https:\/\/radiorevelacionfm.cl\/index.php?rest_route=%2Fwp%2Fv2%2Fcomments&post=44265"}],"version-history":[{"count":1,"href":"https:\/\/radiorevelacionfm.cl\/index.php?rest_route=\/wp\/v2\/posts\/44265\/revisions"}],"predecessor-version":[{"id":44267,"href":"https:\/\/radiorevelacionfm.cl\/index.php?rest_route=\/wp\/v2\/posts\/44265\/revisions\/44267"}],"wp:featuredmedia":[{"embeddable":true,"href":"https:\/\/radiorevelacionfm.cl\/index.php?rest_route=\/wp\/v2\/media\/44266"}],"wp:attachment":[{"href":"https:\/\/radiorevelacionfm.cl\/index.php?rest_route=%2Fwp%2Fv2%2Fmedia&parent=44265"}],"wp:term":[{"taxonomy":"category","embeddable":true,"href":"https:\/\/radiorevelacionfm.cl\/index.php?rest_route=%2Fwp%2Fv2%2Fcategories&post=44265"},{"taxonomy":"post_tag","embeddable":true,"href":"https:\/\/radiorevelacionfm.cl\/index.php?rest_route=%2Fwp%2Fv2%2Ftags&post=44265"}],"curies":[{"name":"wp","href":"https:\/\/api.w.org\/{rel}","templated":true}]}}