{"id":44263,"date":"2024-07-18T18:30:56","date_gmt":"2024-07-18T21:30:56","guid":{"rendered":"https:\/\/radiorevelacionfm.cl\/?p=44263"},"modified":"2024-07-18T18:30:56","modified_gmt":"2024-07-18T21:30:56","slug":"vacaciones-de-invierno-centro-cultural-museo-regional-y-biblioteca-presentan-su-cartelera","status":"publish","type":"post","link":"https:\/\/radiorevelacionfm.cl\/?p=44263","title":{"rendered":"Vacaciones de invierno: Centro Cultural, Museo Regional y Biblioteca presentan su cartelera"},"content":{"rendered":"<div class=\"flex_column av_one_full  flex_column_div av-zero-column-padding first  avia-builder-el-0  el_before_av_one_full  avia-builder-el-first  \" style='border-radius:0px; '><div  class='avia-image-container  av-styling-    avia-builder-el-1  avia-builder-el-no-sibling  avia-align-center '  itemprop=\"image\" itemscope=\"itemscope\" itemtype=\"https:\/\/schema.org\/ImageObject\"  ><div class='avia-image-container-inner'><div class='avia-image-overlay-wrap'><img decoding=\"async\" class='wp-image-38964 avia-img-lazy-loading-not-38964 avia_image' src=\"https:\/\/radiorevelacionfm.cl\/wp-content\/uploads\/2024\/01\/museo-4-1_optimized.jpg\" alt='' title='museo-4-(1)_optimized' height=\"600\" width=\"900\"  itemprop=\"thumbnailUrl\" srcset=\"https:\/\/radiorevelacionfm.cl\/wp-content\/uploads\/2024\/01\/museo-4-1_optimized.jpg 900w, https:\/\/radiorevelacionfm.cl\/wp-content\/uploads\/2024\/01\/museo-4-1_optimized-300x200.jpg 300w, https:\/\/radiorevelacionfm.cl\/wp-content\/uploads\/2024\/01\/museo-4-1_optimized-768x512.jpg 768w, https:\/\/radiorevelacionfm.cl\/wp-content\/uploads\/2024\/01\/museo-4-1_optimized-705x470.jpg 705w, https:\/\/radiorevelacionfm.cl\/wp-content\/uploads\/2024\/01\/museo-4-1_optimized-450x300.jpg 450w, https:\/\/radiorevelacionfm.cl\/wp-content\/uploads\/2024\/01\/museo-4-1_optimized-600x400.jpg 600w\" sizes=\"(max-width: 900px) 100vw, 900px\" \/><\/div><\/div><\/div><\/div><div class=\"flex_column av_one_full  flex_column_div av-zero-column-padding first  avia-builder-el-2  el_after_av_one_full  el_before_av_one_full  column-top-margin\" style='border-radius:0px; '><section class=\"av_textblock_section \"  itemscope=\"itemscope\" itemtype=\"https:\/\/schema.org\/BlogPosting\" itemprop=\"blogPost\" ><div class='avia_textblock  '   itemprop=\"text\" ><p style=\"text-align: center;\"><span style=\"font-size: 18pt;\"><b>Vacaciones de invierno: Centro Cultural, Museo Regional y Biblioteca presentan su cartelera<\/b><\/span><\/p>\n<div id=\"gtx-trans\" style=\"position: absolute; left: -50px; top: 4.31534px;\">\n<div class=\"gtx-trans-icon\"><\/div>\n<\/div>\n<\/div><\/section><\/div><div class=\"flex_column av_one_full  flex_column_div av-zero-column-padding first  avia-builder-el-4  el_after_av_one_full  el_before_av_hr  column-top-margin\" style='border-radius:0px; '><section class=\"av_textblock_section \"  itemscope=\"itemscope\" itemtype=\"https:\/\/schema.org\/BlogPosting\" itemprop=\"blogPost\" ><div class='avia_textblock  '   itemprop=\"text\" ><p style=\"text-align: justify;\"><em>Frente al mito de que en invierno la cultura es solo puertas adentro, diversas instituciones de Coyhaique presentaron su cartelera de actividades para estas vacaciones de invierno.<\/em><\/p>\n<p style=\"text-align: justify;\">El Museo Regional de Ays\u00e9n est\u00e1 desarrollando talleres invernales de rob\u00f3tica, telar y avistamiento de aves. El director de la instituci\u00f3n, Gustavo Saldivia, cont\u00f3 que la respuesta ha sido muy favorable: \u00abEstamos con mucho entusiasmo. Est\u00e1n tambi\u00e9n nuestras dos exposiciones permanentes abiertas siempre. Adem\u00e1s, sigue abierta una exposici\u00f3n fotogr\u00e1fica sobre Puerto Ays\u00e9n y en Cocina de Peones tenemos la exposici\u00f3n Pensar el Cielo de la organizaci\u00f3n Mujer Austral de Ra\u00fal Mar\u00edn Balmaceda que es muy recomendable. Desde la pr\u00f3xima semana, est\u00e9n atentos a nuestras redes sociales porque vamos a tener tardes entretenidas en el museo con actividades familiares de cuatro a seis de la tarde\u201d.<\/p>\n<p style=\"text-align: justify;\">Acerca de las mejoras del edificio de Museo Regional de Ays\u00e9n, su director coment\u00f3 que los nuevos estacionamientos ya est\u00e1n 100% operativos, pavimentados, al igual que las nuevas pasarelas interiores, lo que facilita los accesos y mejora la experiencia.<\/p>\n<p style=\"text-align: justify;\">Desde el Centro Cultural Coyhaique, su directora Carolina Pinochet dijo que \u201cseguimos con actividades de invierno, cortos en familia los d\u00edas mi\u00e9rcoles y viernes a las 5:30. El domingo abierto este mes ser\u00e1 el 28 de julio a las cuatro de la tarde con una obra de teatro clown. Pueden visitar nuestro Instagram y revisar la cartelera a trav\u00e9s del WhatsApp \u2018Los amigos de la Cultura\u2019\u201d.<\/p>\n<p style=\"text-align: justify;\">En el caso de la Biblioteca Regional de Ays\u00e9n, Shirley Lineros, de la Sala Infantil invit\u00f3 para \u201ceste lunes 22 de julio porque parte el taller de manualidades y la semana del 29 tenemos un taller de juegos de mesa que es despu\u00e9s de almuerzo. Es de 6 a 12 a\u00f1os. Tuvimos tambi\u00e9n un taller de telar, hicimos cine y hemos tenido cuentacuentos a las 4:30, eso lo hacemos todos los d\u00edas\u201d.<\/p>\n<\/div><\/section><\/div><div  style='height:50px' class='hr hr-invisible   avia-builder-el-6  el_after_av_one_full  el_before_av_social_share '><span class='hr-inner ' ><span class='hr-inner-style'><\/span><\/span><\/div><\/p>\n<div  class='av-social-sharing-box  avia-builder-el-7  el_after_av_hr  el_before_av_hr  '><div class='av-share-box'><h5 class='av-share-link-description av-no-toc '>Compartir esta noticia<\/h5><ul class='av-share-box-list noLightbox'><li class='av-share-link av-social-link-facebook' ><a target=\"_blank\" aria-label=\"Compartir en Facebook\" href='https:\/\/www.facebook.com\/sharer.php?u=https:\/\/radiorevelacionfm.cl\/?p=44263&#038;t=Vacaciones%20de%20invierno%3A%20Centro%20Cultural%2C%20Museo%20Regional%20y%20Biblioteca%20presentan%20su%20cartelera' aria-hidden='false' data-av_icon='\ue8f3' data-av_iconfont='entypo-fontello' title='' data-avia-related-tooltip='Compartir en Facebook' rel=\"noopener\"><span class='avia_hidden_link_text'>Compartir en Facebook<\/span><\/a><\/li><li class='av-share-link av-social-link-twitter' ><a target=\"_blank\" aria-label=\"Compartir en Twitter\" href='https:\/\/twitter.com\/share?text=Vacaciones%20de%20invierno%3A%20Centro%20Cultural%2C%20Museo%20Regional%20y%20Biblioteca%20presentan%20su%20cartelera&#038;url=https:\/\/radiorevelacionfm.cl\/?p=44263' aria-hidden='false' data-av_icon='\ue8f1' data-av_iconfont='entypo-fontello' title='' data-avia-related-tooltip='Compartir en Twitter' rel=\"noopener\"><span class='avia_hidden_link_text'>Compartir en Twitter<\/span><\/a><\/li><li class='av-share-link av-social-link-whatsapp' ><a target=\"_blank\" aria-label=\"Compartir en Whatsapp\" href='https:\/\/api.whatsapp.com\/send?text=https:\/\/radiorevelacionfm.cl\/?p=44263' aria-hidden='false' data-av_icon='\uf232' data-av_iconfont='entypo-fontello' title='' data-avia-related-tooltip='Compartir en Whatsapp' rel=\"noopener\"><span class='avia_hidden_link_text'>Compartir en Whatsapp<\/span><\/a><\/li><li class='av-share-link av-social-link-linkedin' ><a target=\"_blank\" aria-label=\"Compartir en LinkedIn\" href='https:\/\/linkedin.com\/shareArticle?mini=true&#038;title=Vacaciones%20de%20invierno%3A%20Centro%20Cultural%2C%20Museo%20Regional%20y%20Biblioteca%20presentan%20su%20cartelera&#038;url=https:\/\/radiorevelacionfm.cl\/?p=44263' aria-hidden='false' data-av_icon='\ue8fc' data-av_iconfont='entypo-fontello' title='' data-avia-related-tooltip='Compartir en LinkedIn' rel=\"noopener\"><span class='avia_hidden_link_text'>Compartir en LinkedIn<\/span><\/a><\/li><li class='av-share-link av-social-link-mail' ><a  aria-label=\"Compartir por correo\" href='mailto:?subject=Vacaciones%20de%20invierno%3A%20Centro%20Cultural%2C%20Museo%20Regional%20y%20Biblioteca%20presentan%20su%20cartelera&#038;body=https:\/\/radiorevelacionfm.cl\/?p=44263' aria-hidden='false' data-av_icon='\ue805' data-av_iconfont='entypo-fontello' title='' data-avia-related-tooltip='Compartir por correo'><span class='avia_hidden_link_text'>Compartir por correo<\/span><\/a><\/li><\/ul><\/div><\/div>\n<div  style='height:50px' class='hr hr-invisible   avia-builder-el-8  el_after_av_social_share  el_before_av_comments_list '><span class='hr-inner ' ><span class='hr-inner-style'><\/span><\/span><\/div>\n<div  class='av-buildercomment  av-blog-meta-html-info-disabled av-blog-meta-tag-disabled  '><\/div>\n","protected":false},"excerpt":{"rendered":"","protected":false},"author":1,"featured_media":38964,"comment_status":"open","ping_status":"open","sticky":false,"template":"","format":"standard","meta":{"footnotes":""},"categories":[52],"tags":[],"class_list":["post-44263","post","type-post","status-publish","format-standard","has-post-thumbnail","hentry","category-cultura"],"jetpack_featured_media_url":"https:\/\/radiorevelacionfm.cl\/wp-content\/uploads\/2024\/01\/museo-4-1_optimized.jpg","_links":{"self":[{"href":"https:\/\/radiorevelacionfm.cl\/index.php?rest_route=\/wp\/v2\/posts\/44263","targetHints":{"allow":["GET"]}}],"collection":[{"href":"https:\/\/radiorevelacionfm.cl\/index.php?rest_route=\/wp\/v2\/posts"}],"about":[{"href":"https:\/\/radiorevelacionfm.cl\/index.php?rest_route=\/wp\/v2\/types\/post"}],"author":[{"embeddable":true,"href":"https:\/\/radiorevelacionfm.cl\/index.php?rest_route=\/wp\/v2\/users\/1"}],"replies":[{"embeddable":true,"href":"https:\/\/radiorevelacionfm.cl\/index.php?rest_route=%2Fwp%2Fv2%2Fcomments&post=44263"}],"version-history":[{"count":1,"href":"https:\/\/radiorevelacionfm.cl\/index.php?rest_route=\/wp\/v2\/posts\/44263\/revisions"}],"predecessor-version":[{"id":44264,"href":"https:\/\/radiorevelacionfm.cl\/index.php?rest_route=\/wp\/v2\/posts\/44263\/revisions\/44264"}],"wp:featuredmedia":[{"embeddable":true,"href":"https:\/\/radiorevelacionfm.cl\/index.php?rest_route=\/wp\/v2\/media\/38964"}],"wp:attachment":[{"href":"https:\/\/radiorevelacionfm.cl\/index.php?rest_route=%2Fwp%2Fv2%2Fmedia&parent=44263"}],"wp:term":[{"taxonomy":"category","embeddable":true,"href":"https:\/\/radiorevelacionfm.cl\/index.php?rest_route=%2Fwp%2Fv2%2Fcategories&post=44263"},{"taxonomy":"post_tag","embeddable":true,"href":"https:\/\/radiorevelacionfm.cl\/index.php?rest_route=%2Fwp%2Fv2%2Ftags&post=44263"}],"curies":[{"name":"wp","href":"https:\/\/api.w.org\/{rel}","templated":true}]}}