{"id":44260,"date":"2024-07-18T16:23:38","date_gmt":"2024-07-18T19:23:38","guid":{"rendered":"https:\/\/radiorevelacionfm.cl\/?p=44260"},"modified":"2024-07-18T16:23:38","modified_gmt":"2024-07-18T19:23:38","slug":"junji-convoca-a-su-quinto-concurso-del-cuento-ilustrado-infantil","status":"publish","type":"post","link":"https:\/\/radiorevelacionfm.cl\/?p=44260","title":{"rendered":"JUNJI convoca a su Quinto Concurso del Cuento Ilustrado Infantil"},"content":{"rendered":"<div class=\"flex_column av_one_full  flex_column_div av-zero-column-padding first  avia-builder-el-0  el_before_av_one_full  avia-builder-el-first  \" style='border-radius:0px; '><div  class='avia-image-container  av-styling-    avia-builder-el-1  avia-builder-el-no-sibling  avia-align-center '  itemprop=\"image\" itemscope=\"itemscope\" itemtype=\"https:\/\/schema.org\/ImageObject\"  ><div class='avia-image-container-inner'><div class='avia-image-overlay-wrap'><img decoding=\"async\" class='wp-image-44261 avia-img-lazy-loading-not-44261 avia_image' src=\"https:\/\/radiorevelacionfm.cl\/wp-content\/uploads\/2024\/07\/RRSS_Quinto-concurso-libro-album-2-1-1.jpg\" alt='' title='RRSS_Quinto-concurso-libro-album (2) (1) (1)' height=\"800\" width=\"800\"  itemprop=\"thumbnailUrl\" srcset=\"https:\/\/radiorevelacionfm.cl\/wp-content\/uploads\/2024\/07\/RRSS_Quinto-concurso-libro-album-2-1-1.jpg 800w, https:\/\/radiorevelacionfm.cl\/wp-content\/uploads\/2024\/07\/RRSS_Quinto-concurso-libro-album-2-1-1-300x300.jpg 300w, https:\/\/radiorevelacionfm.cl\/wp-content\/uploads\/2024\/07\/RRSS_Quinto-concurso-libro-album-2-1-1-80x80.jpg 80w, https:\/\/radiorevelacionfm.cl\/wp-content\/uploads\/2024\/07\/RRSS_Quinto-concurso-libro-album-2-1-1-768x768.jpg 768w, https:\/\/radiorevelacionfm.cl\/wp-content\/uploads\/2024\/07\/RRSS_Quinto-concurso-libro-album-2-1-1-36x36.jpg 36w, https:\/\/radiorevelacionfm.cl\/wp-content\/uploads\/2024\/07\/RRSS_Quinto-concurso-libro-album-2-1-1-180x180.jpg 180w, https:\/\/radiorevelacionfm.cl\/wp-content\/uploads\/2024\/07\/RRSS_Quinto-concurso-libro-album-2-1-1-705x705.jpg 705w, https:\/\/radiorevelacionfm.cl\/wp-content\/uploads\/2024\/07\/RRSS_Quinto-concurso-libro-album-2-1-1-120x120.jpg 120w, https:\/\/radiorevelacionfm.cl\/wp-content\/uploads\/2024\/07\/RRSS_Quinto-concurso-libro-album-2-1-1-450x450.jpg 450w, https:\/\/radiorevelacionfm.cl\/wp-content\/uploads\/2024\/07\/RRSS_Quinto-concurso-libro-album-2-1-1-600x600.jpg 600w, https:\/\/radiorevelacionfm.cl\/wp-content\/uploads\/2024\/07\/RRSS_Quinto-concurso-libro-album-2-1-1-100x100.jpg 100w\" sizes=\"(max-width: 800px) 100vw, 800px\" \/><\/div><\/div><\/div><\/div><div class=\"flex_column av_one_full  flex_column_div av-zero-column-padding first  avia-builder-el-2  el_after_av_one_full  el_before_av_one_full  column-top-margin\" style='border-radius:0px; '><section class=\"av_textblock_section \"  itemscope=\"itemscope\" itemtype=\"https:\/\/schema.org\/BlogPosting\" itemprop=\"blogPost\" ><div class='avia_textblock  '   itemprop=\"text\" ><p style=\"text-align: center;\"><strong><span style=\"font-size: 18pt;\">JUNJI convoca a su Quinto Concurso del Cuento Ilustrado Infantil<\/span><\/strong><\/p>\n<div id=\"gtx-trans\" style=\"position: absolute; left: -50px; top: 4.31534px;\">\n<div class=\"gtx-trans-icon\"><\/div>\n<\/div>\n<\/div><\/section><\/div><div class=\"flex_column av_one_full  flex_column_div av-zero-column-padding first  avia-builder-el-4  el_after_av_one_full  el_before_av_hr  column-top-margin\" style='border-radius:0px; '><section class=\"av_textblock_section \"  itemscope=\"itemscope\" itemtype=\"https:\/\/schema.org\/BlogPosting\" itemprop=\"blogPost\" ><div class='avia_textblock  '   itemprop=\"text\" ><p style=\"text-align: justify;\">La Junta Nacional de Jardines Infantiles (JUNJI) convoca a participar en su <strong>QUINTO CONCURSO DEL CUENTO ILUSTRADO<\/strong>, <strong><em>Del juego a la palabra<\/em>, <\/strong>iniciativa que nuevamente busca abrir el \u00e1rea editorial de la instituci\u00f3n al p\u00fablico general para crear nuevas obras dirigidas a ni\u00f1os y ni\u00f1as en etapa parvularia que contengan una propuesta original de contenidos en el marco de la atenci\u00f3n educativa y de formaci\u00f3n inicial que ofrece la JUNJI.<\/p>\n<p style=\"text-align: justify;\"><em>\u201cAl invitar a producir libros, la JUNJI incentiva la producci\u00f3n intelectual, el debate, las ideas en materia de educaci\u00f3n e infancia\u201d,<\/em> expres\u00f3 <strong>Daniela Trivi\u00f1o,<\/strong> vicepresidenta ejecutiva de la JUNJI, quien adem\u00e1s asegur\u00f3 que <em>\u201cla JUNJI es una instituci\u00f3n de todos y para todos, por lo que su producci\u00f3n editorial se extiende a nuevas propuestas de las que nazcan ideas que hagan debatir constructivamente sobre educaci\u00f3n\u201d.<\/em><\/p>\n<p style=\"text-align: justify;\">La nueva convocatoria de <em>Ediciones de la JUNJI<\/em> se extender\u00e1 hasta el <strong>viernes<\/strong> <strong>30 de agosto de 2024<\/strong> y considerar\u00e1 las postulaciones de un p\u00fablico amplio, mayor de 18 a\u00f1os, que manifieste inter\u00e9s en temas de educaci\u00f3n e infancia o que est\u00e9 vinculado a la elaboraci\u00f3n de textos como editor o ilustrador.<\/p>\n<p style=\"text-align: justify;\">La invitaci\u00f3n es a hacer una propuesta de libro \u00e1lbum con un cuento para ni\u00f1os y ni\u00f1as, en los g\u00e9neros de ficci\u00f3n y no ficci\u00f3n, cuya tem\u00e1tica realce los fines promovidos por la JUNJI sobre juego, diversidad, integraci\u00f3n, alimentaci\u00f3n sana y vida saludable, educaci\u00f3n de calidad, lactancia materna, interculturalidad y buen trato.<\/p>\n<p style=\"text-align: justify;\">Las bases de postulaci\u00f3n pueden revisarse en <a href=\"http:\/\/www.junji.cl\">www.junji.cl<\/a><\/p>\n<\/div><\/section><\/div><div  style='height:50px' class='hr hr-invisible   avia-builder-el-6  el_after_av_one_full  el_before_av_social_share '><span class='hr-inner ' ><span class='hr-inner-style'><\/span><\/span><\/div><\/p>\n<div  class='av-social-sharing-box  avia-builder-el-7  el_after_av_hr  el_before_av_hr  '><div class='av-share-box'><h5 class='av-share-link-description av-no-toc '>Compartir esta noticia<\/h5><ul class='av-share-box-list noLightbox'><li class='av-share-link av-social-link-facebook' ><a target=\"_blank\" aria-label=\"Compartir en Facebook\" href='https:\/\/www.facebook.com\/sharer.php?u=https:\/\/radiorevelacionfm.cl\/?p=44260&#038;t=JUNJI%20convoca%20a%20su%20Quinto%20Concurso%20del%20Cuento%20Ilustrado%20Infantil' aria-hidden='false' data-av_icon='\ue8f3' data-av_iconfont='entypo-fontello' title='' data-avia-related-tooltip='Compartir en Facebook' rel=\"noopener\"><span class='avia_hidden_link_text'>Compartir en Facebook<\/span><\/a><\/li><li class='av-share-link av-social-link-twitter' ><a target=\"_blank\" aria-label=\"Compartir en Twitter\" href='https:\/\/twitter.com\/share?text=JUNJI%20convoca%20a%20su%20Quinto%20Concurso%20del%20Cuento%20Ilustrado%20Infantil&#038;url=https:\/\/radiorevelacionfm.cl\/?p=44260' aria-hidden='false' data-av_icon='\ue8f1' data-av_iconfont='entypo-fontello' title='' data-avia-related-tooltip='Compartir en Twitter' rel=\"noopener\"><span class='avia_hidden_link_text'>Compartir en Twitter<\/span><\/a><\/li><li class='av-share-link av-social-link-whatsapp' ><a target=\"_blank\" aria-label=\"Compartir en Whatsapp\" href='https:\/\/api.whatsapp.com\/send?text=https:\/\/radiorevelacionfm.cl\/?p=44260' aria-hidden='false' data-av_icon='\uf232' data-av_iconfont='entypo-fontello' title='' data-avia-related-tooltip='Compartir en Whatsapp' rel=\"noopener\"><span class='avia_hidden_link_text'>Compartir en Whatsapp<\/span><\/a><\/li><li class='av-share-link av-social-link-linkedin' ><a target=\"_blank\" aria-label=\"Compartir en LinkedIn\" href='https:\/\/linkedin.com\/shareArticle?mini=true&#038;title=JUNJI%20convoca%20a%20su%20Quinto%20Concurso%20del%20Cuento%20Ilustrado%20Infantil&#038;url=https:\/\/radiorevelacionfm.cl\/?p=44260' aria-hidden='false' data-av_icon='\ue8fc' data-av_iconfont='entypo-fontello' title='' data-avia-related-tooltip='Compartir en LinkedIn' rel=\"noopener\"><span class='avia_hidden_link_text'>Compartir en LinkedIn<\/span><\/a><\/li><li class='av-share-link av-social-link-mail' ><a  aria-label=\"Compartir por correo\" href='mailto:?subject=JUNJI%20convoca%20a%20su%20Quinto%20Concurso%20del%20Cuento%20Ilustrado%20Infantil&#038;body=https:\/\/radiorevelacionfm.cl\/?p=44260' aria-hidden='false' data-av_icon='\ue805' data-av_iconfont='entypo-fontello' title='' data-avia-related-tooltip='Compartir por correo'><span class='avia_hidden_link_text'>Compartir por correo<\/span><\/a><\/li><\/ul><\/div><\/div>\n<div  style='height:50px' class='hr hr-invisible   avia-builder-el-8  el_after_av_social_share  el_before_av_comments_list '><span class='hr-inner ' ><span class='hr-inner-style'><\/span><\/span><\/div>\n<div  class='av-buildercomment  av-blog-meta-html-info-disabled av-blog-meta-tag-disabled  '><\/div>\n","protected":false},"excerpt":{"rendered":"","protected":false},"author":1,"featured_media":44261,"comment_status":"open","ping_status":"open","sticky":false,"template":"","format":"standard","meta":{"footnotes":""},"categories":[49],"tags":[],"class_list":["post-44260","post","type-post","status-publish","format-standard","has-post-thumbnail","hentry","category-educacion"],"jetpack_featured_media_url":"https:\/\/radiorevelacionfm.cl\/wp-content\/uploads\/2024\/07\/RRSS_Quinto-concurso-libro-album-2-1-1.jpg","_links":{"self":[{"href":"https:\/\/radiorevelacionfm.cl\/index.php?rest_route=\/wp\/v2\/posts\/44260","targetHints":{"allow":["GET"]}}],"collection":[{"href":"https:\/\/radiorevelacionfm.cl\/index.php?rest_route=\/wp\/v2\/posts"}],"about":[{"href":"https:\/\/radiorevelacionfm.cl\/index.php?rest_route=\/wp\/v2\/types\/post"}],"author":[{"embeddable":true,"href":"https:\/\/radiorevelacionfm.cl\/index.php?rest_route=\/wp\/v2\/users\/1"}],"replies":[{"embeddable":true,"href":"https:\/\/radiorevelacionfm.cl\/index.php?rest_route=%2Fwp%2Fv2%2Fcomments&post=44260"}],"version-history":[{"count":1,"href":"https:\/\/radiorevelacionfm.cl\/index.php?rest_route=\/wp\/v2\/posts\/44260\/revisions"}],"predecessor-version":[{"id":44262,"href":"https:\/\/radiorevelacionfm.cl\/index.php?rest_route=\/wp\/v2\/posts\/44260\/revisions\/44262"}],"wp:featuredmedia":[{"embeddable":true,"href":"https:\/\/radiorevelacionfm.cl\/index.php?rest_route=\/wp\/v2\/media\/44261"}],"wp:attachment":[{"href":"https:\/\/radiorevelacionfm.cl\/index.php?rest_route=%2Fwp%2Fv2%2Fmedia&parent=44260"}],"wp:term":[{"taxonomy":"category","embeddable":true,"href":"https:\/\/radiorevelacionfm.cl\/index.php?rest_route=%2Fwp%2Fv2%2Fcategories&post=44260"},{"taxonomy":"post_tag","embeddable":true,"href":"https:\/\/radiorevelacionfm.cl\/index.php?rest_route=%2Fwp%2Fv2%2Ftags&post=44260"}],"curies":[{"name":"wp","href":"https:\/\/api.w.org\/{rel}","templated":true}]}}