{"id":44251,"date":"2024-07-18T11:51:18","date_gmt":"2024-07-18T14:51:18","guid":{"rendered":"https:\/\/radiorevelacionfm.cl\/?p=44251"},"modified":"2024-07-18T11:51:18","modified_gmt":"2024-07-18T14:51:18","slug":"antu-energia-recibe-apoyo-para-proyecto-de-reduccion-de-costos-de-electricidad-en-aysen","status":"publish","type":"post","link":"https:\/\/radiorevelacionfm.cl\/?p=44251","title":{"rendered":"Ant\u00fc Energ\u00eda recibe apoyo para proyecto de reducci\u00f3n de costos de electricidad en Ays\u00e9n"},"content":{"rendered":"<div class=\"flex_column av_one_full  flex_column_div av-zero-column-padding first  avia-builder-el-0  el_before_av_one_full  avia-builder-el-first  \" style='border-radius:0px; '><div  class='avia-image-container  av-styling-    avia-builder-el-1  avia-builder-el-no-sibling  avia-align-center '  itemprop=\"image\" itemscope=\"itemscope\" itemtype=\"https:\/\/schema.org\/ImageObject\"  ><div class='avia-image-container-inner'><div class='avia-image-overlay-wrap'><img decoding=\"async\" class='wp-image-44252 avia-img-lazy-loading-not-44252 avia_image' src=\"https:\/\/radiorevelacionfm.cl\/wp-content\/uploads\/2024\/07\/WhatsApp-Image-2024-07-17-at-17.28.39-1-1.jpeg\" alt='' title='WhatsApp Image 2024-07-17 at 17.28.39 (1) (1)' height=\"600\" width=\"983\"  itemprop=\"thumbnailUrl\" srcset=\"https:\/\/radiorevelacionfm.cl\/wp-content\/uploads\/2024\/07\/WhatsApp-Image-2024-07-17-at-17.28.39-1-1.jpeg 983w, https:\/\/radiorevelacionfm.cl\/wp-content\/uploads\/2024\/07\/WhatsApp-Image-2024-07-17-at-17.28.39-1-1-300x183.jpeg 300w, https:\/\/radiorevelacionfm.cl\/wp-content\/uploads\/2024\/07\/WhatsApp-Image-2024-07-17-at-17.28.39-1-1-768x469.jpeg 768w, https:\/\/radiorevelacionfm.cl\/wp-content\/uploads\/2024\/07\/WhatsApp-Image-2024-07-17-at-17.28.39-1-1-705x430.jpeg 705w, https:\/\/radiorevelacionfm.cl\/wp-content\/uploads\/2024\/07\/WhatsApp-Image-2024-07-17-at-17.28.39-1-1-450x275.jpeg 450w, https:\/\/radiorevelacionfm.cl\/wp-content\/uploads\/2024\/07\/WhatsApp-Image-2024-07-17-at-17.28.39-1-1-600x366.jpeg 600w\" sizes=\"(max-width: 983px) 100vw, 983px\" \/><\/div><\/div><\/div><\/div><div class=\"flex_column av_one_full  flex_column_div av-zero-column-padding first  avia-builder-el-2  el_after_av_one_full  el_before_av_one_full  column-top-margin\" style='border-radius:0px; '><section class=\"av_textblock_section \"  itemscope=\"itemscope\" itemtype=\"https:\/\/schema.org\/BlogPosting\" itemprop=\"blogPost\" ><div class='avia_textblock  '   itemprop=\"text\" ><p style=\"text-align: center;\"><strong><span style=\"font-size: 18pt;\">Ant\u00fc Energ\u00eda recibe apoyo para proyecto de reducci\u00f3n de costos de electricidad en Ays\u00e9n<\/span><\/strong><\/p>\n<div id=\"gtx-trans\" style=\"position: absolute; left: -50px; top: 4.31534px;\">\n<div class=\"gtx-trans-icon\"><\/div>\n<\/div>\n<\/div><\/section><\/div><div class=\"flex_column av_one_full  flex_column_div av-zero-column-padding first  avia-builder-el-4  el_after_av_one_full  el_before_av_hr  column-top-margin\" style='border-radius:0px; '><section class=\"av_textblock_section \"  itemscope=\"itemscope\" itemtype=\"https:\/\/schema.org\/BlogPosting\" itemprop=\"blogPost\" ><div class='avia_textblock  '   itemprop=\"text\" ><p style=\"text-align: justify;\">En una significativa jornada, Ant\u00fc Energ\u00eda y el SEREMI de Energ\u00eda de Ays\u00e9n firmaron una carta de participaci\u00f3n y apoyo al proyecto de energ\u00eda asociativa que busca reducir las cuentas de luz en la regi\u00f3n, en respuesta a las recientes alzas en tarifas. Manuel Mata, l\u00edder de la iniciativa, expres\u00f3 su gratitud por el respaldo institucional, destacando la colaboraci\u00f3n del SEREMI Tom\u00e1s Laibe, cuya gesti\u00f3n y v\u00ednculos ser\u00e1n cruciales para la pronta materializaci\u00f3n del proyecto.<\/p>\n<p style=\"text-align: justify;\">Mata hizo un llamado a la comunidad a mantenerse informada, ya que en las pr\u00f3ximas semanas se abrir\u00e1 la convocatoria para participar en este proyecto piloto a trav\u00e9s de redes sociales. \u201cQueremos que la comunidad siga de cerca este hermoso proyecto que estamos impulsando y participe en la primera planta fotovoltaica asociativa, obteniendo descuentos mensuales en su boleta de la luz\u201d, coment\u00f3 Mata, enfatizando la importancia de involucrarse en iniciativas que buscan aliviar el bolsillo de los ayseninos.<\/p>\n<p style=\"text-align: justify;\">El emprendedor tambi\u00e9n se\u00f1al\u00f3 con entusiasmo el inter\u00e9s mostrado por pymes y particulares en unirse al proyecto piloto. \u201cSabemos que las alzas en la cuenta de la luz afectan a todos, pero sin duda perjudican m\u00e1s a los segmentos m\u00e1s necesitados y a las pymes. Hacemos un llamado a todas las personas interesadas en atenuar y reducir el alza de la tarifa el\u00e9ctrica a contactarnos para participar de manera personalizada en este piloto\u201d, afirm\u00f3 Mata, invitando a la comunidad a ser parte activa de este innovador esfuerzo por una energ\u00eda m\u00e1s accesible y sostenible en la regi\u00f3n de Ays\u00e9n.<\/p>\n<\/div><\/section><\/div><div  style='height:50px' class='hr hr-invisible   avia-builder-el-6  el_after_av_one_full  el_before_av_social_share '><span class='hr-inner ' ><span class='hr-inner-style'><\/span><\/span><\/div><\/p>\n<div  class='av-social-sharing-box  avia-builder-el-7  el_after_av_hr  el_before_av_hr  '><div class='av-share-box'><h5 class='av-share-link-description av-no-toc '>Compartir esta noticia<\/h5><ul class='av-share-box-list noLightbox'><li class='av-share-link av-social-link-facebook' ><a target=\"_blank\" aria-label=\"Compartir en Facebook\" href='https:\/\/www.facebook.com\/sharer.php?u=https:\/\/radiorevelacionfm.cl\/?p=44251&#038;t=Ant%C3%BC%20Energ%C3%ADa%20recibe%20apoyo%20para%20proyecto%20de%20reducci%C3%B3n%20de%20costos%20de%20electricidad%20en%20Ays%C3%A9n' aria-hidden='false' data-av_icon='\ue8f3' data-av_iconfont='entypo-fontello' title='' data-avia-related-tooltip='Compartir en Facebook' rel=\"noopener\"><span class='avia_hidden_link_text'>Compartir en Facebook<\/span><\/a><\/li><li class='av-share-link av-social-link-twitter' ><a target=\"_blank\" aria-label=\"Compartir en Twitter\" href='https:\/\/twitter.com\/share?text=Ant%C3%BC%20Energ%C3%ADa%20recibe%20apoyo%20para%20proyecto%20de%20reducci%C3%B3n%20de%20costos%20de%20electricidad%20en%20Ays%C3%A9n&#038;url=https:\/\/radiorevelacionfm.cl\/?p=44251' aria-hidden='false' data-av_icon='\ue8f1' data-av_iconfont='entypo-fontello' title='' data-avia-related-tooltip='Compartir en Twitter' rel=\"noopener\"><span class='avia_hidden_link_text'>Compartir en Twitter<\/span><\/a><\/li><li class='av-share-link av-social-link-whatsapp' ><a target=\"_blank\" aria-label=\"Compartir en Whatsapp\" href='https:\/\/api.whatsapp.com\/send?text=https:\/\/radiorevelacionfm.cl\/?p=44251' aria-hidden='false' data-av_icon='\uf232' data-av_iconfont='entypo-fontello' title='' data-avia-related-tooltip='Compartir en Whatsapp' rel=\"noopener\"><span class='avia_hidden_link_text'>Compartir en Whatsapp<\/span><\/a><\/li><li class='av-share-link av-social-link-linkedin' ><a target=\"_blank\" aria-label=\"Compartir en LinkedIn\" href='https:\/\/linkedin.com\/shareArticle?mini=true&#038;title=Ant%C3%BC%20Energ%C3%ADa%20recibe%20apoyo%20para%20proyecto%20de%20reducci%C3%B3n%20de%20costos%20de%20electricidad%20en%20Ays%C3%A9n&#038;url=https:\/\/radiorevelacionfm.cl\/?p=44251' aria-hidden='false' data-av_icon='\ue8fc' data-av_iconfont='entypo-fontello' title='' data-avia-related-tooltip='Compartir en LinkedIn' rel=\"noopener\"><span class='avia_hidden_link_text'>Compartir en LinkedIn<\/span><\/a><\/li><li class='av-share-link av-social-link-mail' ><a  aria-label=\"Compartir por correo\" href='mailto:?subject=Ant%C3%BC%20Energ%C3%ADa%20recibe%20apoyo%20para%20proyecto%20de%20reducci%C3%B3n%20de%20costos%20de%20electricidad%20en%20Ays%C3%A9n&#038;body=https:\/\/radiorevelacionfm.cl\/?p=44251' aria-hidden='false' data-av_icon='\ue805' data-av_iconfont='entypo-fontello' title='' data-avia-related-tooltip='Compartir por correo'><span class='avia_hidden_link_text'>Compartir por correo<\/span><\/a><\/li><\/ul><\/div><\/div>\n<div  style='height:50px' class='hr hr-invisible   avia-builder-el-8  el_after_av_social_share  el_before_av_comments_list '><span class='hr-inner ' ><span class='hr-inner-style'><\/span><\/span><\/div>\n<div  class='av-buildercomment  av-blog-meta-html-info-disabled av-blog-meta-tag-disabled  '><\/div>\n","protected":false},"excerpt":{"rendered":"","protected":false},"author":1,"featured_media":44252,"comment_status":"open","ping_status":"open","sticky":false,"template":"","format":"standard","meta":{"footnotes":""},"categories":[38],"tags":[],"class_list":["post-44251","post","type-post","status-publish","format-standard","has-post-thumbnail","hentry","category-regional"],"jetpack_featured_media_url":"https:\/\/radiorevelacionfm.cl\/wp-content\/uploads\/2024\/07\/WhatsApp-Image-2024-07-17-at-17.28.39-1-1.jpeg","_links":{"self":[{"href":"https:\/\/radiorevelacionfm.cl\/index.php?rest_route=\/wp\/v2\/posts\/44251","targetHints":{"allow":["GET"]}}],"collection":[{"href":"https:\/\/radiorevelacionfm.cl\/index.php?rest_route=\/wp\/v2\/posts"}],"about":[{"href":"https:\/\/radiorevelacionfm.cl\/index.php?rest_route=\/wp\/v2\/types\/post"}],"author":[{"embeddable":true,"href":"https:\/\/radiorevelacionfm.cl\/index.php?rest_route=\/wp\/v2\/users\/1"}],"replies":[{"embeddable":true,"href":"https:\/\/radiorevelacionfm.cl\/index.php?rest_route=%2Fwp%2Fv2%2Fcomments&post=44251"}],"version-history":[{"count":1,"href":"https:\/\/radiorevelacionfm.cl\/index.php?rest_route=\/wp\/v2\/posts\/44251\/revisions"}],"predecessor-version":[{"id":44253,"href":"https:\/\/radiorevelacionfm.cl\/index.php?rest_route=\/wp\/v2\/posts\/44251\/revisions\/44253"}],"wp:featuredmedia":[{"embeddable":true,"href":"https:\/\/radiorevelacionfm.cl\/index.php?rest_route=\/wp\/v2\/media\/44252"}],"wp:attachment":[{"href":"https:\/\/radiorevelacionfm.cl\/index.php?rest_route=%2Fwp%2Fv2%2Fmedia&parent=44251"}],"wp:term":[{"taxonomy":"category","embeddable":true,"href":"https:\/\/radiorevelacionfm.cl\/index.php?rest_route=%2Fwp%2Fv2%2Fcategories&post=44251"},{"taxonomy":"post_tag","embeddable":true,"href":"https:\/\/radiorevelacionfm.cl\/index.php?rest_route=%2Fwp%2Fv2%2Ftags&post=44251"}],"curies":[{"name":"wp","href":"https:\/\/api.w.org\/{rel}","templated":true}]}}