{"id":44248,"date":"2024-07-19T13:27:54","date_gmt":"2024-07-19T16:27:54","guid":{"rendered":"https:\/\/radiorevelacionfm.cl\/?p=44248"},"modified":"2024-07-19T13:27:54","modified_gmt":"2024-07-19T16:27:54","slug":"seremi-de-la-mujer-y-la-equidad-de-genero-de-aysen-destaca-aprobacion-del-proyecto-de-ley-sobre-violencia-digital","status":"publish","type":"post","link":"https:\/\/radiorevelacionfm.cl\/?p=44248","title":{"rendered":"Seremi de la Mujer y la Equidad de G\u00e9nero de Ays\u00e9n destaca aprobaci\u00f3n del proyecto de Ley sobre Violencia Digital"},"content":{"rendered":"<div class=\"flex_column av_one_full  flex_column_div av-zero-column-padding first  avia-builder-el-0  el_before_av_one_full  avia-builder-el-first  \" style='border-radius:0px; '><div  class='avia-image-container  av-styling-    avia-builder-el-1  avia-builder-el-no-sibling  avia-align-center '  itemprop=\"image\" itemscope=\"itemscope\" itemtype=\"https:\/\/schema.org\/ImageObject\"  ><div class='avia-image-container-inner'><div class='avia-image-overlay-wrap'><img decoding=\"async\" class='wp-image-44249 avia-img-lazy-loading-not-44249 avia_image' src=\"https:\/\/radiorevelacionfm.cl\/wp-content\/uploads\/2024\/07\/WhatsApp-Image-2024-07-17-at-16.35.19-1-1.jpeg\" alt='' title='WhatsApp Image 2024-07-17 at 16.35.19 (1) (1)' height=\"600\" width=\"900\"  itemprop=\"thumbnailUrl\" srcset=\"https:\/\/radiorevelacionfm.cl\/wp-content\/uploads\/2024\/07\/WhatsApp-Image-2024-07-17-at-16.35.19-1-1.jpeg 900w, https:\/\/radiorevelacionfm.cl\/wp-content\/uploads\/2024\/07\/WhatsApp-Image-2024-07-17-at-16.35.19-1-1-300x200.jpeg 300w, https:\/\/radiorevelacionfm.cl\/wp-content\/uploads\/2024\/07\/WhatsApp-Image-2024-07-17-at-16.35.19-1-1-768x512.jpeg 768w, https:\/\/radiorevelacionfm.cl\/wp-content\/uploads\/2024\/07\/WhatsApp-Image-2024-07-17-at-16.35.19-1-1-705x470.jpeg 705w, https:\/\/radiorevelacionfm.cl\/wp-content\/uploads\/2024\/07\/WhatsApp-Image-2024-07-17-at-16.35.19-1-1-450x300.jpeg 450w, https:\/\/radiorevelacionfm.cl\/wp-content\/uploads\/2024\/07\/WhatsApp-Image-2024-07-17-at-16.35.19-1-1-600x400.jpeg 600w\" sizes=\"(max-width: 900px) 100vw, 900px\" \/><\/div><\/div><\/div><\/div><div class=\"flex_column av_one_full  flex_column_div av-zero-column-padding first  avia-builder-el-2  el_after_av_one_full  el_before_av_one_full  column-top-margin\" style='border-radius:0px; '><section class=\"av_textblock_section \"  itemscope=\"itemscope\" itemtype=\"https:\/\/schema.org\/BlogPosting\" itemprop=\"blogPost\" ><div class='avia_textblock  '   itemprop=\"text\" ><p style=\"text-align: center;\"><span style=\"font-size: 18pt;\"><strong>Seremi de la Mujer y la Equidad de G\u00e9nero de Ays\u00e9n destaca aprobaci\u00f3n del proyecto de Ley sobre Violencia Digital <\/strong><\/span><\/p>\n<div id=\"gtx-trans\" style=\"position: absolute; left: -50px; top: 4.31534px;\">\n<div class=\"gtx-trans-icon\"><\/div>\n<\/div>\n<\/div><\/section><\/div><div class=\"flex_column av_one_full  flex_column_div av-zero-column-padding first  avia-builder-el-4  el_after_av_one_full  el_before_av_hr  column-top-margin\" style='border-radius:0px; '><section class=\"av_textblock_section \"  itemscope=\"itemscope\" itemtype=\"https:\/\/schema.org\/BlogPosting\" itemprop=\"blogPost\" ><div class='avia_textblock  '   itemprop=\"text\" ><p style=\"text-align: justify;\"><em>Esta iniciativa busca llenar un vac\u00edo en la legislaci\u00f3n penal, la cual actualmente no sanciona el ciberacoso, la violencia digital y el hostigamiento; conductas que habitualmente son dirigidas contra mujeres y ni\u00f1as.<\/em><\/p>\n<p style=\"text-align: justify;\">La Seremi de la Mujer y la Equidad de G\u00e9nero (S), Lenka Gatica Sandoval, valor\u00f3 como positiva la aprobaci\u00f3n, en la C\u00e1mara de Diputados y Diputadas, del proyecto que sanciona la violencia digital en sus diversas formas.<\/p>\n<p style=\"text-align: justify;\">En el marco de la agenda de seguridad impulsada por el Ejecutivo, esta iniciativa pretende abordar una carencia hist\u00f3rica en el C\u00f3digo Penal (CP), que actualmente no contempla sanciones para el delito de hostigamiento en sus diversas formas, ya sea f\u00edsicas o digitales. Tambi\u00e9n busca penalizar acciones como la difusi\u00f3n no consentida de contenido \u00edntimo y la creaci\u00f3n de perfiles falsos en redes sociales con el objetivo de da\u00f1ar a la persona afectada.<\/p>\n<p style=\"text-align: justify;\">As\u00ed, es primera vez que el Estado de Chile asume el desaf\u00edo de prevenir, combatir y sancionar este tipo de violencias que surgen entorno a las nuevas tecnolog\u00edas, y que afectan con especial intensidad a mujeres, ni\u00f1as y adolescentes.\u00a0\u201cEntendemos que las plataformas virtuales, hoy, representan un reflejo de las din\u00e1micas culturales y sociales, por lo mismo la prevenci\u00f3n y la sanci\u00f3n de actos que vulneren los derechos de las mujeres y ni\u00f1as, son fundamentales para seguir construyendo una sociedad no sexista y a su vez, avanzar hacia una cultura libre de violencias de g\u00e9nero\u201d, indic\u00f3 Gatica.<\/p>\n<p style=\"text-align: justify;\">En lo particular, el proyecto de ley:<\/p>\n<ul style=\"text-align: justify;\">\n<li>Tipifica como delito la exhibici\u00f3n, env\u00edo o difusi\u00f3n no consentida de contenido \u00edntimo, incluso si originalmente fue compartido con consentimiento.<\/li>\n<li>Introduce el delito de hostigamiento, que castiga a quienes, mediante medios f\u00edsicos o digitales, sigan, llamen o contacten de manera insistente a una persona, afectando su vida privada.<\/li>\n<li>Incorpora como agravante el env\u00edo de im\u00e1genes de contenido sexual expl\u00edcito (como \u00f3rganos genitales o acciones de connotaci\u00f3n sexual), conocido como &#8216;cyberflashing&#8217;.<\/li>\n<li>Establece el delito de divulgaci\u00f3n de datos personales (como domicilio, lugar de estudio o trabajo), con el fin de que terceros hostiguen o cometan otros delitos en contra de una persona; una pr\u00e1ctica conocida como &#8216;doxing&#8217;.<\/li>\n<li>Modifica el art\u00edculo 214 del C\u00f3digo Penal para aclarar que el delito de usurpaci\u00f3n de identidad tambi\u00e9n se aplica cuando se suplanta a una persona en redes sociales, por ejemplo, mediante la creaci\u00f3n de perfiles falsos.<\/li>\n<\/ul>\n<p style=\"text-align: justify;\"><strong>\u00a0<\/strong><\/p>\n<\/div><\/section><\/div><div  style='height:50px' class='hr hr-invisible   avia-builder-el-6  el_after_av_one_full  el_before_av_social_share '><span class='hr-inner ' ><span class='hr-inner-style'><\/span><\/span><\/div><\/p>\n<div  class='av-social-sharing-box  avia-builder-el-7  el_after_av_hr  el_before_av_hr  '><div class='av-share-box'><h5 class='av-share-link-description av-no-toc '>Compartir esta noticia<\/h5><ul class='av-share-box-list noLightbox'><li class='av-share-link av-social-link-facebook' ><a target=\"_blank\" aria-label=\"Compartir en Facebook\" href='https:\/\/www.facebook.com\/sharer.php?u=https:\/\/radiorevelacionfm.cl\/?p=44248&#038;t=Seremi%20de%20la%20Mujer%20y%20la%20Equidad%20de%20G%C3%A9nero%20de%20Ays%C3%A9n%20destaca%20aprobaci%C3%B3n%20del%20proyecto%20de%20Ley%20sobre%20Violencia%20Digital' aria-hidden='false' data-av_icon='\ue8f3' data-av_iconfont='entypo-fontello' title='' data-avia-related-tooltip='Compartir en Facebook' rel=\"noopener\"><span class='avia_hidden_link_text'>Compartir en Facebook<\/span><\/a><\/li><li class='av-share-link av-social-link-twitter' ><a target=\"_blank\" aria-label=\"Compartir en Twitter\" href='https:\/\/twitter.com\/share?text=Seremi%20de%20la%20Mujer%20y%20la%20Equidad%20de%20G%C3%A9nero%20de%20Ays%C3%A9n%20destaca%20aprobaci%C3%B3n%20del%20proyecto%20de%20Ley%20sobre%20Violencia%20Digital&#038;url=https:\/\/radiorevelacionfm.cl\/?p=44248' aria-hidden='false' data-av_icon='\ue8f1' data-av_iconfont='entypo-fontello' title='' data-avia-related-tooltip='Compartir en Twitter' rel=\"noopener\"><span class='avia_hidden_link_text'>Compartir en Twitter<\/span><\/a><\/li><li class='av-share-link av-social-link-whatsapp' ><a target=\"_blank\" aria-label=\"Compartir en Whatsapp\" href='https:\/\/api.whatsapp.com\/send?text=https:\/\/radiorevelacionfm.cl\/?p=44248' aria-hidden='false' data-av_icon='\uf232' data-av_iconfont='entypo-fontello' title='' data-avia-related-tooltip='Compartir en Whatsapp' rel=\"noopener\"><span class='avia_hidden_link_text'>Compartir en Whatsapp<\/span><\/a><\/li><li class='av-share-link av-social-link-linkedin' ><a target=\"_blank\" aria-label=\"Compartir en LinkedIn\" href='https:\/\/linkedin.com\/shareArticle?mini=true&#038;title=Seremi%20de%20la%20Mujer%20y%20la%20Equidad%20de%20G%C3%A9nero%20de%20Ays%C3%A9n%20destaca%20aprobaci%C3%B3n%20del%20proyecto%20de%20Ley%20sobre%20Violencia%20Digital&#038;url=https:\/\/radiorevelacionfm.cl\/?p=44248' aria-hidden='false' data-av_icon='\ue8fc' data-av_iconfont='entypo-fontello' title='' data-avia-related-tooltip='Compartir en LinkedIn' rel=\"noopener\"><span class='avia_hidden_link_text'>Compartir en LinkedIn<\/span><\/a><\/li><li class='av-share-link av-social-link-mail' ><a  aria-label=\"Compartir por correo\" href='mailto:?subject=Seremi%20de%20la%20Mujer%20y%20la%20Equidad%20de%20G%C3%A9nero%20de%20Ays%C3%A9n%20destaca%20aprobaci%C3%B3n%20del%20proyecto%20de%20Ley%20sobre%20Violencia%20Digital&#038;body=https:\/\/radiorevelacionfm.cl\/?p=44248' aria-hidden='false' data-av_icon='\ue805' data-av_iconfont='entypo-fontello' title='' data-avia-related-tooltip='Compartir por correo'><span class='avia_hidden_link_text'>Compartir por correo<\/span><\/a><\/li><\/ul><\/div><\/div>\n<div  style='height:50px' class='hr hr-invisible   avia-builder-el-8  el_after_av_social_share  el_before_av_comments_list '><span class='hr-inner ' ><span class='hr-inner-style'><\/span><\/span><\/div>\n<div  class='av-buildercomment  av-blog-meta-html-info-disabled av-blog-meta-tag-disabled  '><\/div>\n","protected":false},"excerpt":{"rendered":"","protected":false},"author":1,"featured_media":44249,"comment_status":"open","ping_status":"open","sticky":false,"template":"","format":"standard","meta":{"footnotes":""},"categories":[38],"tags":[],"class_list":["post-44248","post","type-post","status-publish","format-standard","has-post-thumbnail","hentry","category-regional"],"jetpack_featured_media_url":"https:\/\/radiorevelacionfm.cl\/wp-content\/uploads\/2024\/07\/WhatsApp-Image-2024-07-17-at-16.35.19-1-1.jpeg","_links":{"self":[{"href":"https:\/\/radiorevelacionfm.cl\/index.php?rest_route=\/wp\/v2\/posts\/44248","targetHints":{"allow":["GET"]}}],"collection":[{"href":"https:\/\/radiorevelacionfm.cl\/index.php?rest_route=\/wp\/v2\/posts"}],"about":[{"href":"https:\/\/radiorevelacionfm.cl\/index.php?rest_route=\/wp\/v2\/types\/post"}],"author":[{"embeddable":true,"href":"https:\/\/radiorevelacionfm.cl\/index.php?rest_route=\/wp\/v2\/users\/1"}],"replies":[{"embeddable":true,"href":"https:\/\/radiorevelacionfm.cl\/index.php?rest_route=%2Fwp%2Fv2%2Fcomments&post=44248"}],"version-history":[{"count":1,"href":"https:\/\/radiorevelacionfm.cl\/index.php?rest_route=\/wp\/v2\/posts\/44248\/revisions"}],"predecessor-version":[{"id":44250,"href":"https:\/\/radiorevelacionfm.cl\/index.php?rest_route=\/wp\/v2\/posts\/44248\/revisions\/44250"}],"wp:featuredmedia":[{"embeddable":true,"href":"https:\/\/radiorevelacionfm.cl\/index.php?rest_route=\/wp\/v2\/media\/44249"}],"wp:attachment":[{"href":"https:\/\/radiorevelacionfm.cl\/index.php?rest_route=%2Fwp%2Fv2%2Fmedia&parent=44248"}],"wp:term":[{"taxonomy":"category","embeddable":true,"href":"https:\/\/radiorevelacionfm.cl\/index.php?rest_route=%2Fwp%2Fv2%2Fcategories&post=44248"},{"taxonomy":"post_tag","embeddable":true,"href":"https:\/\/radiorevelacionfm.cl\/index.php?rest_route=%2Fwp%2Fv2%2Ftags&post=44248"}],"curies":[{"name":"wp","href":"https:\/\/api.w.org\/{rel}","templated":true}]}}