{"id":44245,"date":"2024-07-18T11:24:45","date_gmt":"2024-07-18T14:24:45","guid":{"rendered":"https:\/\/radiorevelacionfm.cl\/?p=44245"},"modified":"2024-07-18T11:24:45","modified_gmt":"2024-07-18T14:24:45","slug":"a-53-anos-de-la-nacionalizacion-del-cobre-recursos-del-royalty-minero-impulsan-la-equidad-territorial-en-aysen","status":"publish","type":"post","link":"https:\/\/radiorevelacionfm.cl\/?p=44245","title":{"rendered":"A 53 a\u00f1os de la Nacionalizaci\u00f3n del Cobre: recursos del Royalty Minero impulsan la equidad territorial en Ays\u00e9n"},"content":{"rendered":"<div class=\"flex_column av_one_full  flex_column_div av-zero-column-padding first  avia-builder-el-0  el_before_av_one_full  avia-builder-el-first  \" style='border-radius:0px; '><div  class='avia-image-container  av-styling-    avia-builder-el-1  avia-builder-el-no-sibling  avia-align-center '  itemprop=\"image\" itemscope=\"itemscope\" itemtype=\"https:\/\/schema.org\/ImageObject\"  ><div class='avia-image-container-inner'><div class='avia-image-overlay-wrap'><img decoding=\"async\" class='wp-image-44246 avia-img-lazy-loading-not-44246 avia_image' src=\"https:\/\/radiorevelacionfm.cl\/wp-content\/uploads\/2024\/07\/Terreno-1-1-1.jpg\" alt='' title='Terreno (1) (1) (1)' height=\"600\" width=\"1033\"  itemprop=\"thumbnailUrl\" srcset=\"https:\/\/radiorevelacionfm.cl\/wp-content\/uploads\/2024\/07\/Terreno-1-1-1.jpg 1033w, https:\/\/radiorevelacionfm.cl\/wp-content\/uploads\/2024\/07\/Terreno-1-1-1-300x174.jpg 300w, https:\/\/radiorevelacionfm.cl\/wp-content\/uploads\/2024\/07\/Terreno-1-1-1-1030x598.jpg 1030w, https:\/\/radiorevelacionfm.cl\/wp-content\/uploads\/2024\/07\/Terreno-1-1-1-768x446.jpg 768w, https:\/\/radiorevelacionfm.cl\/wp-content\/uploads\/2024\/07\/Terreno-1-1-1-705x409.jpg 705w, https:\/\/radiorevelacionfm.cl\/wp-content\/uploads\/2024\/07\/Terreno-1-1-1-450x261.jpg 450w, https:\/\/radiorevelacionfm.cl\/wp-content\/uploads\/2024\/07\/Terreno-1-1-1-600x348.jpg 600w\" sizes=\"(max-width: 1033px) 100vw, 1033px\" \/><\/div><\/div><\/div><\/div><div class=\"flex_column av_one_full  flex_column_div av-zero-column-padding first  avia-builder-el-2  el_after_av_one_full  el_before_av_one_full  column-top-margin\" style='border-radius:0px; '><section class=\"av_textblock_section \"  itemscope=\"itemscope\" itemtype=\"https:\/\/schema.org\/BlogPosting\" itemprop=\"blogPost\" ><div class='avia_textblock  '   itemprop=\"text\" ><p style=\"text-align: center;\"><strong><span style=\"font-size: 18pt;\">A 53 a\u00f1os de la Nacionalizaci\u00f3n del Cobre: recursos del Royalty Minero\u00a0impulsan la equidad territorial en Ays\u00e9n<\/span><\/strong><\/p>\n<div id=\"gtx-trans\" style=\"position: absolute; left: -50px; top: 4.31534px;\">\n<div class=\"gtx-trans-icon\"><\/div>\n<\/div>\n<\/div><\/section><\/div><div class=\"flex_column av_one_full  flex_column_div av-zero-column-padding first  avia-builder-el-4  el_after_av_one_full  el_before_av_hr  column-top-margin\" style='border-radius:0px; '><section class=\"av_textblock_section \"  itemscope=\"itemscope\" itemtype=\"https:\/\/schema.org\/BlogPosting\" itemprop=\"blogPost\" ><div class='avia_textblock  '   itemprop=\"text\" ><p dir=\"ltr\" style=\"text-align: justify;\"><em>En la conmemoraci\u00f3n de la Nacionalizaci\u00f3n del Cobre autoridades regionales resaltan el impacto del Royalty Minero en la Regi\u00f3n de Ays\u00e9n, donde 10 municipios ya avanzan en proyectos financiados por este fondo, promoviendo la descentralizaci\u00f3n y el desarrollo territorial.\u00a0<\/em><\/p>\n<p dir=\"ltr\" style=\"text-align: justify;\">La conmemoraci\u00f3n de los 53 a\u00f1os de la Nacionalizaci\u00f3n del Cobre durante el presente mes de julio, marca un hito en la historia de Chile y resalta la importancia de la miner\u00eda para el desarrollo nacional. En este contexto, autoridades locales resaltan que la Regi\u00f3n de Ays\u00e9n se beneficia significativamente de los recursos del Royalty Minero con la transferencia de 1.377 millones de pesos a diez municipios, lo que permite avanzar en proyectos que buscan mejorar la calidad de vida de sus habitantes, reflejando un compromiso con la equidad territorial y la descentralizaci\u00f3n.<\/p>\n<p dir=\"ltr\" style=\"text-align: justify;\">Cabe se\u00f1alar que estos fondos, destinados a diversas iniciativas, abarcan desde infraestructuras b\u00e1sicas hasta programas sociales y educativos, entre otros. La implementaci\u00f3n de estos proyectos fortalece el presupuesto municipal y tambi\u00e9n promueve una gesti\u00f3n m\u00e1s aut\u00f3noma y eficiente de los recursos, adaptada a las necesidades espec\u00edficas de cada comuna. Este enfoque regionalizado asegura que las inversiones tengan un impacto directo y positivo en las comunidades m\u00e1s aisladas y vulnerables de Ays\u00e9n.<\/p>\n<p dir=\"ltr\" style=\"text-align: justify;\"><span id=\"v1gmail-docs-internal-guid-4a3577c0-7fff-d43f-eab9-8428bc77571e\">Al respecto, el Delegado Presidencial Regional, Rodrigo Araya Morales, resalt\u00f3 las iniciativas que se han impulsado en los municipios de la regi\u00f3n con los recursos del Royalty Minero y el aporte\u00a0<\/span>de esta ley\u00a0a la descentralizaci\u00f3n. \u00abVemos muy buenos ejemplos de inversi\u00f3n de parte de algunos municipios con estos recursos que se entregaron hace algunos meses. Por ejemplo, en Guaitecas, bono de calefacci\u00f3n y programa de empleo; en Cisnes, operativos m\u00e9dicos y en Tortel, fortalecimiento de la Unidad de Emergencias y Desastres. Esto demuestra que hemos sido capaces de que la Ley de Royalty Minero beneficie a cada habitante de la regi\u00f3n de Ays\u00e9n, Eso es descentralizaci\u00f3n real y vamos a seguir avanzando en ese camino\u00bb, enfatiz\u00f3.<\/p>\n<p dir=\"ltr\" style=\"text-align: justify;\">En el mismo tenor, Juan V\u00e1squez Alarc\u00f3n, Seremi de Miner\u00eda Ays\u00e9n, valor\u00f3 los aportes de esta ley a los municipios de la regi\u00f3n. \u00abEl 100% de los municipios regionales tienen comprometida la destinaci\u00f3n de los recursos transferidos a trav\u00e9s del Fondo de Equidad Territorial del Royalty Minero. Estos fondos est\u00e1n cumpliendo con el esp\u00edritu para el cual fueron aprobados por ley,\u00a0destin\u00e1ndose\u00a0a diferentes requerimientos locales como el mejoramiento de infraestructura, el apoyo social, el fortalecimiento de servicios municipales y programas sociales, la gesti\u00f3n de residuos s\u00f3lidos, la generaci\u00f3n de empleos y la promoci\u00f3n del desarrollo comunal. Adem\u00e1s, los fondos tambi\u00e9n se utilizan para la realizaci\u00f3n de eventos culturales locales, subvenciones municipales para organizaciones y la gesti\u00f3n de emergencias\u00bb, se\u00f1al\u00f3 la autoridad.<\/p>\n<p dir=\"ltr\" style=\"text-align: justify;\">Por su parte, Marcos Silva Miranda, Alcalde de Guaitecas, inform\u00f3 que se cre\u00f3 un plan de empleo para cerca de 30 vecinas y vecinos de Repollal; se\u00a0robusteci\u00f3\u00a0un bono a la calefacci\u00f3n y un subsidio al consumo el\u00e9ctrico que ya pose\u00eda la municipalidad y se aument\u00f3 el monto y la cobertura gracias a estos recursos. Adem\u00e1s se destinar\u00e1n recursos para seguir habilitando accesos universales a casas de personas mayores de la comuna, se mejorar\u00e1n instalaciones el\u00e9ctricas y se destinar\u00e1n recursos para mejorar la habitabilidad de algunas familias, entre otras iniciativas. \u00abHay varias l\u00edneas de trabajo que desarrollar como limpieza, canalizaci\u00f3n de aguas, tambi\u00e9n las mejoras de algunas de mallas de gaviones, sobre todo este a\u00f1o que han surgido situaciones complejas que tienen que ver con el \u00e1mbito de la pesca artesanal, por lo tanto, eso ha hecho que hoy d\u00eda tengamos un n\u00famero mayor de personas requiriendo de alguna manera estos trabajos de absorci\u00f3n de mano de obra por un monto de m\u00e1s de 30 millones de pesos por tres meses, pero lo bueno que hoy d\u00eda hay un programa implementado y eso va a permitir tambi\u00e9n ir trabajando otros programas este a\u00f1o 2024; por lo tanto, esperamos extender por varias veces m\u00e1s la absorci\u00f3n de mano de obra embarcada en otras iniciativas\u00bb, expres\u00f3.<\/p>\n<p dir=\"ltr\" style=\"text-align: justify;\">El Alcalde de la comuna de Lago Verde, Nelson Opazo L\u00f3pez, se\u00f1al\u00f3 que los recursos asignados a su comuna fueron destinados a fortalecer el proyecto manejo eficiente de residuos domiciliarios que se impulsa en la comuna. \u00abEn ese contexto, el aporte generado a trav\u00e9s de la Ley de Royalty minero nos permiti\u00f3 poder inyectar recursos frescos de manera concreta y directa a ese fin, por ende, nuestra decisi\u00f3n, en conjunto con nuestro Concejo, fue vinculada a poder incorporar los temas adicionales que estaban pendientes para poder iniciar este a\u00f1o ya el proceso de trabajo en lo que significa cero residuos para la comuna del lago Verde en este caso en alianzas con empresas privadas en este caso Puerto Ays\u00e9n empresas Bahamonde y con un equipo contratado para tales efectos\u00bb, especific\u00f3.<\/p>\n<p dir=\"ltr\" style=\"text-align: justify;\">A su vez, el Alcalde de la comuna de Tortel, Abel Becerra Vidal, tambi\u00e9n detall\u00f3 algunos de los proyectos que se financiar\u00e1n con los recursos del Royalty Minero. \u00abCon la reciente incorporaci\u00f3n de mayores ingresos, esto por efecto del Royalty, a nuestro municipio se le asignaron alrededor de 119 millones de pesos en donde nosotros logramos financiar ocho iniciativas y de las cuales tres son las m\u00e1s sobresalientes que tienen que ver con la vinculaci\u00f3n con la comunidad y una de ellas fue la contrataci\u00f3n de una productora para celebrar nuestro aniversario n\u00famero 69 de la comuna; otra bien significativa tambi\u00e9n, fue para ir en colaboraci\u00f3n y en convenio de la posta de salud rural, con la contrataci\u00f3n de un personal administrativo y por \u00faltimo, la compra de materiales de construcci\u00f3n para ir en ayuda de nuestros pobladores y especialmente de nuestros adultos mayores\u00bb, expres\u00f3.<\/p>\n<p dir=\"ltr\" style=\"text-align: justify;\">Finalmente, cabe se\u00f1alar que el Royalty Minero es una iniciativa apoyada por el Gobierno que modific\u00f3 los impuestos que pagan las grandes empresas del sector y que establece la distribuci\u00f3n de mayores recursos a gobiernos regionales y municipios de todo el pa\u00eds. Es importante destacar que cada municipio debe reportar trimestralmente la ejecuci\u00f3n financiera a la Subsecretar\u00eda de Desarrollo Regional y al propio Concejo Municipal. Este procedimiento asegura la transparencia y el acceso a la informaci\u00f3n para todos los vecinos y vecinas de cada comuna.<\/p>\n<\/div><\/section><\/div><div  style='height:50px' class='hr hr-invisible   avia-builder-el-6  el_after_av_one_full  el_before_av_social_share '><span class='hr-inner ' ><span class='hr-inner-style'><\/span><\/span><\/div><\/p>\n<div  class='av-social-sharing-box  avia-builder-el-7  el_after_av_hr  el_before_av_hr  '><div class='av-share-box'><h5 class='av-share-link-description av-no-toc '>Compartir esta noticia<\/h5><ul class='av-share-box-list noLightbox'><li class='av-share-link av-social-link-facebook' ><a target=\"_blank\" aria-label=\"Compartir en Facebook\" href='https:\/\/www.facebook.com\/sharer.php?u=https:\/\/radiorevelacionfm.cl\/?p=44245&#038;t=A%2053%20a%C3%B1os%20de%20la%20Nacionalizaci%C3%B3n%20del%20Cobre%3A%20recursos%20del%20Royalty%20Minero%20impulsan%20la%20equidad%20territorial%20en%20Ays%C3%A9n' aria-hidden='false' data-av_icon='\ue8f3' data-av_iconfont='entypo-fontello' title='' data-avia-related-tooltip='Compartir en Facebook' rel=\"noopener\"><span class='avia_hidden_link_text'>Compartir en Facebook<\/span><\/a><\/li><li class='av-share-link av-social-link-twitter' ><a target=\"_blank\" aria-label=\"Compartir en Twitter\" href='https:\/\/twitter.com\/share?text=A%2053%20a%C3%B1os%20de%20la%20Nacionalizaci%C3%B3n%20del%20Cobre%3A%20recursos%20del%20Royalty%20Minero%20impulsan%20la%20equidad%20territorial%20en%20Ays%C3%A9n&#038;url=https:\/\/radiorevelacionfm.cl\/?p=44245' aria-hidden='false' data-av_icon='\ue8f1' data-av_iconfont='entypo-fontello' title='' data-avia-related-tooltip='Compartir en Twitter' rel=\"noopener\"><span class='avia_hidden_link_text'>Compartir en Twitter<\/span><\/a><\/li><li class='av-share-link av-social-link-whatsapp' ><a target=\"_blank\" aria-label=\"Compartir en Whatsapp\" href='https:\/\/api.whatsapp.com\/send?text=https:\/\/radiorevelacionfm.cl\/?p=44245' aria-hidden='false' data-av_icon='\uf232' data-av_iconfont='entypo-fontello' title='' data-avia-related-tooltip='Compartir en Whatsapp' rel=\"noopener\"><span class='avia_hidden_link_text'>Compartir en Whatsapp<\/span><\/a><\/li><li class='av-share-link av-social-link-linkedin' ><a target=\"_blank\" aria-label=\"Compartir en LinkedIn\" href='https:\/\/linkedin.com\/shareArticle?mini=true&#038;title=A%2053%20a%C3%B1os%20de%20la%20Nacionalizaci%C3%B3n%20del%20Cobre%3A%20recursos%20del%20Royalty%20Minero%20impulsan%20la%20equidad%20territorial%20en%20Ays%C3%A9n&#038;url=https:\/\/radiorevelacionfm.cl\/?p=44245' aria-hidden='false' data-av_icon='\ue8fc' data-av_iconfont='entypo-fontello' title='' data-avia-related-tooltip='Compartir en LinkedIn' rel=\"noopener\"><span class='avia_hidden_link_text'>Compartir en LinkedIn<\/span><\/a><\/li><li class='av-share-link av-social-link-mail' ><a  aria-label=\"Compartir por correo\" href='mailto:?subject=A%2053%20a%C3%B1os%20de%20la%20Nacionalizaci%C3%B3n%20del%20Cobre%3A%20recursos%20del%20Royalty%20Minero%20impulsan%20la%20equidad%20territorial%20en%20Ays%C3%A9n&#038;body=https:\/\/radiorevelacionfm.cl\/?p=44245' aria-hidden='false' data-av_icon='\ue805' data-av_iconfont='entypo-fontello' title='' data-avia-related-tooltip='Compartir por correo'><span class='avia_hidden_link_text'>Compartir por correo<\/span><\/a><\/li><\/ul><\/div><\/div>\n<div  style='height:50px' class='hr hr-invisible   avia-builder-el-8  el_after_av_social_share  el_before_av_comments_list '><span class='hr-inner ' ><span class='hr-inner-style'><\/span><\/span><\/div>\n<div  class='av-buildercomment  av-blog-meta-html-info-disabled av-blog-meta-tag-disabled  '><\/div>\n","protected":false},"excerpt":{"rendered":"","protected":false},"author":1,"featured_media":44246,"comment_status":"open","ping_status":"open","sticky":false,"template":"","format":"standard","meta":{"footnotes":""},"categories":[38],"tags":[],"class_list":["post-44245","post","type-post","status-publish","format-standard","has-post-thumbnail","hentry","category-regional"],"jetpack_featured_media_url":"https:\/\/radiorevelacionfm.cl\/wp-content\/uploads\/2024\/07\/Terreno-1-1-1.jpg","_links":{"self":[{"href":"https:\/\/radiorevelacionfm.cl\/index.php?rest_route=\/wp\/v2\/posts\/44245","targetHints":{"allow":["GET"]}}],"collection":[{"href":"https:\/\/radiorevelacionfm.cl\/index.php?rest_route=\/wp\/v2\/posts"}],"about":[{"href":"https:\/\/radiorevelacionfm.cl\/index.php?rest_route=\/wp\/v2\/types\/post"}],"author":[{"embeddable":true,"href":"https:\/\/radiorevelacionfm.cl\/index.php?rest_route=\/wp\/v2\/users\/1"}],"replies":[{"embeddable":true,"href":"https:\/\/radiorevelacionfm.cl\/index.php?rest_route=%2Fwp%2Fv2%2Fcomments&post=44245"}],"version-history":[{"count":1,"href":"https:\/\/radiorevelacionfm.cl\/index.php?rest_route=\/wp\/v2\/posts\/44245\/revisions"}],"predecessor-version":[{"id":44247,"href":"https:\/\/radiorevelacionfm.cl\/index.php?rest_route=\/wp\/v2\/posts\/44245\/revisions\/44247"}],"wp:featuredmedia":[{"embeddable":true,"href":"https:\/\/radiorevelacionfm.cl\/index.php?rest_route=\/wp\/v2\/media\/44246"}],"wp:attachment":[{"href":"https:\/\/radiorevelacionfm.cl\/index.php?rest_route=%2Fwp%2Fv2%2Fmedia&parent=44245"}],"wp:term":[{"taxonomy":"category","embeddable":true,"href":"https:\/\/radiorevelacionfm.cl\/index.php?rest_route=%2Fwp%2Fv2%2Fcategories&post=44245"},{"taxonomy":"post_tag","embeddable":true,"href":"https:\/\/radiorevelacionfm.cl\/index.php?rest_route=%2Fwp%2Fv2%2Ftags&post=44245"}],"curies":[{"name":"wp","href":"https:\/\/api.w.org\/{rel}","templated":true}]}}