{"id":44242,"date":"2024-07-18T11:29:24","date_gmt":"2024-07-18T14:29:24","guid":{"rendered":"https:\/\/radiorevelacionfm.cl\/?p=44242"},"modified":"2024-07-18T11:29:24","modified_gmt":"2024-07-18T14:29:24","slug":"calisto-se-reune-con-subsecretario-de-bienes-nacionales-por-comite-de-villa-ohiggins-traspaso-de-terreno-podria-concretarse-proximamente","status":"publish","type":"post","link":"https:\/\/radiorevelacionfm.cl\/?p=44242","title":{"rendered":"Calisto se re\u00fane con Subsecretario de Bienes Nacionales por comit\u00e9 de Villa O\u00b4Higgins: Traspaso de terreno podr\u00eda concretarse pr\u00f3ximamente"},"content":{"rendered":"<div class=\"flex_column av_one_full  flex_column_div av-zero-column-padding first  avia-builder-el-0  el_before_av_one_full  avia-builder-el-first  \" style='border-radius:0px; '><div  class='avia-image-container  av-styling-    avia-builder-el-1  avia-builder-el-no-sibling  avia-align-center '  itemprop=\"image\" itemscope=\"itemscope\" itemtype=\"https:\/\/schema.org\/ImageObject\"  ><div class='avia-image-container-inner'><div class='avia-image-overlay-wrap'><img decoding=\"async\" class='wp-image-44243 avia-img-lazy-loading-not-44243 avia_image' src=\"https:\/\/radiorevelacionfm.cl\/wp-content\/uploads\/2024\/07\/FOTO-REU-BBNN-1-1.jpg\" alt='' title='FOTO REU BBNN (1) (1)' height=\"600\" width=\"1091\"  itemprop=\"thumbnailUrl\" srcset=\"https:\/\/radiorevelacionfm.cl\/wp-content\/uploads\/2024\/07\/FOTO-REU-BBNN-1-1.jpg 1091w, https:\/\/radiorevelacionfm.cl\/wp-content\/uploads\/2024\/07\/FOTO-REU-BBNN-1-1-300x165.jpg 300w, https:\/\/radiorevelacionfm.cl\/wp-content\/uploads\/2024\/07\/FOTO-REU-BBNN-1-1-1030x566.jpg 1030w, https:\/\/radiorevelacionfm.cl\/wp-content\/uploads\/2024\/07\/FOTO-REU-BBNN-1-1-768x422.jpg 768w, https:\/\/radiorevelacionfm.cl\/wp-content\/uploads\/2024\/07\/FOTO-REU-BBNN-1-1-705x388.jpg 705w, https:\/\/radiorevelacionfm.cl\/wp-content\/uploads\/2024\/07\/FOTO-REU-BBNN-1-1-450x247.jpg 450w, https:\/\/radiorevelacionfm.cl\/wp-content\/uploads\/2024\/07\/FOTO-REU-BBNN-1-1-600x330.jpg 600w\" sizes=\"(max-width: 1091px) 100vw, 1091px\" \/><\/div><\/div><\/div><\/div><div class=\"flex_column av_one_full  flex_column_div av-zero-column-padding first  avia-builder-el-2  el_after_av_one_full  el_before_av_one_full  column-top-margin\" style='border-radius:0px; '><section class=\"av_textblock_section \"  itemscope=\"itemscope\" itemtype=\"https:\/\/schema.org\/BlogPosting\" itemprop=\"blogPost\" ><div class='avia_textblock  '   itemprop=\"text\" ><p style=\"text-align: center;\"><span style=\"font-size: 18pt;\"><b><span lang=\"ES\">Calisto se re\u00fane con Subsecretario de Bienes Nacionales por comit\u00e9 de Villa O\u00b4Higgins: Traspaso de terreno podr\u00eda concretarse pr\u00f3ximamente<\/span><\/b><\/span><\/p>\n<div id=\"gtx-trans\" style=\"position: absolute; left: -50px; top: 4.31534px;\">\n<div class=\"gtx-trans-icon\"><\/div>\n<\/div>\n<\/div><\/section><\/div><div class=\"flex_column av_one_full  flex_column_div av-zero-column-padding first  avia-builder-el-4  el_after_av_one_full  el_before_av_hr  column-top-margin\" style='border-radius:0px; '><section class=\"av_textblock_section \"  itemscope=\"itemscope\" itemtype=\"https:\/\/schema.org\/BlogPosting\" itemprop=\"blogPost\" ><div class='avia_textblock  '   itemprop=\"text\" ><p style=\"font-weight: 400; text-align: justify;\">El diputado Miguel \u00c1ngel Calisto y la presidenta del Comit\u00e9 Villa Austral, Daniela Espinoza, se reunieron con el Subsecretario de Bienes Nacionales, Sebasti\u00e1n Vergara, con la intenci\u00f3n de solicitarle que se agilice la tramitaci\u00f3n del traspaso del terreno donde se proyectan las viviendas.<\/p>\n<p style=\"font-weight: 400; text-align: justify;\">Hace algunos meses, el general de Carabineros de Ays\u00e9n, Patricio Santos, confirm\u00f3 que este pa\u00f1o que es de propiedad de la instituci\u00f3n, ser\u00e1 traspasado al comit\u00e9. El subsecretario confirm\u00f3 que esto se est\u00e1 gestionando y que prontamente podr\u00eda concretarse.<\/p>\n<p style=\"font-weight: 400; text-align: justify;\">Seg\u00fan el diputado Calisto, \u201cquiero felicitar le trabajo de la Presidenta del Comit\u00e9 Villa Austral, Daniela Espinoza. Son cerca de 30 familias de Villa O\u00b4Higgins que est\u00e1n esperando su casa. Quiero tambi\u00e9n agradecer al Subsecretario por la disposici\u00f3n, estamos viendo que est\u00e1 avanzando la gesti\u00f3n de este terreno que dispuso Carabineros y que hoy estamos a la espera se concrete el traspaso\u201d.<\/p>\n<p style=\"font-weight: 400; text-align: justify;\">\u201cEsperamos que esto sea lo antes posible, porque ellos necesitan tener el terreno en propiedad para poder postular a los Subsidios. Ese es el objetivo nuestro, y esperamos que sea lo antes posible para que puedan realizar esta postulaci\u00f3n no m\u00e1s all\u00e1 del primer semestre del pr\u00f3ximo a\u00f1o\u201d, indic\u00f3.<\/p>\n<p style=\"font-weight: 400; text-align: justify;\">Calisto se\u00f1al\u00f3 que \u201chubiese sido ideal que esto pudiera haber tenido avances concretos este a\u00f1o, pero hay que esperar la conversaci\u00f3n entre Bienes Nacionales, Serviu y Carabineros para concretar el traspaso. Lo importante es que ya tenemos la decisi\u00f3n para que este terreno, que es de Carabineros, pase al comit\u00e9 Villa Austral\u201d.<\/p>\n<p style=\"font-weight: 400; text-align: justify;\">Seg\u00fan el Subsecretario Vergara, \u201choy recibimos al diputado y a una Dirigente social de la comuna de Villa O&#8217;Higgins, quienes nos vinieron a plantear una problem\u00e1tica relacionada a la posibilidad de optar al Subsidio habitacional para contar pronto con su casa propia. Nosotros como Bienes Nacionales hemos tomado el compromiso de agilizar al m\u00e1ximo los planes para permitir que en un futuro cercano puedan cumplir sus sue\u00f1os\u201d.<\/p>\n<p style=\"font-weight: 400; text-align: justify;\">Finalmente, la presidenta del Comit\u00e9 Daniela Espinoza, asegur\u00f3 que \u201cestamos con el sue\u00f1o de la casa propia. Nosotros esperamos muy pronto el traspaso del terreno, para poder postular a los subsidios y tener nuestras casas\u201d.<\/p>\n<\/div><\/section><\/div><div  style='height:50px' class='hr hr-invisible   avia-builder-el-6  el_after_av_one_full  el_before_av_social_share '><span class='hr-inner ' ><span class='hr-inner-style'><\/span><\/span><\/div><\/p>\n<div  class='av-social-sharing-box  avia-builder-el-7  el_after_av_hr  el_before_av_hr  '><div class='av-share-box'><h5 class='av-share-link-description av-no-toc '>Compartir esta noticia<\/h5><ul class='av-share-box-list noLightbox'><li class='av-share-link av-social-link-facebook' ><a target=\"_blank\" aria-label=\"Compartir en Facebook\" href='https:\/\/www.facebook.com\/sharer.php?u=https:\/\/radiorevelacionfm.cl\/?p=44242&#038;t=Calisto%20se%20re%C3%BAne%20con%20Subsecretario%20de%20Bienes%20Nacionales%20por%20comit%C3%A9%20de%20Villa%20O%C2%B4Higgins%3A%20Traspaso%20de%20terreno%20podr%C3%ADa%20concretarse%20pr%C3%B3ximamente' aria-hidden='false' data-av_icon='\ue8f3' data-av_iconfont='entypo-fontello' title='' data-avia-related-tooltip='Compartir en Facebook' rel=\"noopener\"><span class='avia_hidden_link_text'>Compartir en Facebook<\/span><\/a><\/li><li class='av-share-link av-social-link-twitter' ><a target=\"_blank\" aria-label=\"Compartir en Twitter\" href='https:\/\/twitter.com\/share?text=Calisto%20se%20re%C3%BAne%20con%20Subsecretario%20de%20Bienes%20Nacionales%20por%20comit%C3%A9%20de%20Villa%20O%C2%B4Higgins%3A%20Traspaso%20de%20terreno%20podr%C3%ADa%20concretarse%20pr%C3%B3ximamente&#038;url=https:\/\/radiorevelacionfm.cl\/?p=44242' aria-hidden='false' data-av_icon='\ue8f1' data-av_iconfont='entypo-fontello' title='' data-avia-related-tooltip='Compartir en Twitter' rel=\"noopener\"><span class='avia_hidden_link_text'>Compartir en Twitter<\/span><\/a><\/li><li class='av-share-link av-social-link-whatsapp' ><a target=\"_blank\" aria-label=\"Compartir en Whatsapp\" href='https:\/\/api.whatsapp.com\/send?text=https:\/\/radiorevelacionfm.cl\/?p=44242' aria-hidden='false' data-av_icon='\uf232' data-av_iconfont='entypo-fontello' title='' data-avia-related-tooltip='Compartir en Whatsapp' rel=\"noopener\"><span class='avia_hidden_link_text'>Compartir en Whatsapp<\/span><\/a><\/li><li class='av-share-link av-social-link-linkedin' ><a target=\"_blank\" aria-label=\"Compartir en LinkedIn\" href='https:\/\/linkedin.com\/shareArticle?mini=true&#038;title=Calisto%20se%20re%C3%BAne%20con%20Subsecretario%20de%20Bienes%20Nacionales%20por%20comit%C3%A9%20de%20Villa%20O%C2%B4Higgins%3A%20Traspaso%20de%20terreno%20podr%C3%ADa%20concretarse%20pr%C3%B3ximamente&#038;url=https:\/\/radiorevelacionfm.cl\/?p=44242' aria-hidden='false' data-av_icon='\ue8fc' data-av_iconfont='entypo-fontello' title='' data-avia-related-tooltip='Compartir en LinkedIn' rel=\"noopener\"><span class='avia_hidden_link_text'>Compartir en LinkedIn<\/span><\/a><\/li><li class='av-share-link av-social-link-mail' ><a  aria-label=\"Compartir por correo\" href='mailto:?subject=Calisto%20se%20re%C3%BAne%20con%20Subsecretario%20de%20Bienes%20Nacionales%20por%20comit%C3%A9%20de%20Villa%20O%C2%B4Higgins%3A%20Traspaso%20de%20terreno%20podr%C3%ADa%20concretarse%20pr%C3%B3ximamente&#038;body=https:\/\/radiorevelacionfm.cl\/?p=44242' aria-hidden='false' data-av_icon='\ue805' data-av_iconfont='entypo-fontello' title='' data-avia-related-tooltip='Compartir por correo'><span class='avia_hidden_link_text'>Compartir por correo<\/span><\/a><\/li><\/ul><\/div><\/div>\n<div  style='height:50px' class='hr hr-invisible   avia-builder-el-8  el_after_av_social_share  el_before_av_comments_list '><span class='hr-inner ' ><span class='hr-inner-style'><\/span><\/span><\/div>\n<div  class='av-buildercomment  av-blog-meta-html-info-disabled av-blog-meta-tag-disabled  '><\/div>\n","protected":false},"excerpt":{"rendered":"","protected":false},"author":1,"featured_media":44243,"comment_status":"open","ping_status":"open","sticky":false,"template":"","format":"standard","meta":{"footnotes":""},"categories":[35],"tags":[],"class_list":["post-44242","post","type-post","status-publish","format-standard","has-post-thumbnail","hentry","category-politica"],"jetpack_featured_media_url":"https:\/\/radiorevelacionfm.cl\/wp-content\/uploads\/2024\/07\/FOTO-REU-BBNN-1-1.jpg","_links":{"self":[{"href":"https:\/\/radiorevelacionfm.cl\/index.php?rest_route=\/wp\/v2\/posts\/44242","targetHints":{"allow":["GET"]}}],"collection":[{"href":"https:\/\/radiorevelacionfm.cl\/index.php?rest_route=\/wp\/v2\/posts"}],"about":[{"href":"https:\/\/radiorevelacionfm.cl\/index.php?rest_route=\/wp\/v2\/types\/post"}],"author":[{"embeddable":true,"href":"https:\/\/radiorevelacionfm.cl\/index.php?rest_route=\/wp\/v2\/users\/1"}],"replies":[{"embeddable":true,"href":"https:\/\/radiorevelacionfm.cl\/index.php?rest_route=%2Fwp%2Fv2%2Fcomments&post=44242"}],"version-history":[{"count":1,"href":"https:\/\/radiorevelacionfm.cl\/index.php?rest_route=\/wp\/v2\/posts\/44242\/revisions"}],"predecessor-version":[{"id":44244,"href":"https:\/\/radiorevelacionfm.cl\/index.php?rest_route=\/wp\/v2\/posts\/44242\/revisions\/44244"}],"wp:featuredmedia":[{"embeddable":true,"href":"https:\/\/radiorevelacionfm.cl\/index.php?rest_route=\/wp\/v2\/media\/44243"}],"wp:attachment":[{"href":"https:\/\/radiorevelacionfm.cl\/index.php?rest_route=%2Fwp%2Fv2%2Fmedia&parent=44242"}],"wp:term":[{"taxonomy":"category","embeddable":true,"href":"https:\/\/radiorevelacionfm.cl\/index.php?rest_route=%2Fwp%2Fv2%2Fcategories&post=44242"},{"taxonomy":"post_tag","embeddable":true,"href":"https:\/\/radiorevelacionfm.cl\/index.php?rest_route=%2Fwp%2Fv2%2Ftags&post=44242"}],"curies":[{"name":"wp","href":"https:\/\/api.w.org\/{rel}","templated":true}]}}