{"id":44235,"date":"2024-07-17T21:57:08","date_gmt":"2024-07-18T00:57:08","guid":{"rendered":"https:\/\/radiorevelacionfm.cl\/?p=44235"},"modified":"2024-07-17T21:57:08","modified_gmt":"2024-07-18T00:57:08","slug":"emprendedores-y-emprendedoras-impulsan-sus-negocios-con-fotografia-digital","status":"publish","type":"post","link":"https:\/\/radiorevelacionfm.cl\/?p=44235","title":{"rendered":"Emprendedores y emprendedoras impulsan sus negocios con fotograf\u00eda digital"},"content":{"rendered":"<div class=\"flex_column av_one_full  flex_column_div av-zero-column-padding first  avia-builder-el-0  el_before_av_one_full  avia-builder-el-first  \" style='border-radius:0px; '><div  class='avia-image-container  av-styling-    avia-builder-el-1  avia-builder-el-no-sibling  avia-align-center '  itemprop=\"image\" itemscope=\"itemscope\" itemtype=\"https:\/\/schema.org\/ImageObject\"  ><div class='avia-image-container-inner'><div class='avia-image-overlay-wrap'><img decoding=\"async\" class='wp-image-44236 avia-img-lazy-loading-not-44236 avia_image' src=\"https:\/\/radiorevelacionfm.cl\/wp-content\/uploads\/2024\/07\/taller-fotografia-5-1_optimized.jpg\" alt='' title='taller-fotografia-5-(1)_optimized' height=\"600\" width=\"1067\"  itemprop=\"thumbnailUrl\" srcset=\"https:\/\/radiorevelacionfm.cl\/wp-content\/uploads\/2024\/07\/taller-fotografia-5-1_optimized.jpg 1067w, https:\/\/radiorevelacionfm.cl\/wp-content\/uploads\/2024\/07\/taller-fotografia-5-1_optimized-300x169.jpg 300w, https:\/\/radiorevelacionfm.cl\/wp-content\/uploads\/2024\/07\/taller-fotografia-5-1_optimized-1030x579.jpg 1030w, https:\/\/radiorevelacionfm.cl\/wp-content\/uploads\/2024\/07\/taller-fotografia-5-1_optimized-768x432.jpg 768w, https:\/\/radiorevelacionfm.cl\/wp-content\/uploads\/2024\/07\/taller-fotografia-5-1_optimized-705x396.jpg 705w, https:\/\/radiorevelacionfm.cl\/wp-content\/uploads\/2024\/07\/taller-fotografia-5-1_optimized-450x253.jpg 450w, https:\/\/radiorevelacionfm.cl\/wp-content\/uploads\/2024\/07\/taller-fotografia-5-1_optimized-600x337.jpg 600w\" sizes=\"(max-width: 1067px) 100vw, 1067px\" \/><\/div><\/div><\/div><\/div><div class=\"flex_column av_one_full  flex_column_div av-zero-column-padding first  avia-builder-el-2  el_after_av_one_full  el_before_av_one_full  column-top-margin\" style='border-radius:0px; '><section class=\"av_textblock_section \"  itemscope=\"itemscope\" itemtype=\"https:\/\/schema.org\/BlogPosting\" itemprop=\"blogPost\" ><div class='avia_textblock  '   itemprop=\"text\" ><p style=\"text-align: center;\"><strong><span style=\"font-size: 18pt;\">Emprendedores y emprendedoras impulsan sus negocios con fotograf\u00eda digital<\/span><\/strong><\/p>\n<div id=\"gtx-trans\" style=\"position: absolute; left: -50px; top: 4.31534px;\">\n<div class=\"gtx-trans-icon\"><\/div>\n<\/div>\n<\/div><\/section><\/div><div class=\"flex_column av_one_full  flex_column_div av-zero-column-padding first  avia-builder-el-4  el_after_av_one_full  el_before_av_hr  column-top-margin\" style='border-radius:0px; '><section class=\"av_textblock_section \"  itemscope=\"itemscope\" itemtype=\"https:\/\/schema.org\/BlogPosting\" itemprop=\"blogPost\" ><div class='avia_textblock  '   itemprop=\"text\" ><p style=\"text-align: justify;\"><em>La Incubadora de Negocios, en colaboraci\u00f3n con Corfo y Geogama, capacit\u00f3 a emprendedores en fotograf\u00eda digital y uso de inteligencia artificial para mejorar sus estrategias de marketing.<\/em><\/p>\n<p style=\"text-align: justify;\">Las p\u00e1ginas web, redes sociales y cada vitrina virtual son hoy fundamentales a la hora de ofrecer un producto. Esto lo tienen muy claro en la Incubadora Regional de Negocios que ejecuta Ecoterr\u00e1neo en Puerto Ays\u00e9n, la cual cuenta con una significativa participaci\u00f3n de emprendedores y emprendedoras de todo el territorio.<\/p>\n<p style=\"text-align: justify;\">Para alcanzar visitas, seguidores y <em>likes<\/em> en internet, es fundamental ser creativo, captar la atenci\u00f3n con anuncios atractivos y mostrar nuestros productos estrella a trav\u00e9s de im\u00e1genes impactantes. En este sentido, la fotograf\u00eda juega un rol decisivo en este proceso, desde la elecci\u00f3n del lugar y la iluminaci\u00f3n hasta los colores, la creatividad, la edici\u00f3n y el toque personal que se les d\u00e9.<\/p>\n<p style=\"text-align: justify;\"><strong>APOYO CONTINUO<\/strong><\/p>\n<p style=\"text-align: justify;\">Teniendo plena claridad de lo anterior, la Incubadora de Negocios, financiada por segundo a\u00f1o consecutivo por Corfo y Geogama, ha brindado esta valiosa oportunidad a emprendedores y emprendedoras destacados en las primeras etapas del proceso, quienes requer\u00edan esta significativa herramienta para impulsar sus negocios.<\/p>\n<p style=\"text-align: justify;\">\u201cUna experiencia maravillosa, toc\u00f3 un grupo muy genial, ten\u00edan mucha energ\u00eda, eran muy curiosos y la verdad es que lo disfrute mucho. Esto me hizo reencantarme de nuevo, porque hay varias cosas que de repente con el tiempo, uno deja de lado, como algunos conceptos de la fotograf\u00eda. Pero los aprendimos bien, estuvimos utilizando varias aplicaciones, estuvimos trabajando con inteligencia artificial, que hoy en d\u00eda es un ejemplo importante. Pero en general fue una experiencia muy buena en Ecoterr\u00e1neo, la verdad es que, lo pase muy bien\u201d, manifest\u00f3 Ricardo Valencia, fot\u00f3grafo relator del taller.<\/p>\n<p style=\"text-align: justify;\">Valencia, hizo un llamado a los emprendedores y a la comunidad en general respecto a la fotograf\u00eda como herramienta para mostrar y vender productos. \u201cCreo que la herramienta de la inteligencia artificial se viene fuerte, se viene un cambio muy importante para el negocio, para el marketing, para la vida en general. Pero el consejo que le doy a los emprendedores, a la comunidad en general, que jueguen, que conozcan estas herramientas, que se metan un poquito m\u00e1s en lo que se viene hoy en d\u00eda, porque hay muchas cosas nuevas y que nos van a ayudar mucho a los emprendedores\u201d.<\/p>\n<p style=\"text-align: justify;\">Alejandra Soto, valor\u00f3 poder recibir informaci\u00f3n en torno a las novedades para editar, mejorar y subir fotograf\u00edas a las redes sociales, de la mano del buen desempe\u00f1o y la cordialidad del equipo de Ecoterr\u00e1neo. \u201cEl taller me pareci\u00f3 genial, todo lo que aprendimos fue muy bueno, sobre todo con los programas para editar y generar presentaciones con las fotos, as\u00ed es que, qued\u00e9 impactada tambi\u00e9n con muchas cosas que no sab\u00eda. Y nada que decir con los chiquillos, todos muy buenos, ellos est\u00e1n siempre al cien por ciento inform\u00e1ndonos de todo lo que hay aqu\u00ed en el Ecoterr\u00e1neo\u201d.<\/p>\n<p style=\"text-align: justify;\">Silvana Medina, es otra emprendedora del segundo a\u00f1o de la Incubadora de Negocios y quiso relevar el significado de ser parte de esta instancia, para poder acceder, por ejemplo, al taller de fotograf\u00eda. \u201cEl taller me pareci\u00f3 s\u00faper bueno, porque la verdad es que experiencia en fotograf\u00eda no tengo, entonces, es algo nuevo de aprender, el tema de los colores, la inteligencia artificial que igual vimos una pincelada, as\u00ed es que, lo encontr\u00e9 s\u00faper bueno. Este espacio tambi\u00e9n es s\u00faper bueno, porque aprendemos todos los d\u00edas en la incubadora de como poder desarrollar nuestro negocio y llevarlo a cabo con los objetivos que cada uno tiene\u201d.<\/p>\n<p style=\"text-align: justify;\">En este taller los participantes fueron muy participativos, hubo varias consultas y las clases fueron muy did\u00e1cticas, por lo tanto, dieron un gran valor a la iniciativa, que, desde ahora, les permitir\u00e1 mostrar sus productos bajo otra mirada, con nuevas herramientas, que les permita encantar a sus clientes y futuros nuevos compradores de sus productos mediante im\u00e1genes con sello personal y producidas para un mercado cada vez m\u00e1s competitivo.<\/p>\n<\/div><\/section><\/div><div  style='height:50px' class='hr hr-invisible   avia-builder-el-6  el_after_av_one_full  el_before_av_social_share '><span class='hr-inner ' ><span class='hr-inner-style'><\/span><\/span><\/div><\/p>\n<div  class='av-social-sharing-box  avia-builder-el-7  el_after_av_hr  el_before_av_hr  '><div class='av-share-box'><h5 class='av-share-link-description av-no-toc '>Compartir esta noticia<\/h5><ul class='av-share-box-list noLightbox'><li class='av-share-link av-social-link-facebook' ><a target=\"_blank\" aria-label=\"Compartir en Facebook\" href='https:\/\/www.facebook.com\/sharer.php?u=https:\/\/radiorevelacionfm.cl\/?p=44235&#038;t=Emprendedores%20y%20emprendedoras%20impulsan%20sus%20negocios%20con%20fotograf%C3%ADa%20digital' aria-hidden='false' data-av_icon='\ue8f3' data-av_iconfont='entypo-fontello' title='' data-avia-related-tooltip='Compartir en Facebook' rel=\"noopener\"><span class='avia_hidden_link_text'>Compartir en Facebook<\/span><\/a><\/li><li class='av-share-link av-social-link-twitter' ><a target=\"_blank\" aria-label=\"Compartir en Twitter\" href='https:\/\/twitter.com\/share?text=Emprendedores%20y%20emprendedoras%20impulsan%20sus%20negocios%20con%20fotograf%C3%ADa%20digital&#038;url=https:\/\/radiorevelacionfm.cl\/?p=44235' aria-hidden='false' data-av_icon='\ue8f1' data-av_iconfont='entypo-fontello' title='' data-avia-related-tooltip='Compartir en Twitter' rel=\"noopener\"><span class='avia_hidden_link_text'>Compartir en Twitter<\/span><\/a><\/li><li class='av-share-link av-social-link-whatsapp' ><a target=\"_blank\" aria-label=\"Compartir en Whatsapp\" href='https:\/\/api.whatsapp.com\/send?text=https:\/\/radiorevelacionfm.cl\/?p=44235' aria-hidden='false' data-av_icon='\uf232' data-av_iconfont='entypo-fontello' title='' data-avia-related-tooltip='Compartir en Whatsapp' rel=\"noopener\"><span class='avia_hidden_link_text'>Compartir en Whatsapp<\/span><\/a><\/li><li class='av-share-link av-social-link-linkedin' ><a target=\"_blank\" aria-label=\"Compartir en LinkedIn\" href='https:\/\/linkedin.com\/shareArticle?mini=true&#038;title=Emprendedores%20y%20emprendedoras%20impulsan%20sus%20negocios%20con%20fotograf%C3%ADa%20digital&#038;url=https:\/\/radiorevelacionfm.cl\/?p=44235' aria-hidden='false' data-av_icon='\ue8fc' data-av_iconfont='entypo-fontello' title='' data-avia-related-tooltip='Compartir en LinkedIn' rel=\"noopener\"><span class='avia_hidden_link_text'>Compartir en LinkedIn<\/span><\/a><\/li><li class='av-share-link av-social-link-mail' ><a  aria-label=\"Compartir por correo\" href='mailto:?subject=Emprendedores%20y%20emprendedoras%20impulsan%20sus%20negocios%20con%20fotograf%C3%ADa%20digital&#038;body=https:\/\/radiorevelacionfm.cl\/?p=44235' aria-hidden='false' data-av_icon='\ue805' data-av_iconfont='entypo-fontello' title='' data-avia-related-tooltip='Compartir por correo'><span class='avia_hidden_link_text'>Compartir por correo<\/span><\/a><\/li><\/ul><\/div><\/div>\n<div  style='height:50px' class='hr hr-invisible   avia-builder-el-8  el_after_av_social_share  el_before_av_comments_list '><span class='hr-inner ' ><span class='hr-inner-style'><\/span><\/span><\/div>\n<div  class='av-buildercomment  av-blog-meta-html-info-disabled av-blog-meta-tag-disabled  '><\/div>\n","protected":false},"excerpt":{"rendered":"","protected":false},"author":1,"featured_media":44236,"comment_status":"open","ping_status":"open","sticky":false,"template":"","format":"standard","meta":{"footnotes":""},"categories":[38],"tags":[],"class_list":["post-44235","post","type-post","status-publish","format-standard","has-post-thumbnail","hentry","category-regional"],"jetpack_featured_media_url":"https:\/\/radiorevelacionfm.cl\/wp-content\/uploads\/2024\/07\/taller-fotografia-5-1_optimized.jpg","_links":{"self":[{"href":"https:\/\/radiorevelacionfm.cl\/index.php?rest_route=\/wp\/v2\/posts\/44235","targetHints":{"allow":["GET"]}}],"collection":[{"href":"https:\/\/radiorevelacionfm.cl\/index.php?rest_route=\/wp\/v2\/posts"}],"about":[{"href":"https:\/\/radiorevelacionfm.cl\/index.php?rest_route=\/wp\/v2\/types\/post"}],"author":[{"embeddable":true,"href":"https:\/\/radiorevelacionfm.cl\/index.php?rest_route=\/wp\/v2\/users\/1"}],"replies":[{"embeddable":true,"href":"https:\/\/radiorevelacionfm.cl\/index.php?rest_route=%2Fwp%2Fv2%2Fcomments&post=44235"}],"version-history":[{"count":1,"href":"https:\/\/radiorevelacionfm.cl\/index.php?rest_route=\/wp\/v2\/posts\/44235\/revisions"}],"predecessor-version":[{"id":44237,"href":"https:\/\/radiorevelacionfm.cl\/index.php?rest_route=\/wp\/v2\/posts\/44235\/revisions\/44237"}],"wp:featuredmedia":[{"embeddable":true,"href":"https:\/\/radiorevelacionfm.cl\/index.php?rest_route=\/wp\/v2\/media\/44236"}],"wp:attachment":[{"href":"https:\/\/radiorevelacionfm.cl\/index.php?rest_route=%2Fwp%2Fv2%2Fmedia&parent=44235"}],"wp:term":[{"taxonomy":"category","embeddable":true,"href":"https:\/\/radiorevelacionfm.cl\/index.php?rest_route=%2Fwp%2Fv2%2Fcategories&post=44235"},{"taxonomy":"post_tag","embeddable":true,"href":"https:\/\/radiorevelacionfm.cl\/index.php?rest_route=%2Fwp%2Fv2%2Ftags&post=44235"}],"curies":[{"name":"wp","href":"https:\/\/api.w.org\/{rel}","templated":true}]}}