{"id":44232,"date":"2024-07-17T19:32:04","date_gmt":"2024-07-17T22:32:04","guid":{"rendered":"https:\/\/radiorevelacionfm.cl\/?p=44232"},"modified":"2024-07-17T19:32:04","modified_gmt":"2024-07-17T22:32:04","slug":"autoridades-refuerzan-llamado-a-la-prevencion-ante-sistema-frontal","status":"publish","type":"post","link":"https:\/\/radiorevelacionfm.cl\/?p=44232","title":{"rendered":"Autoridades refuerzan llamado a la prevenci\u00f3n ante sistema frontal"},"content":{"rendered":"<div class=\"flex_column av_one_full  flex_column_div av-zero-column-padding first  avia-builder-el-0  el_before_av_one_full  avia-builder-el-first  \" style='border-radius:0px; '><div  class='avia-image-container  av-styling-    avia-builder-el-1  avia-builder-el-no-sibling  avia-align-center '  itemprop=\"image\" itemscope=\"itemscope\" itemtype=\"https:\/\/schema.org\/ImageObject\"  ><div class='avia-image-container-inner'><div class='avia-image-overlay-wrap'><img decoding=\"async\" class='wp-image-44233 avia-img-lazy-loading-not-44233 avia_image' src=\"https:\/\/radiorevelacionfm.cl\/wp-content\/uploads\/2024\/07\/IMG-20240717-WA0010-1-1.jpg\" alt='' title='IMG-20240717-WA0010 (1) (1)' height=\"620\" width=\"804\"  itemprop=\"thumbnailUrl\" srcset=\"https:\/\/radiorevelacionfm.cl\/wp-content\/uploads\/2024\/07\/IMG-20240717-WA0010-1-1.jpg 804w, https:\/\/radiorevelacionfm.cl\/wp-content\/uploads\/2024\/07\/IMG-20240717-WA0010-1-1-300x231.jpg 300w, https:\/\/radiorevelacionfm.cl\/wp-content\/uploads\/2024\/07\/IMG-20240717-WA0010-1-1-768x592.jpg 768w, https:\/\/radiorevelacionfm.cl\/wp-content\/uploads\/2024\/07\/IMG-20240717-WA0010-1-1-705x544.jpg 705w, https:\/\/radiorevelacionfm.cl\/wp-content\/uploads\/2024\/07\/IMG-20240717-WA0010-1-1-450x347.jpg 450w, https:\/\/radiorevelacionfm.cl\/wp-content\/uploads\/2024\/07\/IMG-20240717-WA0010-1-1-600x463.jpg 600w\" sizes=\"(max-width: 804px) 100vw, 804px\" \/><\/div><\/div><\/div><\/div><div class=\"flex_column av_one_full  flex_column_div av-zero-column-padding first  avia-builder-el-2  el_after_av_one_full  el_before_av_one_full  column-top-margin\" style='border-radius:0px; '><section class=\"av_textblock_section \"  itemscope=\"itemscope\" itemtype=\"https:\/\/schema.org\/BlogPosting\" itemprop=\"blogPost\" ><div class='avia_textblock  '   itemprop=\"text\" ><p style=\"text-align: center;\"><span style=\"font-size: 18pt;\"><b>Autoridades refuerzan llamado a la prevenci\u00f3n ante sistema frontal<\/b><\/span><\/p>\n<div id=\"gtx-trans\" style=\"position: absolute; left: -50px; top: 4.31534px;\">\n<div class=\"gtx-trans-icon\"><\/div>\n<\/div>\n<\/div><\/section><\/div><div class=\"flex_column av_one_full  flex_column_div av-zero-column-padding first  avia-builder-el-4  el_after_av_one_full  el_before_av_hr  column-top-margin\" style='border-radius:0px; '><section class=\"av_textblock_section \"  itemscope=\"itemscope\" itemtype=\"https:\/\/schema.org\/BlogPosting\" itemprop=\"blogPost\" ><div class='avia_textblock  '   itemprop=\"text\" ><p style=\"font-weight: 400; text-align: justify;\">Un llamado a la prevenci\u00f3n y al autocuidado, en especial en los desplazamientos, ante el sistema frontal con precipitaciones de nieve, agua y temperaturas que podr\u00edan oscilar entre -3\u00b0C y -6\u00b0C en Coyhaique, formularon autoridades regionales, a partir del aviso de la Direcci\u00f3n Meteorol\u00f3gica de Chile.<\/p>\n<p style=\"font-weight: 400; text-align: justify;\">El Delegado Presidencial Regional, Rodrigo Araya, recalc\u00f3 que se requiere especial precauci\u00f3n en los desplazamientos, programando las salidas y siguiendo las recomendaciones de las autoridades correspondientes, para evitar hechos que lamentar.<\/p>\n<p style=\"font-weight: 400; text-align: justify;\">\u201cEsta nevada est\u00e1 ocurriendo en los sectores m\u00e1s altos de la zona central de la regi\u00f3n, se vienen d\u00edas fr\u00edos, por lo tanto, recordamos todas las medidas de cuidado para circular con los elementos de seguridad pertinentes en las rutas de la regi\u00f3n y tener las precauciones en los hogares para evitar accidentes\u201d, se\u00f1al\u00f3.<\/p>\n<p style=\"font-weight: 400; text-align: justify;\">El director regional de Senapred, Sidi Bravo, indic\u00f3 que hay sectores con escarcha, muy resbaladizos, por lo que se recomienda el uso de neum\u00e1ticos con clavos o cadenas.<\/p>\n<p style=\"font-weight: 400; text-align: justify;\">\u201cNo bajemos la guardia, tengamos autocuidado, prevenci\u00f3n en los desplazamientos vehiculares como de a pie para evitar accidentes, ya que hemos tenido algunas situaciones puntuales camino a Balmaceda como en otros sectores. Por ello es importante tener precauci\u00f3n en todos los desplazamientos, porque este sistema frontal va a generar bajas temperaturas el resto de la semana\u201d, indic\u00f3.<\/p>\n<p style=\"font-weight: 400; text-align: justify;\">El jefe de la XI Zona de Carabineros, Patricio Santos, reforz\u00f3 el llamado a conducir con precauci\u00f3n, mantener una distancia razonable con el veh\u00edculo que antecede y evitar frenadas bruscas que deriven en una p\u00e9rdida de control del m\u00f3vil.<\/p>\n<p style=\"font-weight: 400; text-align: justify;\">\u201cEvitemos las conductas irresponsables, los accidentes en el tr\u00e1nsito, poder planificar los desplazamientos, de forma de reducir las probabilidades de accidentabilidad\u201d, concluy\u00f3.<\/p>\n<p style=\"font-weight: 400; text-align: justify;\">Por otro lado, se mantienen activos los Dispositivos de Programa Noche Digna y Plan Protege Calle, con Albergue Ays\u00e9n, Albergue Coyhaique y Ruta Social, record\u00e1ndose que en caso de ver a alguna persona en situaci\u00f3n de calle que requiera apoyo, est\u00e1 disponible el Fono Calle 800 104 777, opci\u00f3n 0.<\/p>\n<\/div><\/section><\/div><div  style='height:50px' class='hr hr-invisible   avia-builder-el-6  el_after_av_one_full  el_before_av_social_share '><span class='hr-inner ' ><span class='hr-inner-style'><\/span><\/span><\/div><\/p>\n<div  class='av-social-sharing-box  avia-builder-el-7  el_after_av_hr  el_before_av_hr  '><div class='av-share-box'><h5 class='av-share-link-description av-no-toc '>Compartir esta noticia<\/h5><ul class='av-share-box-list noLightbox'><li class='av-share-link av-social-link-facebook' ><a target=\"_blank\" aria-label=\"Compartir en Facebook\" href='https:\/\/www.facebook.com\/sharer.php?u=https:\/\/radiorevelacionfm.cl\/?p=44232&#038;t=Autoridades%20refuerzan%20llamado%20a%20la%20prevenci%C3%B3n%20ante%20sistema%20frontal' aria-hidden='false' data-av_icon='\ue8f3' data-av_iconfont='entypo-fontello' title='' data-avia-related-tooltip='Compartir en Facebook' rel=\"noopener\"><span class='avia_hidden_link_text'>Compartir en Facebook<\/span><\/a><\/li><li class='av-share-link av-social-link-twitter' ><a target=\"_blank\" aria-label=\"Compartir en Twitter\" href='https:\/\/twitter.com\/share?text=Autoridades%20refuerzan%20llamado%20a%20la%20prevenci%C3%B3n%20ante%20sistema%20frontal&#038;url=https:\/\/radiorevelacionfm.cl\/?p=44232' aria-hidden='false' data-av_icon='\ue8f1' data-av_iconfont='entypo-fontello' title='' data-avia-related-tooltip='Compartir en Twitter' rel=\"noopener\"><span class='avia_hidden_link_text'>Compartir en Twitter<\/span><\/a><\/li><li class='av-share-link av-social-link-whatsapp' ><a target=\"_blank\" aria-label=\"Compartir en Whatsapp\" href='https:\/\/api.whatsapp.com\/send?text=https:\/\/radiorevelacionfm.cl\/?p=44232' aria-hidden='false' data-av_icon='\uf232' data-av_iconfont='entypo-fontello' title='' data-avia-related-tooltip='Compartir en Whatsapp' rel=\"noopener\"><span class='avia_hidden_link_text'>Compartir en Whatsapp<\/span><\/a><\/li><li class='av-share-link av-social-link-linkedin' ><a target=\"_blank\" aria-label=\"Compartir en LinkedIn\" href='https:\/\/linkedin.com\/shareArticle?mini=true&#038;title=Autoridades%20refuerzan%20llamado%20a%20la%20prevenci%C3%B3n%20ante%20sistema%20frontal&#038;url=https:\/\/radiorevelacionfm.cl\/?p=44232' aria-hidden='false' data-av_icon='\ue8fc' data-av_iconfont='entypo-fontello' title='' data-avia-related-tooltip='Compartir en LinkedIn' rel=\"noopener\"><span class='avia_hidden_link_text'>Compartir en LinkedIn<\/span><\/a><\/li><li class='av-share-link av-social-link-mail' ><a  aria-label=\"Compartir por correo\" href='mailto:?subject=Autoridades%20refuerzan%20llamado%20a%20la%20prevenci%C3%B3n%20ante%20sistema%20frontal&#038;body=https:\/\/radiorevelacionfm.cl\/?p=44232' aria-hidden='false' data-av_icon='\ue805' data-av_iconfont='entypo-fontello' title='' data-avia-related-tooltip='Compartir por correo'><span class='avia_hidden_link_text'>Compartir por correo<\/span><\/a><\/li><\/ul><\/div><\/div>\n<div  style='height:50px' class='hr hr-invisible   avia-builder-el-8  el_after_av_social_share  el_before_av_comments_list '><span class='hr-inner ' ><span class='hr-inner-style'><\/span><\/span><\/div>\n<div  class='av-buildercomment  av-blog-meta-html-info-disabled av-blog-meta-tag-disabled  '><\/div>\n","protected":false},"excerpt":{"rendered":"","protected":false},"author":1,"featured_media":44233,"comment_status":"open","ping_status":"open","sticky":false,"template":"","format":"standard","meta":{"footnotes":""},"categories":[38],"tags":[],"class_list":["post-44232","post","type-post","status-publish","format-standard","has-post-thumbnail","hentry","category-regional"],"jetpack_featured_media_url":"https:\/\/radiorevelacionfm.cl\/wp-content\/uploads\/2024\/07\/IMG-20240717-WA0010-1-1.jpg","_links":{"self":[{"href":"https:\/\/radiorevelacionfm.cl\/index.php?rest_route=\/wp\/v2\/posts\/44232","targetHints":{"allow":["GET"]}}],"collection":[{"href":"https:\/\/radiorevelacionfm.cl\/index.php?rest_route=\/wp\/v2\/posts"}],"about":[{"href":"https:\/\/radiorevelacionfm.cl\/index.php?rest_route=\/wp\/v2\/types\/post"}],"author":[{"embeddable":true,"href":"https:\/\/radiorevelacionfm.cl\/index.php?rest_route=\/wp\/v2\/users\/1"}],"replies":[{"embeddable":true,"href":"https:\/\/radiorevelacionfm.cl\/index.php?rest_route=%2Fwp%2Fv2%2Fcomments&post=44232"}],"version-history":[{"count":1,"href":"https:\/\/radiorevelacionfm.cl\/index.php?rest_route=\/wp\/v2\/posts\/44232\/revisions"}],"predecessor-version":[{"id":44234,"href":"https:\/\/radiorevelacionfm.cl\/index.php?rest_route=\/wp\/v2\/posts\/44232\/revisions\/44234"}],"wp:featuredmedia":[{"embeddable":true,"href":"https:\/\/radiorevelacionfm.cl\/index.php?rest_route=\/wp\/v2\/media\/44233"}],"wp:attachment":[{"href":"https:\/\/radiorevelacionfm.cl\/index.php?rest_route=%2Fwp%2Fv2%2Fmedia&parent=44232"}],"wp:term":[{"taxonomy":"category","embeddable":true,"href":"https:\/\/radiorevelacionfm.cl\/index.php?rest_route=%2Fwp%2Fv2%2Fcategories&post=44232"},{"taxonomy":"post_tag","embeddable":true,"href":"https:\/\/radiorevelacionfm.cl\/index.php?rest_route=%2Fwp%2Fv2%2Ftags&post=44232"}],"curies":[{"name":"wp","href":"https:\/\/api.w.org\/{rel}","templated":true}]}}