{"id":44226,"date":"2024-07-17T15:57:58","date_gmt":"2024-07-17T18:57:58","guid":{"rendered":"https:\/\/radiorevelacionfm.cl\/?p=44226"},"modified":"2024-07-17T15:57:58","modified_gmt":"2024-07-17T18:57:58","slug":"inauguran-el-primer-banco-de-alimentos-de-la-region-de-aysen-sobre-inmueble-fiscal","status":"publish","type":"post","link":"https:\/\/radiorevelacionfm.cl\/?p=44226","title":{"rendered":"Inauguran el primer banco de alimentos de la regi\u00f3n de Ays\u00e9n sobre inmueble fiscal"},"content":{"rendered":"<div class=\"flex_column av_one_full  flex_column_div av-zero-column-padding first  avia-builder-el-0  el_before_av_one_full  avia-builder-el-first  \" style='border-radius:0px; '><div  class='avia-image-container  av-styling-    avia-builder-el-1  avia-builder-el-no-sibling  avia-align-center '  itemprop=\"image\" itemscope=\"itemscope\" itemtype=\"https:\/\/schema.org\/ImageObject\"  ><div class='avia-image-container-inner'><div class='avia-image-overlay-wrap'><img decoding=\"async\" class='wp-image-44227 avia-img-lazy-loading-not-44227 avia_image' src=\"https:\/\/radiorevelacionfm.cl\/wp-content\/uploads\/2024\/07\/foto-central-1_optimized.jpeg\" alt='' title='foto-central-(1)_optimized' height=\"600\" width=\"1067\"  itemprop=\"thumbnailUrl\" srcset=\"https:\/\/radiorevelacionfm.cl\/wp-content\/uploads\/2024\/07\/foto-central-1_optimized.jpeg 1067w, https:\/\/radiorevelacionfm.cl\/wp-content\/uploads\/2024\/07\/foto-central-1_optimized-300x169.jpeg 300w, https:\/\/radiorevelacionfm.cl\/wp-content\/uploads\/2024\/07\/foto-central-1_optimized-1030x579.jpeg 1030w, https:\/\/radiorevelacionfm.cl\/wp-content\/uploads\/2024\/07\/foto-central-1_optimized-768x432.jpeg 768w, https:\/\/radiorevelacionfm.cl\/wp-content\/uploads\/2024\/07\/foto-central-1_optimized-705x396.jpeg 705w, https:\/\/radiorevelacionfm.cl\/wp-content\/uploads\/2024\/07\/foto-central-1_optimized-450x253.jpeg 450w, https:\/\/radiorevelacionfm.cl\/wp-content\/uploads\/2024\/07\/foto-central-1_optimized-600x337.jpeg 600w\" sizes=\"(max-width: 1067px) 100vw, 1067px\" \/><\/div><\/div><\/div><\/div><div class=\"flex_column av_one_full  flex_column_div av-zero-column-padding first  avia-builder-el-2  el_after_av_one_full  el_before_av_one_full  column-top-margin\" style='border-radius:0px; '><section class=\"av_textblock_section \"  itemscope=\"itemscope\" itemtype=\"https:\/\/schema.org\/BlogPosting\" itemprop=\"blogPost\" ><div class='avia_textblock  '   itemprop=\"text\" ><p style=\"text-align: center;\"><span style=\"font-size: 18pt;\"><strong>Inauguran el primer banco de alimentos de la regi\u00f3n de Ays\u00e9n sobre inmueble fiscal<\/strong><\/span><\/p>\n<div id=\"gtx-trans\" style=\"position: absolute; left: -50px; top: 4.31534px;\">\n<div class=\"gtx-trans-icon\"><\/div>\n<\/div>\n<\/div><\/section><\/div><div class=\"flex_column av_one_full  flex_column_div av-zero-column-padding first  avia-builder-el-4  el_after_av_one_full  el_before_av_hr  column-top-margin\" style='border-radius:0px; '><section class=\"av_textblock_section \"  itemscope=\"itemscope\" itemtype=\"https:\/\/schema.org\/BlogPosting\" itemprop=\"blogPost\" ><div class='avia_textblock  '   itemprop=\"text\" ><p style=\"text-align: justify;\">Con el cl\u00e1sico corte de cinta se inaugur\u00f3 la sede de la fundaci\u00f3n \u201cVidas con Prop\u00f3sitos\u201d de Puerto Ays\u00e9n, un hito relevante para la regi\u00f3n por tratarse del primer banco de alimentos que se instala sobre un inmueble fiscal para trabajar bajo el alero de la Ley de Donaciones y apoyar a familias vulnerables con la entrega de productos de primera necesidad.<\/p>\n<p style=\"text-align: justify;\">La organizaci\u00f3n que lleva m\u00e1s de 9 a\u00f1os de trabajo cuenta con una concesi\u00f3n gratuita de inmueble fiscal desde el a\u00f1o 2019, lo que les permiti\u00f3 iniciar con las gestiones para obtener recursos del Fondo Presidente de la Rep\u00fablica y tambi\u00e9n desde privados con el fin de construir la sede desde donde podr\u00e1n operativizar su trabajo y proyectarlo desde Puerto Ays\u00e9n hacia toda la regi\u00f3n.<\/p>\n<p style=\"text-align: justify;\">Respecto de la concesi\u00f3n con la que cuenta la organizaci\u00f3n, la Seremi Irina Morend Valdebenito relev\u00f3 la disposici\u00f3n de suelo fiscal para proyectos de alto impacto social. \u201cSe puso a disposici\u00f3n para que se pudiera implementar este proyecto que es super importante como un banco de alimentos. Adem\u00e1s, que, a trav\u00e9s de la gesti\u00f3n de esta organizaci\u00f3n se articula el trabajo entre el sector p\u00fablico donde el municipio pone aportes, el Gobierno Regional pone aportes y Bienes Nacionales pone aportes porque el suelo es base para que se pueda concretar este espacio; y que tambi\u00e9n articula a otras instituciones del sector privado. Este es entonces un espacio colaborativo que tiene una finalidad social comunitaria y solidaria y por eso estamos contentos por poner a disposici\u00f3n el suelo fiscal para que estas y otras iniciativas se concreten en el territorio\u201d, refiri\u00f3 la autoridad regional.<\/p>\n<p style=\"text-align: justify;\">A la inauguraci\u00f3n tambi\u00e9n asisti\u00f3 el alcalde de Ays\u00e9n, Julio Uribe. Al respecto, el l\u00edder comunal dijo que \u201cpara nosotros, como Municipio de Ays\u00e9n es muy importante trabajar con organizaciones para llegar a m\u00e1s p\u00fablico y gente con diferentes ayudas, por lo tanto, agradecer a Bienes Nacionales por el trabajo junto a sus profesionales para conseguir este terreno donde la organizaci\u00f3n ha instalado su sede, agradecer a todos los que han hecho posible el tener un lugar m\u00e1s de atenci\u00f3n a nuestros vecinos\u201d. As\u00ed tambi\u00e9n, en la instancia, Uribe hizo entrega de una subvenci\u00f3n de m\u00e1s de un mill\u00f3n de pesos a la organizaci\u00f3n para equipamiento de la sede, recursos aprobados por el Concejo Municipal y que se obtuvieron producto de la ejecuci\u00f3n de la Ley Royalty Minero.<\/p>\n<p style=\"text-align: justify;\">Con alegr\u00eda, el presidente de Vidas con Prop\u00f3sitos, Jimmy Armijo, refiri\u00f3 que este es un hito importante, porque \u201cmarca el principio de muchas cosas, de nuestro pr\u00f3ximo banco de alimentos que naci\u00f3 como una idea familiar en apoyo social a la comunidad y a la regi\u00f3n. Ahora, con esta inauguraci\u00f3n marcamos un pelda\u00f1o para seguir ascendiendo a los nuevos proyectos que tenemos como fundaci\u00f3n\u201d, sostuvo, palabras a las que se sum\u00f3 la fundadora de la organizaci\u00f3n, Hansy Ch\u00e1vez, quien indic\u00f3 \u201cpara nosotros esto es muy importante porque podemos contar con un espacio digno para atender a la poblaci\u00f3n beneficiaria y un espacio donde podremos manejar la log\u00edstica del banco de alimentos, as\u00ed que esto viene a marcar un antes y un despu\u00e9s al trabajo que hac\u00edamos porque ya podemos contar con un espacio propio\u201d.<\/p>\n<p style=\"text-align: justify;\">Respecto de c\u00f3mo opera el Banco de Alimentos, Ch\u00e1vez resalt\u00f3 que el trabajo se relaciona directamente con el mundo privado, principalmente con empresas como supermercados, los que pueden acogerse a la Ley de Donaciones, por lo que realiz\u00f3 una invitaci\u00f3n abierta al empresariado regional. \u201cHoy ya podemos convocar a todas las empresas, locales comerciales, supermercados, sobre todo minimarkets grandes a poder trabajar la Ley de Donaciones de alimentos no comercializables, pero s\u00ed aptos para el consumo humano, porque as\u00ed podemos llegar a m\u00e1s familias\u201d, sostuvo, dando a conocer que el a\u00f1o pasado como fundaci\u00f3n pudieron distribuir productos a m\u00e1s de 1.600 personas lo que se traduce en aproximadamente 40 millones de pesos. \u201cHoy, si se suman m\u00e1s supermercados y empresas que tengan productos alimenticios, podemos alcanzar mayor poblaci\u00f3n o entregar una ayuda de forma permanente en nuestro espacio\u201d, finaliz\u00f3 Hansy Ch\u00e1vez.<\/p>\n<p style=\"text-align: justify;\">Para las empresas u organizaciones interesadas en conocer m\u00e1s detalles de c\u00f3mo sumarse a esta iniciativa social, pueden escribir al correo <a href=\"mailto:presidentevidasconpropositos@gmail.com\">presidentevidasconpropositos@gmail.com<\/a> o visitar su cuenta de facebook Fundaci\u00f3n Vidas con Prop\u00f3sitos.<\/p>\n<\/div><\/section><\/div><div  style='height:50px' class='hr hr-invisible   avia-builder-el-6  el_after_av_one_full  el_before_av_social_share '><span class='hr-inner ' ><span class='hr-inner-style'><\/span><\/span><\/div><\/p>\n<div  class='av-social-sharing-box  avia-builder-el-7  el_after_av_hr  el_before_av_hr  '><div class='av-share-box'><h5 class='av-share-link-description av-no-toc '>Compartir esta noticia<\/h5><ul class='av-share-box-list noLightbox'><li class='av-share-link av-social-link-facebook' ><a target=\"_blank\" aria-label=\"Compartir en Facebook\" href='https:\/\/www.facebook.com\/sharer.php?u=https:\/\/radiorevelacionfm.cl\/?p=44226&#038;t=Inauguran%20el%20primer%20banco%20de%20alimentos%20de%20la%20regi%C3%B3n%20de%20Ays%C3%A9n%20sobre%20inmueble%20fiscal' aria-hidden='false' data-av_icon='\ue8f3' data-av_iconfont='entypo-fontello' title='' data-avia-related-tooltip='Compartir en Facebook' rel=\"noopener\"><span class='avia_hidden_link_text'>Compartir en Facebook<\/span><\/a><\/li><li class='av-share-link av-social-link-twitter' ><a target=\"_blank\" aria-label=\"Compartir en Twitter\" href='https:\/\/twitter.com\/share?text=Inauguran%20el%20primer%20banco%20de%20alimentos%20de%20la%20regi%C3%B3n%20de%20Ays%C3%A9n%20sobre%20inmueble%20fiscal&#038;url=https:\/\/radiorevelacionfm.cl\/?p=44226' aria-hidden='false' data-av_icon='\ue8f1' data-av_iconfont='entypo-fontello' title='' data-avia-related-tooltip='Compartir en Twitter' rel=\"noopener\"><span class='avia_hidden_link_text'>Compartir en Twitter<\/span><\/a><\/li><li class='av-share-link av-social-link-whatsapp' ><a target=\"_blank\" aria-label=\"Compartir en Whatsapp\" href='https:\/\/api.whatsapp.com\/send?text=https:\/\/radiorevelacionfm.cl\/?p=44226' aria-hidden='false' data-av_icon='\uf232' data-av_iconfont='entypo-fontello' title='' data-avia-related-tooltip='Compartir en Whatsapp' rel=\"noopener\"><span class='avia_hidden_link_text'>Compartir en Whatsapp<\/span><\/a><\/li><li class='av-share-link av-social-link-linkedin' ><a target=\"_blank\" aria-label=\"Compartir en LinkedIn\" href='https:\/\/linkedin.com\/shareArticle?mini=true&#038;title=Inauguran%20el%20primer%20banco%20de%20alimentos%20de%20la%20regi%C3%B3n%20de%20Ays%C3%A9n%20sobre%20inmueble%20fiscal&#038;url=https:\/\/radiorevelacionfm.cl\/?p=44226' aria-hidden='false' data-av_icon='\ue8fc' data-av_iconfont='entypo-fontello' title='' data-avia-related-tooltip='Compartir en LinkedIn' rel=\"noopener\"><span class='avia_hidden_link_text'>Compartir en LinkedIn<\/span><\/a><\/li><li class='av-share-link av-social-link-mail' ><a  aria-label=\"Compartir por correo\" href='mailto:?subject=Inauguran%20el%20primer%20banco%20de%20alimentos%20de%20la%20regi%C3%B3n%20de%20Ays%C3%A9n%20sobre%20inmueble%20fiscal&#038;body=https:\/\/radiorevelacionfm.cl\/?p=44226' aria-hidden='false' data-av_icon='\ue805' data-av_iconfont='entypo-fontello' title='' data-avia-related-tooltip='Compartir por correo'><span class='avia_hidden_link_text'>Compartir por correo<\/span><\/a><\/li><\/ul><\/div><\/div>\n<div  style='height:50px' class='hr hr-invisible   avia-builder-el-8  el_after_av_social_share  el_before_av_comments_list '><span class='hr-inner ' ><span class='hr-inner-style'><\/span><\/span><\/div>\n<div  class='av-buildercomment  av-blog-meta-html-info-disabled av-blog-meta-tag-disabled  '><\/div>\n","protected":false},"excerpt":{"rendered":"","protected":false},"author":1,"featured_media":44227,"comment_status":"open","ping_status":"open","sticky":false,"template":"","format":"standard","meta":{"footnotes":""},"categories":[38],"tags":[],"class_list":["post-44226","post","type-post","status-publish","format-standard","has-post-thumbnail","hentry","category-regional"],"jetpack_featured_media_url":"https:\/\/radiorevelacionfm.cl\/wp-content\/uploads\/2024\/07\/foto-central-1_optimized.jpeg","_links":{"self":[{"href":"https:\/\/radiorevelacionfm.cl\/index.php?rest_route=\/wp\/v2\/posts\/44226","targetHints":{"allow":["GET"]}}],"collection":[{"href":"https:\/\/radiorevelacionfm.cl\/index.php?rest_route=\/wp\/v2\/posts"}],"about":[{"href":"https:\/\/radiorevelacionfm.cl\/index.php?rest_route=\/wp\/v2\/types\/post"}],"author":[{"embeddable":true,"href":"https:\/\/radiorevelacionfm.cl\/index.php?rest_route=\/wp\/v2\/users\/1"}],"replies":[{"embeddable":true,"href":"https:\/\/radiorevelacionfm.cl\/index.php?rest_route=%2Fwp%2Fv2%2Fcomments&post=44226"}],"version-history":[{"count":1,"href":"https:\/\/radiorevelacionfm.cl\/index.php?rest_route=\/wp\/v2\/posts\/44226\/revisions"}],"predecessor-version":[{"id":44228,"href":"https:\/\/radiorevelacionfm.cl\/index.php?rest_route=\/wp\/v2\/posts\/44226\/revisions\/44228"}],"wp:featuredmedia":[{"embeddable":true,"href":"https:\/\/radiorevelacionfm.cl\/index.php?rest_route=\/wp\/v2\/media\/44227"}],"wp:attachment":[{"href":"https:\/\/radiorevelacionfm.cl\/index.php?rest_route=%2Fwp%2Fv2%2Fmedia&parent=44226"}],"wp:term":[{"taxonomy":"category","embeddable":true,"href":"https:\/\/radiorevelacionfm.cl\/index.php?rest_route=%2Fwp%2Fv2%2Fcategories&post=44226"},{"taxonomy":"post_tag","embeddable":true,"href":"https:\/\/radiorevelacionfm.cl\/index.php?rest_route=%2Fwp%2Fv2%2Ftags&post=44226"}],"curies":[{"name":"wp","href":"https:\/\/api.w.org\/{rel}","templated":true}]}}