{"id":44223,"date":"2024-07-17T13:36:25","date_gmt":"2024-07-17T16:36:25","guid":{"rendered":"https:\/\/radiorevelacionfm.cl\/?p=44223"},"modified":"2024-07-17T13:36:25","modified_gmt":"2024-07-17T16:36:25","slug":"justicia-ordena-a-hospital-regional-de-coyhaique-que-disponga-un-interprete-de-lengua-de-senas-chilena","status":"publish","type":"post","link":"https:\/\/radiorevelacionfm.cl\/?p=44223","title":{"rendered":"Justicia ordena a Hospital Regional de Coyhaique que disponga un int\u00e9rprete de lengua de se\u00f1as chilena"},"content":{"rendered":"<div class=\"flex_column av_one_full  flex_column_div av-zero-column-padding first  avia-builder-el-0  el_before_av_one_full  avia-builder-el-first  \" style='border-radius:0px; '><div  class='avia-image-container  av-styling-    avia-builder-el-1  avia-builder-el-no-sibling  avia-align-center '  itemprop=\"image\" itemscope=\"itemscope\" itemtype=\"https:\/\/schema.org\/ImageObject\"  ><div class='avia-image-container-inner'><div class='avia-image-overlay-wrap'><img decoding=\"async\" class='wp-image-44224 avia-img-lazy-loading-not-44224 avia_image' src=\"https:\/\/radiorevelacionfm.cl\/wp-content\/uploads\/2024\/07\/img_3918-1_optimized.jpg\" alt='' title='img_3918-(1)_optimized' height=\"600\" width=\"1067\"  itemprop=\"thumbnailUrl\" srcset=\"https:\/\/radiorevelacionfm.cl\/wp-content\/uploads\/2024\/07\/img_3918-1_optimized.jpg 1067w, https:\/\/radiorevelacionfm.cl\/wp-content\/uploads\/2024\/07\/img_3918-1_optimized-300x169.jpg 300w, https:\/\/radiorevelacionfm.cl\/wp-content\/uploads\/2024\/07\/img_3918-1_optimized-1030x579.jpg 1030w, https:\/\/radiorevelacionfm.cl\/wp-content\/uploads\/2024\/07\/img_3918-1_optimized-768x432.jpg 768w, https:\/\/radiorevelacionfm.cl\/wp-content\/uploads\/2024\/07\/img_3918-1_optimized-705x396.jpg 705w, https:\/\/radiorevelacionfm.cl\/wp-content\/uploads\/2024\/07\/img_3918-1_optimized-450x253.jpg 450w, https:\/\/radiorevelacionfm.cl\/wp-content\/uploads\/2024\/07\/img_3918-1_optimized-600x337.jpg 600w\" sizes=\"(max-width: 1067px) 100vw, 1067px\" \/><\/div><\/div><\/div><\/div><div class=\"flex_column av_one_full  flex_column_div av-zero-column-padding first  avia-builder-el-2  el_after_av_one_full  el_before_av_one_full  column-top-margin\" style='border-radius:0px; '><section class=\"av_textblock_section \"  itemscope=\"itemscope\" itemtype=\"https:\/\/schema.org\/BlogPosting\" itemprop=\"blogPost\" ><div class='avia_textblock  '   itemprop=\"text\" ><div><\/div>\n<div><\/div>\n<div>\n<p style=\"text-align: center;\"><strong><span style=\"font-size: 18pt;\">Justicia ordena a Hospital Regional de Coyhaique que disponga un int\u00e9rprete de lengua de se\u00f1as chilena<\/span><\/strong><\/p>\n<\/div>\n<div><\/div>\n<div><b>\u00a0<\/b><\/div>\n<div id=\"gtx-trans\" style=\"position: absolute; left: -50px; top: 4.31534px;\">\n<div class=\"gtx-trans-icon\"><\/div>\n<\/div>\n<\/div><\/section><\/div><div class=\"flex_column av_one_full  flex_column_div av-zero-column-padding first  avia-builder-el-4  el_after_av_one_full  el_before_av_hr  column-top-margin\" style='border-radius:0px; '><section class=\"av_textblock_section \"  itemscope=\"itemscope\" itemtype=\"https:\/\/schema.org\/BlogPosting\" itemprop=\"blogPost\" ><div class='avia_textblock  '   itemprop=\"text\" ><p style=\"text-align: justify;\">La Corte de Apelaciones de Coyhaique orden\u00f3 que el Hospital Regional de esa ciudad, disponga de un int\u00e9rprete en lengua de se\u00f1as chilena en sus unidades, luego de un recurso de protecci\u00f3n presentado por el abogado ejecutor del convenio de colaboraci\u00f3n entre el Servicio Nacional de la Discapacidad, SENADIS, y la Corporaci\u00f3n de Asistencia Judicial, CAJ del Biob\u00edo.<\/p>\n<p style=\"text-align: justify;\">El fallo causa ROL 115-2024, mandata al recinto de salud adoptar las medidas necesarias para garantizar la adecuada atenci\u00f3n de las personas con discapacidad auditiva, de acuerdo con los antecedentes expuestos en el recurso.<\/p>\n<p style=\"text-align: justify;\">Nicol\u00e1s Cabeza Zapata, abogado ejecutor del convenio SENADIS-CAJ Biob\u00edo, explic\u00f3 que la acci\u00f3n judicial fue presentada en favor de la usuaria, a quien se le neg\u00f3 la adopci\u00f3n de medidas de accesibilidad en las intervenciones de salud que ella requer\u00eda.<\/p>\n<p style=\"text-align: justify;\">\u201cLa sentencia reconoce expresamente que el derecho a la igualdad contempla la necesaria realizaci\u00f3n de adecuaciones que puedan garantizar el acceso en igualdad de condiciones de las personas con discapacidad a las distintas prestaciones en el servicio de salud y la negativa a su realizaci\u00f3n constituye una omisi\u00f3n caprichosa y carente de razonabilidad\u201d.<\/p>\n<p style=\"text-align: justify;\">\u201cEn esta misma l\u00ednea, y por medio de diversas actividades de promoci\u00f3n, nos encontramos trabajando fuertemente en el empoderamiento y difusi\u00f3n de los derechos de las personas con discapacidad\u00bb, detall\u00f3 el abogado.<\/p>\n<p style=\"text-align: justify;\">En concreto, la Corte de Apelaciones de Coyhaique orden\u00f3 utilizar adecuadamente el apoyo en los servicios de urgencia o de otras unidades que lo requieran, as\u00ed como contar con personal capacitado que cuente con conocimientos suficientes para comunicarse con personas sordas o con discapacidad auditiva. Asimismo, se\u00f1ala que se deber\u00e1 implementar un flujograma de ingreso que facilite el acceso de las personas con discapacidad a las atenciones de salud.<\/p>\n<p style=\"text-align: justify;\">Por su parte, la Directora Regional del SENADIS Ays\u00e9n, Viviana Mu\u00f1oz Vargas, expres\u00f3: \u201cValoramos la sentencia de la Corte de Apelaciones en esta materia, porque establece un precedente importante para los servicios de salud no solo regional sino del pa\u00eds, debemos avanzar en una atenci\u00f3n inclusiva y de calidad hacia las personas con discapacidad en todo \u00e1mbito\u201d.<\/p>\n<p style=\"text-align: justify;\">Asimismo, la autoridad regional, destac\u00f3: \u201cEste resultado tambi\u00e9n est\u00e1 en sinton\u00eda con la labor que hemos venido realizando junto al Consejo de la Sociedad Civil, a trav\u00e9s de la mesa regional por los derechos de las personas con discapacidad, y las comisiones de Trato Digno y de Accesibilidad Universal, para atender los planteamientos de los representantes de organizaciones de y para personas con discapacidad, en cuanto a la necesidad de aplicar los principios y disposiciones de la Ley N\u00b020.422, por parte de las diversas instituciones p\u00fablicas de la regi\u00f3n\u201d.<\/p>\n<p style=\"text-align: justify;\">En tanto, Mar\u00eda Francisca Vilches G\u00e1lvez, Directora Regional (S) de la CAJ Biob\u00edo en Ays\u00e9n, destac\u00f3 el trabajo conjunto desarrollado por SENADIS y la Corporaci\u00f3n de Asistencia Judicial. \u201cEsta sentencia es de suma relevancia, porque nos permite avanzar en un efectivo acceso a la justicia de las personas con discapacidad\u201d, indic\u00f3.<\/p>\n<p style=\"text-align: justify;\">Cabe se\u00f1alar que, desde hace una d\u00e9cada, el Convenio SENADIS-CAJ Biob\u00edo se ha renovado de forma ininterrumpida y tiene por objeto contribuir a garantizar los derechos y el acceso a la justicia a las personas con discapacidad.<\/p>\n<p style=\"text-align: justify;\">A trav\u00e9s de este Convenio se busca asegurar que las personas con discapacidad tengan acceso a la justicia en igualdad de condiciones con las dem\u00e1s, incluso mediante ajustes de procedimiento y adecuados a la edad, garantizando la participaci\u00f3n de \u00e9stas en los procesos judiciales, cualquiera sea su rol dentro de los mismos.<\/p>\n<\/div><\/section><\/div><div  style='height:50px' class='hr hr-invisible   avia-builder-el-6  el_after_av_one_full  el_before_av_social_share '><span class='hr-inner ' ><span class='hr-inner-style'><\/span><\/span><\/div><\/p>\n<div  class='av-social-sharing-box  avia-builder-el-7  el_after_av_hr  el_before_av_hr  '><div class='av-share-box'><h5 class='av-share-link-description av-no-toc '>Compartir esta noticia<\/h5><ul class='av-share-box-list noLightbox'><li class='av-share-link av-social-link-facebook' ><a target=\"_blank\" aria-label=\"Compartir en Facebook\" href='https:\/\/www.facebook.com\/sharer.php?u=https:\/\/radiorevelacionfm.cl\/?p=44223&#038;t=Justicia%20ordena%20a%20Hospital%20Regional%20de%20Coyhaique%20que%20disponga%20un%20int%C3%A9rprete%20de%20lengua%20de%20se%C3%B1as%20chilena' aria-hidden='false' data-av_icon='\ue8f3' data-av_iconfont='entypo-fontello' title='' data-avia-related-tooltip='Compartir en Facebook' rel=\"noopener\"><span class='avia_hidden_link_text'>Compartir en Facebook<\/span><\/a><\/li><li class='av-share-link av-social-link-twitter' ><a target=\"_blank\" aria-label=\"Compartir en Twitter\" href='https:\/\/twitter.com\/share?text=Justicia%20ordena%20a%20Hospital%20Regional%20de%20Coyhaique%20que%20disponga%20un%20int%C3%A9rprete%20de%20lengua%20de%20se%C3%B1as%20chilena&#038;url=https:\/\/radiorevelacionfm.cl\/?p=44223' aria-hidden='false' data-av_icon='\ue8f1' data-av_iconfont='entypo-fontello' title='' data-avia-related-tooltip='Compartir en Twitter' rel=\"noopener\"><span class='avia_hidden_link_text'>Compartir en Twitter<\/span><\/a><\/li><li class='av-share-link av-social-link-whatsapp' ><a target=\"_blank\" aria-label=\"Compartir en Whatsapp\" href='https:\/\/api.whatsapp.com\/send?text=https:\/\/radiorevelacionfm.cl\/?p=44223' aria-hidden='false' data-av_icon='\uf232' data-av_iconfont='entypo-fontello' title='' data-avia-related-tooltip='Compartir en Whatsapp' rel=\"noopener\"><span class='avia_hidden_link_text'>Compartir en Whatsapp<\/span><\/a><\/li><li class='av-share-link av-social-link-linkedin' ><a target=\"_blank\" aria-label=\"Compartir en LinkedIn\" href='https:\/\/linkedin.com\/shareArticle?mini=true&#038;title=Justicia%20ordena%20a%20Hospital%20Regional%20de%20Coyhaique%20que%20disponga%20un%20int%C3%A9rprete%20de%20lengua%20de%20se%C3%B1as%20chilena&#038;url=https:\/\/radiorevelacionfm.cl\/?p=44223' aria-hidden='false' data-av_icon='\ue8fc' data-av_iconfont='entypo-fontello' title='' data-avia-related-tooltip='Compartir en LinkedIn' rel=\"noopener\"><span class='avia_hidden_link_text'>Compartir en LinkedIn<\/span><\/a><\/li><li class='av-share-link av-social-link-mail' ><a  aria-label=\"Compartir por correo\" href='mailto:?subject=Justicia%20ordena%20a%20Hospital%20Regional%20de%20Coyhaique%20que%20disponga%20un%20int%C3%A9rprete%20de%20lengua%20de%20se%C3%B1as%20chilena&#038;body=https:\/\/radiorevelacionfm.cl\/?p=44223' aria-hidden='false' data-av_icon='\ue805' data-av_iconfont='entypo-fontello' title='' data-avia-related-tooltip='Compartir por correo'><span class='avia_hidden_link_text'>Compartir por correo<\/span><\/a><\/li><\/ul><\/div><\/div>\n<div  style='height:50px' class='hr hr-invisible   avia-builder-el-8  el_after_av_social_share  el_before_av_comments_list '><span class='hr-inner ' ><span class='hr-inner-style'><\/span><\/span><\/div>\n<div  class='av-buildercomment  av-blog-meta-html-info-disabled av-blog-meta-tag-disabled  '><\/div>\n","protected":false},"excerpt":{"rendered":"","protected":false},"author":1,"featured_media":44224,"comment_status":"open","ping_status":"open","sticky":false,"template":"","format":"standard","meta":{"footnotes":""},"categories":[55],"tags":[],"class_list":["post-44223","post","type-post","status-publish","format-standard","has-post-thumbnail","hentry","category-justicia"],"jetpack_featured_media_url":"https:\/\/radiorevelacionfm.cl\/wp-content\/uploads\/2024\/07\/img_3918-1_optimized.jpg","_links":{"self":[{"href":"https:\/\/radiorevelacionfm.cl\/index.php?rest_route=\/wp\/v2\/posts\/44223","targetHints":{"allow":["GET"]}}],"collection":[{"href":"https:\/\/radiorevelacionfm.cl\/index.php?rest_route=\/wp\/v2\/posts"}],"about":[{"href":"https:\/\/radiorevelacionfm.cl\/index.php?rest_route=\/wp\/v2\/types\/post"}],"author":[{"embeddable":true,"href":"https:\/\/radiorevelacionfm.cl\/index.php?rest_route=\/wp\/v2\/users\/1"}],"replies":[{"embeddable":true,"href":"https:\/\/radiorevelacionfm.cl\/index.php?rest_route=%2Fwp%2Fv2%2Fcomments&post=44223"}],"version-history":[{"count":1,"href":"https:\/\/radiorevelacionfm.cl\/index.php?rest_route=\/wp\/v2\/posts\/44223\/revisions"}],"predecessor-version":[{"id":44225,"href":"https:\/\/radiorevelacionfm.cl\/index.php?rest_route=\/wp\/v2\/posts\/44223\/revisions\/44225"}],"wp:featuredmedia":[{"embeddable":true,"href":"https:\/\/radiorevelacionfm.cl\/index.php?rest_route=\/wp\/v2\/media\/44224"}],"wp:attachment":[{"href":"https:\/\/radiorevelacionfm.cl\/index.php?rest_route=%2Fwp%2Fv2%2Fmedia&parent=44223"}],"wp:term":[{"taxonomy":"category","embeddable":true,"href":"https:\/\/radiorevelacionfm.cl\/index.php?rest_route=%2Fwp%2Fv2%2Fcategories&post=44223"},{"taxonomy":"post_tag","embeddable":true,"href":"https:\/\/radiorevelacionfm.cl\/index.php?rest_route=%2Fwp%2Fv2%2Ftags&post=44223"}],"curies":[{"name":"wp","href":"https:\/\/api.w.org\/{rel}","templated":true}]}}