{"id":44220,"date":"2024-07-17T11:58:18","date_gmt":"2024-07-17T14:58:18","guid":{"rendered":"https:\/\/radiorevelacionfm.cl\/?p=44220"},"modified":"2024-07-17T11:58:18","modified_gmt":"2024-07-17T14:58:18","slug":"tortel-cuenta-con-punto-de-atencion-virtual-ips-chileatiende","status":"publish","type":"post","link":"https:\/\/radiorevelacionfm.cl\/?p=44220","title":{"rendered":"Tortel cuenta con Punto de Atenci\u00f3n Virtual IPS ChileAtiende"},"content":{"rendered":"<div class=\"flex_column av_one_full  flex_column_div av-zero-column-padding first  avia-builder-el-0  el_before_av_one_full  avia-builder-el-first  \" style='border-radius:0px; '><div  class='avia-image-container  av-styling-    avia-builder-el-1  avia-builder-el-no-sibling  avia-align-center '  itemprop=\"image\" itemscope=\"itemscope\" itemtype=\"https:\/\/schema.org\/ImageObject\"  ><div class='avia-image-container-inner'><div class='avia-image-overlay-wrap'><img decoding=\"async\" class='wp-image-44221 avia-img-lazy-loading-not-44221 avia_image' src=\"https:\/\/radiorevelacionfm.cl\/wp-content\/uploads\/2024\/07\/FIRMA-CONVENIO-TORTEL-1-1.jpeg\" alt='' title='FIRMA CONVENIO TORTEL (1) (1)' height=\"600\" width=\"800\"  itemprop=\"thumbnailUrl\" srcset=\"https:\/\/radiorevelacionfm.cl\/wp-content\/uploads\/2024\/07\/FIRMA-CONVENIO-TORTEL-1-1.jpeg 800w, https:\/\/radiorevelacionfm.cl\/wp-content\/uploads\/2024\/07\/FIRMA-CONVENIO-TORTEL-1-1-300x225.jpeg 300w, https:\/\/radiorevelacionfm.cl\/wp-content\/uploads\/2024\/07\/FIRMA-CONVENIO-TORTEL-1-1-768x576.jpeg 768w, https:\/\/radiorevelacionfm.cl\/wp-content\/uploads\/2024\/07\/FIRMA-CONVENIO-TORTEL-1-1-705x529.jpeg 705w, https:\/\/radiorevelacionfm.cl\/wp-content\/uploads\/2024\/07\/FIRMA-CONVENIO-TORTEL-1-1-450x338.jpeg 450w, https:\/\/radiorevelacionfm.cl\/wp-content\/uploads\/2024\/07\/FIRMA-CONVENIO-TORTEL-1-1-600x450.jpeg 600w\" sizes=\"(max-width: 800px) 100vw, 800px\" \/><\/div><\/div><\/div><\/div><div class=\"flex_column av_one_full  flex_column_div av-zero-column-padding first  avia-builder-el-2  el_after_av_one_full  el_before_av_one_full  column-top-margin\" style='border-radius:0px; '><section class=\"av_textblock_section \"  itemscope=\"itemscope\" itemtype=\"https:\/\/schema.org\/BlogPosting\" itemprop=\"blogPost\" ><div class='avia_textblock  '   itemprop=\"text\" ><p style=\"text-align: center;\"><span style=\"font-size: 18pt;\"><strong>Tortel cuenta con Punto de Atenci\u00f3n Virtual IPS ChileAtiende<\/strong><\/span><\/p>\n<div id=\"gtx-trans\" style=\"position: absolute; left: -50px; top: 4.31534px;\">\n<div class=\"gtx-trans-icon\"><\/div>\n<\/div>\n<\/div><\/section><\/div><div class=\"flex_column av_one_full  flex_column_div av-zero-column-padding first  avia-builder-el-4  el_after_av_one_full  el_before_av_hr  column-top-margin\" style='border-radius:0px; '><section class=\"av_textblock_section \"  itemscope=\"itemscope\" itemtype=\"https:\/\/schema.org\/BlogPosting\" itemprop=\"blogPost\" ><div class='avia_textblock  '   itemprop=\"text\" ><p style=\"text-align: justify;\">Con la firma de un convenio entre el Instituto de Previsi\u00f3n Social \u2013 IPS y la Ilustre Municipalidad de Tortel, qued\u00f3 formalizada la puesta en marcha del Punto de Atenci\u00f3n Virtual Municipal IPS ChileAtiende_Tortel.<\/p>\n<p style=\"text-align: justify;\">El hito fue valorado tanto por el alcalde de dicha comuna, Abel Becerra Vidal, como por la directora regional (S) del IPS, Claudia Campos Pascual, quienes hicieron hincapi\u00e9 en la importancia que la iniciativa tiene para la comunidad tortelina, al acercar los tr\u00e1mites del Estado a esta apartada localidad.<\/p>\n<p style=\"text-align: justify;\">\u201cEste proyecto que lleva a cabo nuestra instituci\u00f3n, se est\u00e1 implementando a nivel nacional, y nosotros tenemos el orgullo de ser la primera regi\u00f3n en tener el 100% de cobertura \u00bfEn qu\u00e9 se traduce esto? En qu\u00e9 nosotros, como Instituto de Previsi\u00f3n Social, estamos presentes en las diez comunas de la regi\u00f3n. Entonces, las personas que antes ten\u00edan que antes ten\u00edan que hacer tr\u00e1mites de manera presencial en nuestras cinco sucursales, ahora lo pueden hacer a trav\u00e9s de estos Puntos de Atenci\u00f3n Virtual, de manera r\u00e1pida, de manera expedita, lo que es un tremendo apoyo para la comunidad entera\u201d, se\u00f1al\u00f3 Campos Pascual.<\/p>\n<p style=\"text-align: justify;\">Se trata del quinto Punto de Atenci\u00f3n Virtual Municipal del IPS en la regi\u00f3n, sum\u00e1ndose as\u00ed a los ya instalados en Puerto R\u00edo Tranquilo, Guaitecas, Villa O\u2019Higgins y Villa La Tapera.<\/p>\n<p style=\"text-align: justify;\">En este contexto, la autoridad regional del IPS agradeci\u00f3 la labor del equipo municipal as\u00ed como el permanente respaldo del seremi de la cartera del Trabajo y Previsi\u00f3n Social, y, por supuesto, del alcalde Becerra.<\/p>\n<p style=\"text-align: justify;\">\u201c<em>Quiero<\/em> agradecer su disposici\u00f3n y el apoyo. Agradecer a su equipo de trabajo, que pudieron concretar tambi\u00e9n el proyecto con nosotros, que obviamente tiene innumerables gestiones para llegar a la implementaci\u00f3n. Y agradecer tambi\u00e9n a nuestro seremi del Trabajo y Previsi\u00f3n Social, Rodrigo D\u00edaz Cordaro, que tambi\u00e9n prest\u00f3 todo su apoyo para poder realizar este proyecto\u201d, expres\u00f3 la directora regional (S) del IPS.<\/p>\n<p style=\"text-align: justify;\">Por su parte, Abel Becerra, se refiri\u00f3 a los beneficios que, en concreto, traer\u00e1 la puesta en marcha del Punto Virtual. \u201cPara nosotros es muy importante como administraci\u00f3n, porque acerca el servicio a nuestros pobladores y, lo que es m\u00e1s importante a\u00fan, es que cuando tengan alguna necesidad de atenci\u00f3n, ya no van a tener que trasladarse una gran cantidad de kil\u00f3metros que significa, y el costo que significa para las familias de Tortel\u201d, enfatiz\u00f3.<\/p>\n<p style=\"text-align: justify;\">\u201cEste es un punto virtual, donde van a poder ser atendidos por funcionarios y funcionarias del municipio, donde van a poder resolver sus dudas al instante. Hay que recordar tambi\u00e9n que tenemos una muy buena se\u00f1al y esto permiti\u00f3 que le podamos dar certeza y le podamos dar cuerpo a este convenio\u201d, resalt\u00f3 el edil.<\/p>\n<p style=\"text-align: justify;\">Con este nuevo servicio, el IPS se hace presente en las diez comunas de Ays\u00e9n, al sumar a sus sucursales en Coyhaique, Puerto Ays\u00e9n, Cochrane, Chile Chico y Puerto Cisnes, los cinco Puntos de Atenci\u00f3n Virtual Municipal instalados en la regi\u00f3n.<\/p>\n<\/div><\/section><\/div><div  style='height:50px' class='hr hr-invisible   avia-builder-el-6  el_after_av_one_full  el_before_av_social_share '><span class='hr-inner ' ><span class='hr-inner-style'><\/span><\/span><\/div><\/p>\n<div  class='av-social-sharing-box  avia-builder-el-7  el_after_av_hr  el_before_av_hr  '><div class='av-share-box'><h5 class='av-share-link-description av-no-toc '>Compartir esta noticia<\/h5><ul class='av-share-box-list noLightbox'><li class='av-share-link av-social-link-facebook' ><a target=\"_blank\" aria-label=\"Compartir en Facebook\" href='https:\/\/www.facebook.com\/sharer.php?u=https:\/\/radiorevelacionfm.cl\/?p=44220&#038;t=Tortel%20cuenta%20con%20Punto%20de%20Atenci%C3%B3n%20Virtual%20IPS%20ChileAtiende' aria-hidden='false' data-av_icon='\ue8f3' data-av_iconfont='entypo-fontello' title='' data-avia-related-tooltip='Compartir en Facebook' rel=\"noopener\"><span class='avia_hidden_link_text'>Compartir en Facebook<\/span><\/a><\/li><li class='av-share-link av-social-link-twitter' ><a target=\"_blank\" aria-label=\"Compartir en Twitter\" href='https:\/\/twitter.com\/share?text=Tortel%20cuenta%20con%20Punto%20de%20Atenci%C3%B3n%20Virtual%20IPS%20ChileAtiende&#038;url=https:\/\/radiorevelacionfm.cl\/?p=44220' aria-hidden='false' data-av_icon='\ue8f1' data-av_iconfont='entypo-fontello' title='' data-avia-related-tooltip='Compartir en Twitter' rel=\"noopener\"><span class='avia_hidden_link_text'>Compartir en Twitter<\/span><\/a><\/li><li class='av-share-link av-social-link-whatsapp' ><a target=\"_blank\" aria-label=\"Compartir en Whatsapp\" href='https:\/\/api.whatsapp.com\/send?text=https:\/\/radiorevelacionfm.cl\/?p=44220' aria-hidden='false' data-av_icon='\uf232' data-av_iconfont='entypo-fontello' title='' data-avia-related-tooltip='Compartir en Whatsapp' rel=\"noopener\"><span class='avia_hidden_link_text'>Compartir en Whatsapp<\/span><\/a><\/li><li class='av-share-link av-social-link-linkedin' ><a target=\"_blank\" aria-label=\"Compartir en LinkedIn\" href='https:\/\/linkedin.com\/shareArticle?mini=true&#038;title=Tortel%20cuenta%20con%20Punto%20de%20Atenci%C3%B3n%20Virtual%20IPS%20ChileAtiende&#038;url=https:\/\/radiorevelacionfm.cl\/?p=44220' aria-hidden='false' data-av_icon='\ue8fc' data-av_iconfont='entypo-fontello' title='' data-avia-related-tooltip='Compartir en LinkedIn' rel=\"noopener\"><span class='avia_hidden_link_text'>Compartir en LinkedIn<\/span><\/a><\/li><li class='av-share-link av-social-link-mail' ><a  aria-label=\"Compartir por correo\" href='mailto:?subject=Tortel%20cuenta%20con%20Punto%20de%20Atenci%C3%B3n%20Virtual%20IPS%20ChileAtiende&#038;body=https:\/\/radiorevelacionfm.cl\/?p=44220' aria-hidden='false' data-av_icon='\ue805' data-av_iconfont='entypo-fontello' title='' data-avia-related-tooltip='Compartir por correo'><span class='avia_hidden_link_text'>Compartir por correo<\/span><\/a><\/li><\/ul><\/div><\/div>\n<div  style='height:50px' class='hr hr-invisible   avia-builder-el-8  el_after_av_social_share  el_before_av_comments_list '><span class='hr-inner ' ><span class='hr-inner-style'><\/span><\/span><\/div>\n<div  class='av-buildercomment  av-blog-meta-html-info-disabled av-blog-meta-tag-disabled  '><\/div>\n","protected":false},"excerpt":{"rendered":"","protected":false},"author":1,"featured_media":44221,"comment_status":"open","ping_status":"open","sticky":false,"template":"","format":"standard","meta":{"footnotes":""},"categories":[38],"tags":[],"class_list":["post-44220","post","type-post","status-publish","format-standard","has-post-thumbnail","hentry","category-regional"],"jetpack_featured_media_url":"https:\/\/radiorevelacionfm.cl\/wp-content\/uploads\/2024\/07\/FIRMA-CONVENIO-TORTEL-1-1.jpeg","_links":{"self":[{"href":"https:\/\/radiorevelacionfm.cl\/index.php?rest_route=\/wp\/v2\/posts\/44220","targetHints":{"allow":["GET"]}}],"collection":[{"href":"https:\/\/radiorevelacionfm.cl\/index.php?rest_route=\/wp\/v2\/posts"}],"about":[{"href":"https:\/\/radiorevelacionfm.cl\/index.php?rest_route=\/wp\/v2\/types\/post"}],"author":[{"embeddable":true,"href":"https:\/\/radiorevelacionfm.cl\/index.php?rest_route=\/wp\/v2\/users\/1"}],"replies":[{"embeddable":true,"href":"https:\/\/radiorevelacionfm.cl\/index.php?rest_route=%2Fwp%2Fv2%2Fcomments&post=44220"}],"version-history":[{"count":1,"href":"https:\/\/radiorevelacionfm.cl\/index.php?rest_route=\/wp\/v2\/posts\/44220\/revisions"}],"predecessor-version":[{"id":44222,"href":"https:\/\/radiorevelacionfm.cl\/index.php?rest_route=\/wp\/v2\/posts\/44220\/revisions\/44222"}],"wp:featuredmedia":[{"embeddable":true,"href":"https:\/\/radiorevelacionfm.cl\/index.php?rest_route=\/wp\/v2\/media\/44221"}],"wp:attachment":[{"href":"https:\/\/radiorevelacionfm.cl\/index.php?rest_route=%2Fwp%2Fv2%2Fmedia&parent=44220"}],"wp:term":[{"taxonomy":"category","embeddable":true,"href":"https:\/\/radiorevelacionfm.cl\/index.php?rest_route=%2Fwp%2Fv2%2Fcategories&post=44220"},{"taxonomy":"post_tag","embeddable":true,"href":"https:\/\/radiorevelacionfm.cl\/index.php?rest_route=%2Fwp%2Fv2%2Ftags&post=44220"}],"curies":[{"name":"wp","href":"https:\/\/api.w.org\/{rel}","templated":true}]}}