{"id":44217,"date":"2024-07-17T11:08:15","date_gmt":"2024-07-17T14:08:15","guid":{"rendered":"https:\/\/radiorevelacionfm.cl\/?p=44217"},"modified":"2024-07-17T11:08:15","modified_gmt":"2024-07-17T14:08:15","slug":"inauguran-ampliacion-de-caleta-de-pescadores-artesanales-en-melinka","status":"publish","type":"post","link":"https:\/\/radiorevelacionfm.cl\/?p=44217","title":{"rendered":"Inauguran ampliaci\u00f3n de Caleta de Pescadores Artesanales en Melinka"},"content":{"rendered":"<div class=\"flex_column av_one_full  flex_column_div av-zero-column-padding first  avia-builder-el-0  el_before_av_one_full  avia-builder-el-first  \" style='border-radius:0px; '><div  class='avia-image-container  av-styling-    avia-builder-el-1  avia-builder-el-no-sibling  avia-align-center '  itemprop=\"image\" itemscope=\"itemscope\" itemtype=\"https:\/\/schema.org\/ImageObject\"  ><div class='avia-image-container-inner'><div class='avia-image-overlay-wrap'><img decoding=\"async\" class='wp-image-44218 avia-img-lazy-loading-not-44218 avia_image' src=\"https:\/\/radiorevelacionfm.cl\/wp-content\/uploads\/2024\/07\/uno-m-1_optimized.jpg\" alt='' title='uno-m-(1)_optimized' height=\"600\" width=\"900\"  itemprop=\"thumbnailUrl\" srcset=\"https:\/\/radiorevelacionfm.cl\/wp-content\/uploads\/2024\/07\/uno-m-1_optimized.jpg 900w, https:\/\/radiorevelacionfm.cl\/wp-content\/uploads\/2024\/07\/uno-m-1_optimized-300x200.jpg 300w, https:\/\/radiorevelacionfm.cl\/wp-content\/uploads\/2024\/07\/uno-m-1_optimized-768x512.jpg 768w, https:\/\/radiorevelacionfm.cl\/wp-content\/uploads\/2024\/07\/uno-m-1_optimized-705x470.jpg 705w, https:\/\/radiorevelacionfm.cl\/wp-content\/uploads\/2024\/07\/uno-m-1_optimized-450x300.jpg 450w, https:\/\/radiorevelacionfm.cl\/wp-content\/uploads\/2024\/07\/uno-m-1_optimized-600x400.jpg 600w\" sizes=\"(max-width: 900px) 100vw, 900px\" \/><\/div><\/div><\/div><\/div><div class=\"flex_column av_one_full  flex_column_div av-zero-column-padding first  avia-builder-el-2  el_after_av_one_full  el_before_av_one_full  column-top-margin\" style='border-radius:0px; '><section class=\"av_textblock_section \"  itemscope=\"itemscope\" itemtype=\"https:\/\/schema.org\/BlogPosting\" itemprop=\"blogPost\" ><div class='avia_textblock  '   itemprop=\"text\" ><p style=\"text-align: center;\"><strong><span style=\"font-size: 18pt;\">Inauguran ampliaci\u00f3n de Caleta de Pescadores Artesanales en Melinka<\/span><\/strong><\/p>\n<div id=\"gtx-trans\" style=\"position: absolute; left: -50px; top: 4.31534px;\">\n<div class=\"gtx-trans-icon\"><\/div>\n<\/div>\n<\/div><\/section><\/div><div class=\"flex_column av_one_full  flex_column_div av-zero-column-padding first  avia-builder-el-4  el_after_av_one_full  el_before_av_hr  column-top-margin\" style='border-radius:0px; '><section class=\"av_textblock_section \"  itemscope=\"itemscope\" itemtype=\"https:\/\/schema.org\/BlogPosting\" itemprop=\"blogPost\" ><div class='avia_textblock  '   itemprop=\"text\" ><p style=\"text-align: justify;\">Melinka ya no ser\u00e1 la misma, luego de que el gobierno del presidente Gabriel Boric Font a trav\u00e9s de la Direcci\u00f3n Regional de Obras Portuarias del Ministerio de Obras P\u00fablicas junto a los y las pescadores artesanales y la comunidad inauguraran la ampliaci\u00f3n de la Caleta de Pescadores Artesanales.<\/p>\n<p style=\"text-align: justify;\">En la ceremonia, el Secretario Regional Ministerial de Obras P\u00fablicas (S), Francisco Real Bahamonde se\u00f1al\u00f3 estar muy contento y orgulloso con esta nueva infraestructura que se inaugur\u00f3. \u201cEsta es una obra bastante grande, se invirtieron m\u00e1s de $ 7 mil millones para construir la ampliaci\u00f3n de esta Caleta de Pescadores Artesanales. Como Ministerio de Obras P\u00fablicas nuestro objetivo es la reactivaci\u00f3n econ\u00f3mica y es por eso que adem\u00e1s de esta Caleta vamos a seguir construyendo a trav\u00e9s de las diferentes Direcciones de nuestro Ministerio obras como el mejoramiento del Servicio Sanitario Rural, el mejorando del Aer\u00f3dromo y tambi\u00e9n finalmente poder construir el Complejo Educacional en Melinka\u201d.<\/p>\n<p style=\"text-align: justify;\">En la oportunidad, el Director Regional de Obras Portuarias del MOP, \u00c1lvaro D\u00edaz Contreras destac\u00f3 esta inauguraci\u00f3n como \u201cun importante hito, porque hoy d\u00eda estamos entregando una infraestructura con mucho mejor prestaci\u00f3n de servicios que la que exist\u00eda anteriormente. Se construy\u00f3 una rampa para el desembarque de erizos, actividad muy importante que realiza el sector de la pesca artesanal; tambi\u00e9n se entreg\u00f3 un varadero para la reparaci\u00f3n de embarcaciones de hasta 80 toneladas, siendo uno de los m\u00e1s grandes de la regi\u00f3n con uso exclusivo para el sector de la pesca artesanal; la ampliaci\u00f3n de la explanada y tambi\u00e9n una rampa para varadero de embarcaciones menores. Sumados a otros mejoramientos que hicimos junto a la FEPAG con quienes pudimos levantar nuevas necesidades en las que seguiremos trabajando para en el futuro poder entregar un mejor desarrollo socioecon\u00f3mico y productivo a la comuna de Las Guaitecas\u201d.<\/p>\n<p style=\"text-align: justify;\">Por su parte, el Delegado Presidencial de la Provincia de Ays\u00e9n, Jorge D\u00edaz Guzm\u00e1n resalt\u00f3 \u201cun sue\u00f1o de los pescadores artesanales que nuestro gobierno lo hizo suyo; y no solamente fortaleciendo la Ley de Caletas, sino tambi\u00e9n retomando el trabajo de infraestructura a prop\u00f3sito de la crisis que tuvimos con la pandemia, y con la quiebra de empresas. Sin embargo, nuestro gobierno en la regi\u00f3n se hizo cargo de esto en coordinaci\u00f3n con los pescadores artesanales y sacamos adelante este proyecto que es muy significativo, porque la ampliaci\u00f3n de esta Caleta era un anhelo muy antiguo de los pescadores artesanales de Melinka y por lo tanto, que ellos tengan su propio espacio, administrado por ellos para poder sacar sus productos, tener sus embarcaciones y hacer la mantenci\u00f3n a sus embarcaciones es un sue\u00f1o que hoy en d\u00eda es una realidad gracias al Ministerio de Obras P\u00fablicas, gracias a la coordinaci\u00f3n del gobierno con todas sus entidades y tambi\u00e9n gracias a la perseverancia de los pescadores artesanales de Melinka, en la comuna de Las Guaitecas\u201d.<\/p>\n<p style=\"text-align: justify;\">Para Juan Carlos Leviante, presidente de la Federaci\u00f3n de Pescadores de Las Guaitecas, FEPAG, este ha sido un arduo trabajo que durante tres a\u00f1os ha realizado junto a dirigentes de la Federaci\u00f3n para concretar este proyecto, as\u00ed que junto con agradecer al Director Regional de Obras Portuarias del MOP, \u00c1lvaro D\u00edaz Contreras por el trabajo que hizo mancomunado con \u00e9l y con los dirigentes de la pesca, tambi\u00e9n indic\u00f3 que est\u00e1n muy contentos con las obras. \u201cQue la Caleta de Pescadores sea un polo de desarrollo para la comuna de Las Guaitecas. Somos la entrada norte de la regi\u00f3n y por donde pasan todas las embarcaciones, prestadores de servicios y la gente que trabaja en recursos del mar, as\u00ed que queremos que esta infraestructura, esta explanada con carro de arrastre, con muelle, con\u00a0 explanada de varado y con una empresa que se instal\u00f3 ahora con torner\u00eda y soldadura, vaya en beneficio y ayuda de los pescadores que realmente lo necesitan, porque para que un pescador o un armador artesanal tenga que reparar su embarcaci\u00f3n tiene que ir a Quell\u00f3n y eso tiene un costo, pero ahora lo va a tener aqu\u00ed mismo en nuestra propia explanada\u201d.<\/p>\n<p style=\"text-align: justify;\">Consultado el Alcalde de la comuna de Las Guaitecas Marcos Silva Miranda respecto a la nueva infraestructura, la autoridad agradeci\u00f3 \u201cla instancia de este gobierno del presidente Boric de hacerse cargo de esta infraestructura -que recordemos viene de antes- la que cuando vino la pandemia estuvo a punto de perderse porque la primera iniciativa fue de algo de cinco mil millones y despu\u00e9s con la pandemia todos los costos se fueron para las nubes. Entonces, tambi\u00e9n esta mirada r\u00e1pida de poder decir aqu\u00ed hay una infraestructura que es necesaria y finalmente se inyectaron m\u00e1s de dos mil millones, sumando en total m\u00e1s de siete mil millones en esta infraestructura, por lo tanto no es menor la inversi\u00f3n que hoy se hace en la comuna y eso tiene la mirada de hacer justicia\u201d.<\/p>\n<\/div><\/section><\/div><div  style='height:50px' class='hr hr-invisible   avia-builder-el-6  el_after_av_one_full  el_before_av_social_share '><span class='hr-inner ' ><span class='hr-inner-style'><\/span><\/span><\/div><\/p>\n<div  class='av-social-sharing-box  avia-builder-el-7  el_after_av_hr  el_before_av_hr  '><div class='av-share-box'><h5 class='av-share-link-description av-no-toc '>Compartir esta noticia<\/h5><ul class='av-share-box-list noLightbox'><li class='av-share-link av-social-link-facebook' ><a target=\"_blank\" aria-label=\"Compartir en Facebook\" href='https:\/\/www.facebook.com\/sharer.php?u=https:\/\/radiorevelacionfm.cl\/?p=44217&#038;t=Inauguran%20ampliaci%C3%B3n%20de%20Caleta%20de%20Pescadores%20Artesanales%20en%20Melinka' aria-hidden='false' data-av_icon='\ue8f3' data-av_iconfont='entypo-fontello' title='' data-avia-related-tooltip='Compartir en Facebook' rel=\"noopener\"><span class='avia_hidden_link_text'>Compartir en Facebook<\/span><\/a><\/li><li class='av-share-link av-social-link-twitter' ><a target=\"_blank\" aria-label=\"Compartir en Twitter\" href='https:\/\/twitter.com\/share?text=Inauguran%20ampliaci%C3%B3n%20de%20Caleta%20de%20Pescadores%20Artesanales%20en%20Melinka&#038;url=https:\/\/radiorevelacionfm.cl\/?p=44217' aria-hidden='false' data-av_icon='\ue8f1' data-av_iconfont='entypo-fontello' title='' data-avia-related-tooltip='Compartir en Twitter' rel=\"noopener\"><span class='avia_hidden_link_text'>Compartir en Twitter<\/span><\/a><\/li><li class='av-share-link av-social-link-whatsapp' ><a target=\"_blank\" aria-label=\"Compartir en Whatsapp\" href='https:\/\/api.whatsapp.com\/send?text=https:\/\/radiorevelacionfm.cl\/?p=44217' aria-hidden='false' data-av_icon='\uf232' data-av_iconfont='entypo-fontello' title='' data-avia-related-tooltip='Compartir en Whatsapp' rel=\"noopener\"><span class='avia_hidden_link_text'>Compartir en Whatsapp<\/span><\/a><\/li><li class='av-share-link av-social-link-linkedin' ><a target=\"_blank\" aria-label=\"Compartir en LinkedIn\" href='https:\/\/linkedin.com\/shareArticle?mini=true&#038;title=Inauguran%20ampliaci%C3%B3n%20de%20Caleta%20de%20Pescadores%20Artesanales%20en%20Melinka&#038;url=https:\/\/radiorevelacionfm.cl\/?p=44217' aria-hidden='false' data-av_icon='\ue8fc' data-av_iconfont='entypo-fontello' title='' data-avia-related-tooltip='Compartir en LinkedIn' rel=\"noopener\"><span class='avia_hidden_link_text'>Compartir en LinkedIn<\/span><\/a><\/li><li class='av-share-link av-social-link-mail' ><a  aria-label=\"Compartir por correo\" href='mailto:?subject=Inauguran%20ampliaci%C3%B3n%20de%20Caleta%20de%20Pescadores%20Artesanales%20en%20Melinka&#038;body=https:\/\/radiorevelacionfm.cl\/?p=44217' aria-hidden='false' data-av_icon='\ue805' data-av_iconfont='entypo-fontello' title='' data-avia-related-tooltip='Compartir por correo'><span class='avia_hidden_link_text'>Compartir por correo<\/span><\/a><\/li><\/ul><\/div><\/div>\n<div  style='height:50px' class='hr hr-invisible   avia-builder-el-8  el_after_av_social_share  el_before_av_comments_list '><span class='hr-inner ' ><span class='hr-inner-style'><\/span><\/span><\/div>\n<div  class='av-buildercomment  av-blog-meta-html-info-disabled av-blog-meta-tag-disabled  '><\/div>\n","protected":false},"excerpt":{"rendered":"","protected":false},"author":1,"featured_media":44218,"comment_status":"open","ping_status":"open","sticky":false,"template":"","format":"standard","meta":{"footnotes":""},"categories":[38],"tags":[],"class_list":["post-44217","post","type-post","status-publish","format-standard","has-post-thumbnail","hentry","category-regional"],"jetpack_featured_media_url":"https:\/\/radiorevelacionfm.cl\/wp-content\/uploads\/2024\/07\/uno-m-1_optimized.jpg","_links":{"self":[{"href":"https:\/\/radiorevelacionfm.cl\/index.php?rest_route=\/wp\/v2\/posts\/44217","targetHints":{"allow":["GET"]}}],"collection":[{"href":"https:\/\/radiorevelacionfm.cl\/index.php?rest_route=\/wp\/v2\/posts"}],"about":[{"href":"https:\/\/radiorevelacionfm.cl\/index.php?rest_route=\/wp\/v2\/types\/post"}],"author":[{"embeddable":true,"href":"https:\/\/radiorevelacionfm.cl\/index.php?rest_route=\/wp\/v2\/users\/1"}],"replies":[{"embeddable":true,"href":"https:\/\/radiorevelacionfm.cl\/index.php?rest_route=%2Fwp%2Fv2%2Fcomments&post=44217"}],"version-history":[{"count":1,"href":"https:\/\/radiorevelacionfm.cl\/index.php?rest_route=\/wp\/v2\/posts\/44217\/revisions"}],"predecessor-version":[{"id":44219,"href":"https:\/\/radiorevelacionfm.cl\/index.php?rest_route=\/wp\/v2\/posts\/44217\/revisions\/44219"}],"wp:featuredmedia":[{"embeddable":true,"href":"https:\/\/radiorevelacionfm.cl\/index.php?rest_route=\/wp\/v2\/media\/44218"}],"wp:attachment":[{"href":"https:\/\/radiorevelacionfm.cl\/index.php?rest_route=%2Fwp%2Fv2%2Fmedia&parent=44217"}],"wp:term":[{"taxonomy":"category","embeddable":true,"href":"https:\/\/radiorevelacionfm.cl\/index.php?rest_route=%2Fwp%2Fv2%2Fcategories&post=44217"},{"taxonomy":"post_tag","embeddable":true,"href":"https:\/\/radiorevelacionfm.cl\/index.php?rest_route=%2Fwp%2Fv2%2Ftags&post=44217"}],"curies":[{"name":"wp","href":"https:\/\/api.w.org\/{rel}","templated":true}]}}