{"id":44213,"date":"2024-07-17T11:23:39","date_gmt":"2024-07-17T14:23:39","guid":{"rendered":"https:\/\/radiorevelacionfm.cl\/?p=44213"},"modified":"2024-07-17T11:23:39","modified_gmt":"2024-07-17T14:23:39","slug":"avanza-trabajo-desarrollado-por-mesa-regional-que-garantiza-el-acceso-a-salud-de-mujeres-privadas-de-libertad-embarazadas-y-con-hijos-lactantes","status":"publish","type":"post","link":"https:\/\/radiorevelacionfm.cl\/?p=44213","title":{"rendered":"Avanza trabajo desarrollado por Mesa Regional que garantiza el acceso a Salud de Mujeres Privadas de Libertad Embarazadas y con Hijos Lactantes"},"content":{"rendered":"<div class=\"flex_column av_one_full  flex_column_div av-zero-column-padding first  avia-builder-el-0  el_before_av_one_full  avia-builder-el-first  \" style='border-radius:0px; '><div  class='avia-image-container  av-styling-    avia-builder-el-1  avia-builder-el-no-sibling  avia-align-center '  itemprop=\"image\" itemscope=\"itemscope\" itemtype=\"https:\/\/schema.org\/ImageObject\"  ><div class='avia-image-container-inner'><div class='avia-image-overlay-wrap'><img decoding=\"async\" class='wp-image-44214 avia-img-lazy-loading-not-44214 avia_image' src=\"https:\/\/radiorevelacionfm.cl\/wp-content\/uploads\/2024\/07\/comunicado-mujer-1-1_optimized.jpg\" alt='' title='comunicado-mujer-1-(1)_optimized' height=\"600\" width=\"905\"  itemprop=\"thumbnailUrl\" srcset=\"https:\/\/radiorevelacionfm.cl\/wp-content\/uploads\/2024\/07\/comunicado-mujer-1-1_optimized.jpg 905w, https:\/\/radiorevelacionfm.cl\/wp-content\/uploads\/2024\/07\/comunicado-mujer-1-1_optimized-300x199.jpg 300w, https:\/\/radiorevelacionfm.cl\/wp-content\/uploads\/2024\/07\/comunicado-mujer-1-1_optimized-768x509.jpg 768w, https:\/\/radiorevelacionfm.cl\/wp-content\/uploads\/2024\/07\/comunicado-mujer-1-1_optimized-705x467.jpg 705w, https:\/\/radiorevelacionfm.cl\/wp-content\/uploads\/2024\/07\/comunicado-mujer-1-1_optimized-450x298.jpg 450w, https:\/\/radiorevelacionfm.cl\/wp-content\/uploads\/2024\/07\/comunicado-mujer-1-1_optimized-600x398.jpg 600w\" sizes=\"(max-width: 905px) 100vw, 905px\" \/><\/div><\/div><\/div><\/div><div class=\"flex_column av_one_full  flex_column_div av-zero-column-padding first  avia-builder-el-2  el_after_av_one_full  el_before_av_one_full  column-top-margin\" style='border-radius:0px; '><section class=\"av_textblock_section \"  itemscope=\"itemscope\" itemtype=\"https:\/\/schema.org\/BlogPosting\" itemprop=\"blogPost\" ><div class='avia_textblock  '   itemprop=\"text\" ><p style=\"text-align: center;\"><strong><span style=\"font-size: 18pt;\">Avanza trabajo desarrollado por Mesa Regional que garantiza el acceso a Salud de Mujeres Privadas de Libertad Embarazadas y con Hijos Lactantes<\/span><\/strong><\/p>\n<div id=\"gtx-trans\" style=\"position: absolute; left: -50px; top: 4.31534px;\">\n<div class=\"gtx-trans-icon\"><\/div>\n<\/div>\n<\/div><\/section><\/div><div class=\"flex_column av_one_full  flex_column_div av-zero-column-padding first  avia-builder-el-4  el_after_av_one_full  el_before_av_hr  column-top-margin\" style='border-radius:0px; '><section class=\"av_textblock_section \"  itemscope=\"itemscope\" itemtype=\"https:\/\/schema.org\/BlogPosting\" itemprop=\"blogPost\" ><div class='avia_textblock  '   itemprop=\"text\" ><p style=\"text-align: justify;\">Recientemente se llev\u00f3 a cabo la tercera sesi\u00f3n de la Mesa Regional de Mujeres Privadas de Libertad Embarazadas y con hijos lactantes, instancia presidida por el Seremi de Justicia y Derechos Humanos, Samuel Navarro Castro y que cuenta con la participaci\u00f3n de representantes de la Seremi de Salud, Servicio de Salud Ays\u00e9n, as\u00ed tambi\u00e9n de la Defensor\u00eda Penal P\u00fablica, INDH y Gendarmer\u00eda de Chile, y que tiene como objetivo coordinar y garantizar el acceso a los servicios de salud para las mujeres privadas de libertad que se encuentren en esta condici\u00f3n.<\/p>\n<p style=\"text-align: justify;\">Respecto al trabajo desarrollado hasta el momento, el Seremi de Justicia y Derechos Humanos Samuel Navarro explic\u00f3 que \u201cha sido un mandato del Ministerio de Justicia y Derechos Humanos establecer en cada una de las regiones mesas tem\u00e1ticas en relaci\u00f3n a mujeres privadas de libertad, embarazadas o con hijos lactantes, en esa din\u00e1mica nos hemos estado reuniendo en forma sistem\u00e1tica con distintos actores del \u00e1rea de la salud, de la Defensor\u00eda Penal p\u00fablica, INDH y Gendarmer\u00eda de Chile, en aquello estamos previendo todas las situaciones y todas las condiciones y elementos para poder atender eventualmente a personas privadas de libertad mujeres embarazadas o con hijos lactantes\u201d.<\/p>\n<p style=\"text-align: justify;\">Por su parte, el Jefe T\u00e9cnico Regional de Gendarmer\u00eda de Chile, Pablo Vargas indic\u00f3 que \u201cpara Gendarmer\u00eda ha sido muy importante esta mesa de seguimiento de mujeres privadas de libertad, embarazadas y con hijos lactantes en la regi\u00f3n de Ays\u00e9n, sobre todo despu\u00e9s de un periodo de post pandemia donde las atenciones y operativos de salud para nuestra poblaci\u00f3n penal en general han estado mas distantes, y que en este caso la autoridad sectorial de Justicia ha relevado la importancia del trabajo de esta mesa, la que nos ha tra\u00eddo cosas concretas como el compromiso de la Seremi de Salud para capacitar al personal uniformado y civil de Gendarmer\u00eda en distintos temas relacionados con esta materia, y se ha permitido convocar a otros actores p\u00fablicos que aseguren el buen desarrollo en este trabajo, as\u00ed tambi\u00e9n los operativos de salud van a ser con mayor frecuencia con nuestra poblaci\u00f3n penal, y lo mas importante que ac\u00e1 no solo se pretende abordar a mujeres y a las mujeres con hijos lactantes, sino que tambi\u00e9n se espera llegar a la poblaci\u00f3n total que hoy se encuentra recluida, por eso para nosotros como Gendarmer\u00eda indudablemente es un tremendo beneficio y apoyo\u201d.<\/p>\n<p style=\"text-align: justify;\">Finalmente, el Seremi Navarro destac\u00f3 que junto con el trabajo que se desarrolla enfocado a mujeres, tambi\u00e9n se espera ampliarlo, en el sentido que se pueda atender a toda la poblaci\u00f3n penal indicando que \u201cdado la voluntad y disposici\u00f3n de los actores de Salud hemos ido ampliando un poco el objetivo para otorgar en condiciones adecuadas y en lo posible al interior de los recintos penitenciarios otras prestaciones de salud, ya sea para enfermedades cr\u00f3nicas o preventivas tanto para las mujeres privadas de libertad en general como para la poblaci\u00f3n penal en particular, de esta forma pretendemos ir formalizando y regularizando las prestaciones de salud que se hacen en forma general y no sist\u00e9mica, lo que nos permitan garantizar el acceso al derecho a prestaciones de salud a las personas privadas de libertad\u201d.<\/p>\n<\/div><\/section><\/div><div  style='height:50px' class='hr hr-invisible   avia-builder-el-6  el_after_av_one_full  el_before_av_social_share '><span class='hr-inner ' ><span class='hr-inner-style'><\/span><\/span><\/div><\/p>\n<div  class='av-social-sharing-box  avia-builder-el-7  el_after_av_hr  el_before_av_hr  '><div class='av-share-box'><h5 class='av-share-link-description av-no-toc '>Compartir esta noticia<\/h5><ul class='av-share-box-list noLightbox'><li class='av-share-link av-social-link-facebook' ><a target=\"_blank\" aria-label=\"Compartir en Facebook\" href='https:\/\/www.facebook.com\/sharer.php?u=https:\/\/radiorevelacionfm.cl\/?p=44213&#038;t=Avanza%20trabajo%20desarrollado%20por%20Mesa%20Regional%20que%20garantiza%20el%20acceso%20a%20Salud%20de%20Mujeres%20Privadas%20de%20Libertad%20Embarazadas%20y%20con%20Hijos%20Lactantes' aria-hidden='false' data-av_icon='\ue8f3' data-av_iconfont='entypo-fontello' title='' data-avia-related-tooltip='Compartir en Facebook' rel=\"noopener\"><span class='avia_hidden_link_text'>Compartir en Facebook<\/span><\/a><\/li><li class='av-share-link av-social-link-twitter' ><a target=\"_blank\" aria-label=\"Compartir en Twitter\" href='https:\/\/twitter.com\/share?text=Avanza%20trabajo%20desarrollado%20por%20Mesa%20Regional%20que%20garantiza%20el%20acceso%20a%20Salud%20de%20Mujeres%20Privadas%20de%20Libertad%20Embarazadas%20y%20con%20Hijos%20Lactantes&#038;url=https:\/\/radiorevelacionfm.cl\/?p=44213' aria-hidden='false' data-av_icon='\ue8f1' data-av_iconfont='entypo-fontello' title='' data-avia-related-tooltip='Compartir en Twitter' rel=\"noopener\"><span class='avia_hidden_link_text'>Compartir en Twitter<\/span><\/a><\/li><li class='av-share-link av-social-link-whatsapp' ><a target=\"_blank\" aria-label=\"Compartir en Whatsapp\" href='https:\/\/api.whatsapp.com\/send?text=https:\/\/radiorevelacionfm.cl\/?p=44213' aria-hidden='false' data-av_icon='\uf232' data-av_iconfont='entypo-fontello' title='' data-avia-related-tooltip='Compartir en Whatsapp' rel=\"noopener\"><span class='avia_hidden_link_text'>Compartir en Whatsapp<\/span><\/a><\/li><li class='av-share-link av-social-link-linkedin' ><a target=\"_blank\" aria-label=\"Compartir en LinkedIn\" href='https:\/\/linkedin.com\/shareArticle?mini=true&#038;title=Avanza%20trabajo%20desarrollado%20por%20Mesa%20Regional%20que%20garantiza%20el%20acceso%20a%20Salud%20de%20Mujeres%20Privadas%20de%20Libertad%20Embarazadas%20y%20con%20Hijos%20Lactantes&#038;url=https:\/\/radiorevelacionfm.cl\/?p=44213' aria-hidden='false' data-av_icon='\ue8fc' data-av_iconfont='entypo-fontello' title='' data-avia-related-tooltip='Compartir en LinkedIn' rel=\"noopener\"><span class='avia_hidden_link_text'>Compartir en LinkedIn<\/span><\/a><\/li><li class='av-share-link av-social-link-mail' ><a  aria-label=\"Compartir por correo\" href='mailto:?subject=Avanza%20trabajo%20desarrollado%20por%20Mesa%20Regional%20que%20garantiza%20el%20acceso%20a%20Salud%20de%20Mujeres%20Privadas%20de%20Libertad%20Embarazadas%20y%20con%20Hijos%20Lactantes&#038;body=https:\/\/radiorevelacionfm.cl\/?p=44213' aria-hidden='false' data-av_icon='\ue805' data-av_iconfont='entypo-fontello' title='' data-avia-related-tooltip='Compartir por correo'><span class='avia_hidden_link_text'>Compartir por correo<\/span><\/a><\/li><\/ul><\/div><\/div>\n<div  style='height:50px' class='hr hr-invisible   avia-builder-el-8  el_after_av_social_share  el_before_av_comments_list '><span class='hr-inner ' ><span class='hr-inner-style'><\/span><\/span><\/div>\n<div  class='av-buildercomment  av-blog-meta-html-info-disabled av-blog-meta-tag-disabled  '><\/div>\n","protected":false},"excerpt":{"rendered":"","protected":false},"author":1,"featured_media":44214,"comment_status":"open","ping_status":"open","sticky":false,"template":"","format":"standard","meta":{"footnotes":""},"categories":[55],"tags":[],"class_list":["post-44213","post","type-post","status-publish","format-standard","has-post-thumbnail","hentry","category-justicia"],"jetpack_featured_media_url":"https:\/\/radiorevelacionfm.cl\/wp-content\/uploads\/2024\/07\/comunicado-mujer-1-1_optimized.jpg","_links":{"self":[{"href":"https:\/\/radiorevelacionfm.cl\/index.php?rest_route=\/wp\/v2\/posts\/44213","targetHints":{"allow":["GET"]}}],"collection":[{"href":"https:\/\/radiorevelacionfm.cl\/index.php?rest_route=\/wp\/v2\/posts"}],"about":[{"href":"https:\/\/radiorevelacionfm.cl\/index.php?rest_route=\/wp\/v2\/types\/post"}],"author":[{"embeddable":true,"href":"https:\/\/radiorevelacionfm.cl\/index.php?rest_route=\/wp\/v2\/users\/1"}],"replies":[{"embeddable":true,"href":"https:\/\/radiorevelacionfm.cl\/index.php?rest_route=%2Fwp%2Fv2%2Fcomments&post=44213"}],"version-history":[{"count":1,"href":"https:\/\/radiorevelacionfm.cl\/index.php?rest_route=\/wp\/v2\/posts\/44213\/revisions"}],"predecessor-version":[{"id":44215,"href":"https:\/\/radiorevelacionfm.cl\/index.php?rest_route=\/wp\/v2\/posts\/44213\/revisions\/44215"}],"wp:featuredmedia":[{"embeddable":true,"href":"https:\/\/radiorevelacionfm.cl\/index.php?rest_route=\/wp\/v2\/media\/44214"}],"wp:attachment":[{"href":"https:\/\/radiorevelacionfm.cl\/index.php?rest_route=%2Fwp%2Fv2%2Fmedia&parent=44213"}],"wp:term":[{"taxonomy":"category","embeddable":true,"href":"https:\/\/radiorevelacionfm.cl\/index.php?rest_route=%2Fwp%2Fv2%2Fcategories&post=44213"},{"taxonomy":"post_tag","embeddable":true,"href":"https:\/\/radiorevelacionfm.cl\/index.php?rest_route=%2Fwp%2Fv2%2Ftags&post=44213"}],"curies":[{"name":"wp","href":"https:\/\/api.w.org\/{rel}","templated":true}]}}