{"id":4421,"date":"2021-05-23T17:53:52","date_gmt":"2021-05-23T20:53:52","guid":{"rendered":"https:\/\/radiorevelacionfm.cl\/?p=4421"},"modified":"2021-05-23T17:53:52","modified_gmt":"2021-05-23T20:53:52","slug":"diputado-calisto-aboga-por-mas-resolutividad-para-hospital-de-chile-chico-y-pide-nuevo-equipo-de-rayos-x","status":"publish","type":"post","link":"https:\/\/radiorevelacionfm.cl\/?p=4421","title":{"rendered":"Diputado Calisto aboga por m\u00e1s resolutividad para hospital de Chile Chico y pide nuevo equipo de rayos X"},"content":{"rendered":"<div class=\"flex_column av_one_full  flex_column_div av-zero-column-padding first  avia-builder-el-0  el_before_av_one_full  avia-builder-el-first  \" style='border-radius:0px; '><div  class='avia-image-container  av-styling-    avia-builder-el-1  avia-builder-el-no-sibling  avia-align-center '  itemprop=\"image\" itemscope=\"itemscope\" itemtype=\"https:\/\/schema.org\/ImageObject\"  ><div class='avia-image-container-inner'><div class='avia-image-overlay-wrap'><img decoding=\"async\" class='wp-image-0 avia-img-lazy-loading-not-0 avia_image' src=\"https:\/\/radiorevelacionfm.cl\/wp-content\/uploads\/2021\/05\/calisto-hospital-chch-2-1_optimized.png\" alt='' title=''   itemprop=\"thumbnailUrl\"  \/><\/div><\/div><\/div><\/div><div class=\"flex_column av_one_full  flex_column_div av-zero-column-padding first  avia-builder-el-2  el_after_av_one_full  el_before_av_one_full  column-top-margin\" style='border-radius:0px; '><section class=\"av_textblock_section \"  itemscope=\"itemscope\" itemtype=\"https:\/\/schema.org\/BlogPosting\" itemprop=\"blogPost\" ><div class='avia_textblock  '   itemprop=\"text\" ><p style=\"text-align: center;\"><strong><span style=\"font-size: 18pt;\">Diputado Calisto aboga por m\u00e1s resolutividad para hospital de Chile Chico y pide nuevo equipo de rayos X<\/span><\/strong><\/p>\n<div id=\"gtx-trans\" style=\"position: absolute; left: -50px; top: 4.31534px;\">\n<div class=\"gtx-trans-icon\"><\/div>\n<\/div>\n<\/div><\/section><\/div><div class=\"flex_column av_one_full  flex_column_div av-zero-column-padding first  avia-builder-el-4  el_after_av_one_full  el_before_av_hr  column-top-margin\" style='border-radius:0px; '><section class=\"av_textblock_section \"  itemscope=\"itemscope\" itemtype=\"https:\/\/schema.org\/BlogPosting\" itemprop=\"blogPost\" ><div class='avia_textblock  '   itemprop=\"text\" ><p style=\"font-weight: 400; text-align: justify;\">En el marco de una gira de trabajo que est\u00e1 realizando por el sur de la regi\u00f3n de Ays\u00e9n, el diputado Miguel \u00c1ngel Calisto, junto al concejal electo Ariel Keim, visitaron las nuevas dependencias del Hospital de Chile Chico, instancia en la que resaltaron la urgente necesidad de poder contar con un equipo de rayos X, con la intenci\u00f3n de darle una mayor resolutividad a este centro de salud.<\/p>\n<p style=\"font-weight: 400; text-align: justify;\">Seg\u00fan el legislador, \u201cnos reunimos con la directora del hospital y abordamos la necesidad que tienen muchos vecinos de la comuna respecto de poder contar con un equipo modular de rayos X. La idea es generar esto lo antes posible, puede ser incluso mediante un mecanismo de arriendo, que despu\u00e9s pueda quedar como elemento permanente en la comuna. La directora se manifest\u00f3 disponible e hizo la solicitud a la direcci\u00f3n del Servicio de Salud\u201d.<\/p>\n<p style=\"font-weight: 400; text-align: justify;\">\u201cNosotros reforzamos la gesti\u00f3n, ya hablamos con autoridades de salud a nivel regional y nacional y esperamos tener noticias lo antes posible. Estamos muy optimistas, porque la disposici\u00f3n del Servicio de Salud es la mejor en esta materia para poder contar lo antes posible con un equipo de rayos X en este hospital\u201d.<\/p>\n<p style=\"font-weight: 400; text-align: justify;\">Por su parte, el concejal electo Ariel Keim, indic\u00f3 que \u201cel equipo que tenemos ya cumpli\u00f3 su vida \u00fatil y hoy nos mantiene en una situaci\u00f3n preocupante al no poder contar con la posibilidad de realizar este tipo de ex\u00e1menes. Le planteamos esta problem\u00e1tica al Diputado y el accedi\u00f3 de muy buena manera a atender este llamado a la comunidad, asumiendo algunos compromisos para que pronto se pueda solucionar esta problem\u00e1tica\u201d.<\/p>\n<p style=\"font-weight: 400; text-align: justify;\">\u201cTambi\u00e9n planteamos algo muy importante para las localidades aisladas, la necesidad de contar con una cl\u00ednica m\u00f3vil que permita atenci\u00f3n en las localidades m\u00e1s aisladas. Es un trabajo importante de gesti\u00f3n que estamos reci\u00e9n haciendo y esperamos que se concrete gracias a un trabajo mancomunado con el diputado Calisto\u201d, indic\u00f3.<\/p>\n<p style=\"font-weight: 400; text-align: justify;\">Seg\u00fan Daniela Maldonado, Directora del Hospital de Chile Chico, \u201cconversando con el diputado est\u00e1bamos viendo el tema del equipo de rayos, que est\u00e1 en malas condiciones, pero ya estamos trabajando para poder reponerlo a la brevedad y dar respuesta nuestros usuarios con la necesidad de radiograf\u00edas\u201d.<\/p>\n<p style=\"font-weight: 400; text-align: justify;\"><strong>Nuevo Hospital<\/strong><\/p>\n<p style=\"font-weight: 400; text-align: justify;\">Con respecto a la construcci\u00f3n del nuevo hospital de Chile Chico, el diputado Calisto se\u00f1al\u00f3 que \u201cesperamos que r\u00e1pidamente se puedan levantar las observaciones, porque recibi\u00f3 nuevamente un portazo por parte de la Contralor\u00eda General de la Rep\u00fablica, quienes realizaron varias observaciones. Esperamos que los equipos t\u00e9cnicos lo antes posible puedan corregir esta situaci\u00f3n y se pueda autorizar la construcci\u00f3n de este importante nuevo centro de salud para la provincia de General Carrera, con la infraestructura, los equipos y el personal necesario\u201d.<\/p>\n<p style=\"font-weight: 400; text-align: justify;\">Finalmente, el diputado indic\u00f3 que \u201ctambi\u00e9n visitamos las nuevas dependencias de este centro donde se est\u00e1 instalando la parte administrativa, la atenci\u00f3n kinesiol\u00f3gica, de salud mental y otras unidades en el edificio de la ex minera Cerro Bayo, en el centro de la ciudad, que ciertamente ofrece muy buena infraestructura para una \u00f3ptima atenci\u00f3n mientras se construye el nuevo hospital\u201d.<\/p>\n<\/div><\/section><\/div><div  style='height:50px' class='hr hr-invisible   avia-builder-el-6  el_after_av_one_full  el_before_av_social_share '><span class='hr-inner ' ><span class='hr-inner-style'><\/span><\/span><\/div><\/p>\n<div  class='av-social-sharing-box  avia-builder-el-7  el_after_av_hr  el_before_av_hr  '><div class='av-share-box'><h5 class='av-share-link-description av-no-toc '>Compartir esta noticia<\/h5><ul class='av-share-box-list noLightbox'><li class='av-share-link av-social-link-facebook' ><a target=\"_blank\" aria-label=\"Compartir en Facebook\" href='https:\/\/www.facebook.com\/sharer.php?u=https:\/\/radiorevelacionfm.cl\/?p=4421&#038;t=Diputado%20Calisto%20aboga%20por%20m%C3%A1s%20resolutividad%20para%20hospital%20de%20Chile%20Chico%20y%20pide%20nuevo%20equipo%20de%20rayos%20X' aria-hidden='false' data-av_icon='\ue8f3' data-av_iconfont='entypo-fontello' title='' data-avia-related-tooltip='Compartir en Facebook' rel=\"noopener\"><span class='avia_hidden_link_text'>Compartir en Facebook<\/span><\/a><\/li><li class='av-share-link av-social-link-twitter' ><a target=\"_blank\" aria-label=\"Compartir en Twitter\" href='https:\/\/twitter.com\/share?text=Diputado%20Calisto%20aboga%20por%20m%C3%A1s%20resolutividad%20para%20hospital%20de%20Chile%20Chico%20y%20pide%20nuevo%20equipo%20de%20rayos%20X&#038;url=https:\/\/radiorevelacionfm.cl\/?p=4421' aria-hidden='false' data-av_icon='\ue8f1' data-av_iconfont='entypo-fontello' title='' data-avia-related-tooltip='Compartir en Twitter' rel=\"noopener\"><span class='avia_hidden_link_text'>Compartir en Twitter<\/span><\/a><\/li><li class='av-share-link av-social-link-whatsapp' ><a target=\"_blank\" aria-label=\"Compartir en Whatsapp\" href='https:\/\/api.whatsapp.com\/send?text=https:\/\/radiorevelacionfm.cl\/?p=4421' aria-hidden='false' data-av_icon='\uf232' data-av_iconfont='entypo-fontello' title='' data-avia-related-tooltip='Compartir en Whatsapp' rel=\"noopener\"><span class='avia_hidden_link_text'>Compartir en Whatsapp<\/span><\/a><\/li><li class='av-share-link av-social-link-linkedin' ><a target=\"_blank\" aria-label=\"Compartir en LinkedIn\" href='https:\/\/linkedin.com\/shareArticle?mini=true&#038;title=Diputado%20Calisto%20aboga%20por%20m%C3%A1s%20resolutividad%20para%20hospital%20de%20Chile%20Chico%20y%20pide%20nuevo%20equipo%20de%20rayos%20X&#038;url=https:\/\/radiorevelacionfm.cl\/?p=4421' aria-hidden='false' data-av_icon='\ue8fc' data-av_iconfont='entypo-fontello' title='' data-avia-related-tooltip='Compartir en LinkedIn' rel=\"noopener\"><span class='avia_hidden_link_text'>Compartir en LinkedIn<\/span><\/a><\/li><li class='av-share-link av-social-link-mail' ><a  aria-label=\"Compartir por correo\" href='mailto:?subject=Diputado%20Calisto%20aboga%20por%20m%C3%A1s%20resolutividad%20para%20hospital%20de%20Chile%20Chico%20y%20pide%20nuevo%20equipo%20de%20rayos%20X&#038;body=https:\/\/radiorevelacionfm.cl\/?p=4421' aria-hidden='false' data-av_icon='\ue805' data-av_iconfont='entypo-fontello' title='' data-avia-related-tooltip='Compartir por correo'><span class='avia_hidden_link_text'>Compartir por correo<\/span><\/a><\/li><\/ul><\/div><\/div>\n<div  style='height:50px' class='hr hr-invisible   avia-builder-el-8  el_after_av_social_share  el_before_av_comments_list '><span class='hr-inner ' ><span class='hr-inner-style'><\/span><\/span><\/div>\n<div  class='av-buildercomment  av-blog-meta-html-info-disabled av-blog-meta-tag-disabled  '><\/div>\n","protected":false},"excerpt":{"rendered":"","protected":false},"author":1,"featured_media":0,"comment_status":"open","ping_status":"open","sticky":false,"template":"","format":"standard","meta":{"footnotes":""},"categories":[35],"tags":[],"class_list":["post-4421","post","type-post","status-publish","format-standard","hentry","category-politica"],"jetpack_featured_media_url":"","_links":{"self":[{"href":"https:\/\/radiorevelacionfm.cl\/index.php?rest_route=\/wp\/v2\/posts\/4421","targetHints":{"allow":["GET"]}}],"collection":[{"href":"https:\/\/radiorevelacionfm.cl\/index.php?rest_route=\/wp\/v2\/posts"}],"about":[{"href":"https:\/\/radiorevelacionfm.cl\/index.php?rest_route=\/wp\/v2\/types\/post"}],"author":[{"embeddable":true,"href":"https:\/\/radiorevelacionfm.cl\/index.php?rest_route=\/wp\/v2\/users\/1"}],"replies":[{"embeddable":true,"href":"https:\/\/radiorevelacionfm.cl\/index.php?rest_route=%2Fwp%2Fv2%2Fcomments&post=4421"}],"version-history":[{"count":1,"href":"https:\/\/radiorevelacionfm.cl\/index.php?rest_route=\/wp\/v2\/posts\/4421\/revisions"}],"predecessor-version":[{"id":4423,"href":"https:\/\/radiorevelacionfm.cl\/index.php?rest_route=\/wp\/v2\/posts\/4421\/revisions\/4423"}],"wp:attachment":[{"href":"https:\/\/radiorevelacionfm.cl\/index.php?rest_route=%2Fwp%2Fv2%2Fmedia&parent=4421"}],"wp:term":[{"taxonomy":"category","embeddable":true,"href":"https:\/\/radiorevelacionfm.cl\/index.php?rest_route=%2Fwp%2Fv2%2Fcategories&post=4421"},{"taxonomy":"post_tag","embeddable":true,"href":"https:\/\/radiorevelacionfm.cl\/index.php?rest_route=%2Fwp%2Fv2%2Ftags&post=4421"}],"curies":[{"name":"wp","href":"https:\/\/api.w.org\/{rel}","templated":true}]}}