{"id":44206,"date":"2024-07-16T16:31:47","date_gmt":"2024-07-16T19:31:47","guid":{"rendered":"https:\/\/radiorevelacionfm.cl\/?p=44206"},"modified":"2024-07-16T16:31:47","modified_gmt":"2024-07-16T19:31:47","slug":"presidenta-regional-udi-pide-urgentes-cambios-en-gabinete-regional-por-denuncias-de-maltrato-y-acoso-contra-autoridades-locales","status":"publish","type":"post","link":"https:\/\/radiorevelacionfm.cl\/?p=44206","title":{"rendered":"Presidenta regional UDI pide \u201curgentes cambios\u201d en gabinete regional por denuncias de maltrato y acoso contra autoridades locales"},"content":{"rendered":"<div class=\"flex_column av_one_full  flex_column_div av-zero-column-padding first  avia-builder-el-0  el_before_av_one_full  avia-builder-el-first  \" style='border-radius:0px; '><div  class='avia-image-container  av-styling-    avia-builder-el-1  avia-builder-el-no-sibling  avia-align-center '  itemprop=\"image\" itemscope=\"itemscope\" itemtype=\"https:\/\/schema.org\/ImageObject\"  ><div class='avia-image-container-inner'><div class='avia-image-overlay-wrap'><img decoding=\"async\" class='wp-image-44207 avia-img-lazy-loading-not-44207 avia_image' src=\"https:\/\/radiorevelacionfm.cl\/wp-content\/uploads\/2024\/07\/ANDREA-PONCE-2-1-1.jpg\" alt='' title='ANDREA PONCE (2) (1) (1)' height=\"600\" width=\"863\"  itemprop=\"thumbnailUrl\" srcset=\"https:\/\/radiorevelacionfm.cl\/wp-content\/uploads\/2024\/07\/ANDREA-PONCE-2-1-1.jpg 863w, https:\/\/radiorevelacionfm.cl\/wp-content\/uploads\/2024\/07\/ANDREA-PONCE-2-1-1-300x209.jpg 300w, https:\/\/radiorevelacionfm.cl\/wp-content\/uploads\/2024\/07\/ANDREA-PONCE-2-1-1-768x534.jpg 768w, https:\/\/radiorevelacionfm.cl\/wp-content\/uploads\/2024\/07\/ANDREA-PONCE-2-1-1-705x490.jpg 705w, https:\/\/radiorevelacionfm.cl\/wp-content\/uploads\/2024\/07\/ANDREA-PONCE-2-1-1-450x313.jpg 450w, https:\/\/radiorevelacionfm.cl\/wp-content\/uploads\/2024\/07\/ANDREA-PONCE-2-1-1-600x417.jpg 600w\" sizes=\"(max-width: 863px) 100vw, 863px\" \/><\/div><\/div><\/div><\/div><div class=\"flex_column av_one_full  flex_column_div av-zero-column-padding first  avia-builder-el-2  el_after_av_one_full  el_before_av_one_full  column-top-margin\" style='border-radius:0px; '><section class=\"av_textblock_section \"  itemscope=\"itemscope\" itemtype=\"https:\/\/schema.org\/BlogPosting\" itemprop=\"blogPost\" ><div class='avia_textblock  '   itemprop=\"text\" ><p style=\"text-align: center;\"><span style=\"font-size: 18pt;\"><strong>Presidenta regional UDI pide \u201curgentes cambios\u201d en gabinete regional por denuncias de maltrato y acoso contra autoridades locales<\/strong><\/span><\/p>\n<div id=\"gtx-trans\" style=\"position: absolute; left: -50px; top: 4.31534px;\">\n<div class=\"gtx-trans-icon\"><\/div>\n<\/div>\n<\/div><\/section><\/div><div class=\"flex_column av_one_full  flex_column_div av-zero-column-padding first  avia-builder-el-4  el_after_av_one_full  el_before_av_hr  column-top-margin\" style='border-radius:0px; '><section class=\"av_textblock_section \"  itemscope=\"itemscope\" itemtype=\"https:\/\/schema.org\/BlogPosting\" itemprop=\"blogPost\" ><div class='avia_textblock  '   itemprop=\"text\" ><p style=\"text-align: justify;\"><em>Andrea Ponce dijo que hay representantes gubernamentales que, por ejemplo, no podr\u00e1n difundir la ley Karin por encontrarse precisamente denunciadas por temas que aborda dicha norma.<\/em><\/p>\n<p style=\"text-align: justify;\">La presidenta regional de la UDI, Andrea Ponce Olivares, critic\u00f3 el actuar del Gobierno en la regi\u00f3n por distintas denuncias de acoso y maltrato laboral que han sido realizadas contra autoridades locales.<\/p>\n<p style=\"text-align: justify;\">La dirigente gremialista fue enf\u00e1tica en se\u00f1alar la urgencia de que en el gabinete regional existan profundos cambios, dada la actual situaci\u00f3n que afecta a los propios trabajadores. \u201cDebe hacer urgentes cambios, comenzando con la seremi de Gobierno, que seg\u00fan los protocolos de Denuncia de Maltrato y Acoso Laboral y\/o Sexual MALS y las medidas en favor de los denunciantes, por lo menos deber\u00eda haber sido separada f\u00edsicamente de ellos o destinada a otras funciones, lo que hasta la fecha no ha ocurrido\u201d, recalc\u00f3.<\/p>\n<p style=\"text-align: justify;\">Ponce indic\u00f3 que \u201ctodo lo que est\u00e1 pasando es cuestionable\u201d, pues a lo de la vocera de Gobierno se suma a las denuncias que motivaron la renuncia del ex seremi de Obras P\u00fablicas o lo que acontece con la actual seremi de Bienes Nacionales.<\/p>\n<p style=\"text-align: justify;\">El tema es preocupante, indic\u00f3, m\u00e1s a\u00fan cuando el pr\u00f3ximo 1 de agosto se pone en marcha precisamente la ley Karin, iniciativa enfocada en la prevenci\u00f3n, protocolos y sanciones relacionadas con el acoso y la violencia laboral. \u201cA d\u00edas de su entrada en vigencia, nos encontramos con autoridades regionales que no podr\u00e1n hacer difusi\u00f3n de la norma por encontrarse acusados por este tipo de conductas\u201d, puntualiz\u00f3.<\/p>\n<p style=\"text-align: justify;\">Finalmente, la presidenta de la UDI en Ays\u00e9n, insisti\u00f3 que los cambios deben hacerse en el corto plazo, pues la regi\u00f3n necesita enfocar sus esfuerzos \u201cen las numerosas necesidades que hay en cada una de las comunas\u201d.<\/p>\n<\/div><\/section><\/div><div  style='height:50px' class='hr hr-invisible   avia-builder-el-6  el_after_av_one_full  el_before_av_social_share '><span class='hr-inner ' ><span class='hr-inner-style'><\/span><\/span><\/div><\/p>\n<div  class='av-social-sharing-box  avia-builder-el-7  el_after_av_hr  el_before_av_hr  '><div class='av-share-box'><h5 class='av-share-link-description av-no-toc '>Compartir esta noticia<\/h5><ul class='av-share-box-list noLightbox'><li class='av-share-link av-social-link-facebook' ><a target=\"_blank\" aria-label=\"Compartir en Facebook\" href='https:\/\/www.facebook.com\/sharer.php?u=https:\/\/radiorevelacionfm.cl\/?p=44206&#038;t=Presidenta%20regional%20UDI%20pide%20%E2%80%9Curgentes%20cambios%E2%80%9D%20en%20gabinete%20regional%20por%20denuncias%20de%20maltrato%20y%20acoso%20contra%20autoridades%20locales' aria-hidden='false' data-av_icon='\ue8f3' data-av_iconfont='entypo-fontello' title='' data-avia-related-tooltip='Compartir en Facebook' rel=\"noopener\"><span class='avia_hidden_link_text'>Compartir en Facebook<\/span><\/a><\/li><li class='av-share-link av-social-link-twitter' ><a target=\"_blank\" aria-label=\"Compartir en Twitter\" href='https:\/\/twitter.com\/share?text=Presidenta%20regional%20UDI%20pide%20%E2%80%9Curgentes%20cambios%E2%80%9D%20en%20gabinete%20regional%20por%20denuncias%20de%20maltrato%20y%20acoso%20contra%20autoridades%20locales&#038;url=https:\/\/radiorevelacionfm.cl\/?p=44206' aria-hidden='false' data-av_icon='\ue8f1' data-av_iconfont='entypo-fontello' title='' data-avia-related-tooltip='Compartir en Twitter' rel=\"noopener\"><span class='avia_hidden_link_text'>Compartir en Twitter<\/span><\/a><\/li><li class='av-share-link av-social-link-whatsapp' ><a target=\"_blank\" aria-label=\"Compartir en Whatsapp\" href='https:\/\/api.whatsapp.com\/send?text=https:\/\/radiorevelacionfm.cl\/?p=44206' aria-hidden='false' data-av_icon='\uf232' data-av_iconfont='entypo-fontello' title='' data-avia-related-tooltip='Compartir en Whatsapp' rel=\"noopener\"><span class='avia_hidden_link_text'>Compartir en Whatsapp<\/span><\/a><\/li><li class='av-share-link av-social-link-linkedin' ><a target=\"_blank\" aria-label=\"Compartir en LinkedIn\" href='https:\/\/linkedin.com\/shareArticle?mini=true&#038;title=Presidenta%20regional%20UDI%20pide%20%E2%80%9Curgentes%20cambios%E2%80%9D%20en%20gabinete%20regional%20por%20denuncias%20de%20maltrato%20y%20acoso%20contra%20autoridades%20locales&#038;url=https:\/\/radiorevelacionfm.cl\/?p=44206' aria-hidden='false' data-av_icon='\ue8fc' data-av_iconfont='entypo-fontello' title='' data-avia-related-tooltip='Compartir en LinkedIn' rel=\"noopener\"><span class='avia_hidden_link_text'>Compartir en LinkedIn<\/span><\/a><\/li><li class='av-share-link av-social-link-mail' ><a  aria-label=\"Compartir por correo\" href='mailto:?subject=Presidenta%20regional%20UDI%20pide%20%E2%80%9Curgentes%20cambios%E2%80%9D%20en%20gabinete%20regional%20por%20denuncias%20de%20maltrato%20y%20acoso%20contra%20autoridades%20locales&#038;body=https:\/\/radiorevelacionfm.cl\/?p=44206' aria-hidden='false' data-av_icon='\ue805' data-av_iconfont='entypo-fontello' title='' data-avia-related-tooltip='Compartir por correo'><span class='avia_hidden_link_text'>Compartir por correo<\/span><\/a><\/li><\/ul><\/div><\/div>\n<div  style='height:50px' class='hr hr-invisible   avia-builder-el-8  el_after_av_social_share  el_before_av_comments_list '><span class='hr-inner ' ><span class='hr-inner-style'><\/span><\/span><\/div>\n<div  class='av-buildercomment  av-blog-meta-html-info-disabled av-blog-meta-tag-disabled  '><\/div>\n","protected":false},"excerpt":{"rendered":"","protected":false},"author":1,"featured_media":44207,"comment_status":"open","ping_status":"open","sticky":false,"template":"","format":"standard","meta":{"footnotes":""},"categories":[35],"tags":[],"class_list":["post-44206","post","type-post","status-publish","format-standard","has-post-thumbnail","hentry","category-politica"],"jetpack_featured_media_url":"https:\/\/radiorevelacionfm.cl\/wp-content\/uploads\/2024\/07\/ANDREA-PONCE-2-1-1.jpg","_links":{"self":[{"href":"https:\/\/radiorevelacionfm.cl\/index.php?rest_route=\/wp\/v2\/posts\/44206","targetHints":{"allow":["GET"]}}],"collection":[{"href":"https:\/\/radiorevelacionfm.cl\/index.php?rest_route=\/wp\/v2\/posts"}],"about":[{"href":"https:\/\/radiorevelacionfm.cl\/index.php?rest_route=\/wp\/v2\/types\/post"}],"author":[{"embeddable":true,"href":"https:\/\/radiorevelacionfm.cl\/index.php?rest_route=\/wp\/v2\/users\/1"}],"replies":[{"embeddable":true,"href":"https:\/\/radiorevelacionfm.cl\/index.php?rest_route=%2Fwp%2Fv2%2Fcomments&post=44206"}],"version-history":[{"count":1,"href":"https:\/\/radiorevelacionfm.cl\/index.php?rest_route=\/wp\/v2\/posts\/44206\/revisions"}],"predecessor-version":[{"id":44208,"href":"https:\/\/radiorevelacionfm.cl\/index.php?rest_route=\/wp\/v2\/posts\/44206\/revisions\/44208"}],"wp:featuredmedia":[{"embeddable":true,"href":"https:\/\/radiorevelacionfm.cl\/index.php?rest_route=\/wp\/v2\/media\/44207"}],"wp:attachment":[{"href":"https:\/\/radiorevelacionfm.cl\/index.php?rest_route=%2Fwp%2Fv2%2Fmedia&parent=44206"}],"wp:term":[{"taxonomy":"category","embeddable":true,"href":"https:\/\/radiorevelacionfm.cl\/index.php?rest_route=%2Fwp%2Fv2%2Fcategories&post=44206"},{"taxonomy":"post_tag","embeddable":true,"href":"https:\/\/radiorevelacionfm.cl\/index.php?rest_route=%2Fwp%2Fv2%2Ftags&post=44206"}],"curies":[{"name":"wp","href":"https:\/\/api.w.org\/{rel}","templated":true}]}}