{"id":44200,"date":"2024-07-16T16:01:13","date_gmt":"2024-07-16T19:01:13","guid":{"rendered":"https:\/\/radiorevelacionfm.cl\/?p=44200"},"modified":"2024-07-16T19:33:09","modified_gmt":"2024-07-16T22:33:09","slug":"puerto-aysen-carabineros-detiene-a-conductores-en-estado-de-ebriedad-que-protagonizan-accidentes-de-transito","status":"publish","type":"post","link":"https:\/\/radiorevelacionfm.cl\/?p=44200","title":{"rendered":"Puerto Ays\u00e9n: Carabineros detiene a conductores en estado de ebriedad que protagonizan accidentes de tr\u00e1nsito"},"content":{"rendered":"<div class=\"flex_column av_one_full  flex_column_div av-zero-column-padding first  avia-builder-el-0  el_before_av_one_full  avia-builder-el-first  \" style='border-radius:0px; '><div  class='avia-image-container  av-styling-    avia-builder-el-1  avia-builder-el-no-sibling  avia-align-center '  itemprop=\"image\" itemscope=\"itemscope\" itemtype=\"https:\/\/schema.org\/ImageObject\"  ><div class='avia-image-container-inner'><div class='avia-image-overlay-wrap'><img decoding=\"async\" class='wp-image-44201 avia-img-lazy-loading-not-44201 avia_image' src=\"https:\/\/radiorevelacionfm.cl\/wp-content\/uploads\/2024\/07\/IMG-20240716-WA0002-1-1.jpg\" alt='' title='IMG-20240716-WA0002 (1) (1)' height=\"664\" width=\"804\"  itemprop=\"thumbnailUrl\" srcset=\"https:\/\/radiorevelacionfm.cl\/wp-content\/uploads\/2024\/07\/IMG-20240716-WA0002-1-1.jpg 804w, https:\/\/radiorevelacionfm.cl\/wp-content\/uploads\/2024\/07\/IMG-20240716-WA0002-1-1-300x248.jpg 300w, https:\/\/radiorevelacionfm.cl\/wp-content\/uploads\/2024\/07\/IMG-20240716-WA0002-1-1-768x634.jpg 768w, https:\/\/radiorevelacionfm.cl\/wp-content\/uploads\/2024\/07\/IMG-20240716-WA0002-1-1-705x582.jpg 705w, https:\/\/radiorevelacionfm.cl\/wp-content\/uploads\/2024\/07\/IMG-20240716-WA0002-1-1-450x372.jpg 450w, https:\/\/radiorevelacionfm.cl\/wp-content\/uploads\/2024\/07\/IMG-20240716-WA0002-1-1-600x496.jpg 600w\" sizes=\"(max-width: 804px) 100vw, 804px\" \/><\/div><\/div><\/div><\/div>\n<div class=\"flex_column av_one_full  flex_column_div av-zero-column-padding first  avia-builder-el-2  el_after_av_one_full  el_before_av_one_full  column-top-margin\" style='border-radius:0px; '><section class=\"av_textblock_section \"  itemscope=\"itemscope\" itemtype=\"https:\/\/schema.org\/BlogPosting\" itemprop=\"blogPost\" ><div class='avia_textblock  '   itemprop=\"text\" ><p style=\"text-align: center;\"><strong><span style=\"font-size: 18pt;\">Puerto Ays\u00e9n: Carabineros detiene a conductores en estado de ebriedad que protagonizan accidentes de tr\u00e1nsito<\/span><\/strong><\/p>\n<div id=\"gtx-trans\" style=\"position: absolute; left: -50px; top: 4.31534px;\">\n<div class=\"gtx-trans-icon\"><\/div>\n<\/div>\n<\/div><\/section><\/div>\n<div class=\"flex_column av_one_full  flex_column_div av-zero-column-padding first  avia-builder-el-4  el_after_av_one_full  el_before_av_hr  column-top-margin\" style='border-radius:0px; '><section class=\"av_textblock_section \"  itemscope=\"itemscope\" itemtype=\"https:\/\/schema.org\/BlogPosting\" itemprop=\"blogPost\" ><div class='avia_textblock  '   itemprop=\"text\" ><p style=\"text-align: justify;\">La ma\u00f1ana de este martes 16 de julio Carabineros de la Segunda Comisar\u00eda de Puerto Ays\u00e9n detuvo a cuatro personas que protagonizaron dos accidentes de tr\u00e1nsito en calle kalstrom de la ciudad, por conducir en estado de ebriedad.<\/p>\n<p style=\"text-align: justify;\">El primero ocurri\u00f3 alrededor de las 06:30 horas, donde se recepciona un comunicado radial por el nivel 133 de Carabineros, informando, a personal de servicio en la poblaci\u00f3n de la segunda comisaria Puerto Ays\u00e9n, de un procedimiento de accidente de transito en calle kalstrom, en la intersecci\u00f3n con regidor Roberto Ram\u00edrez Gallo.<\/p>\n<p style=\"text-align: justify;\">Carabineros una vez en el lugar, pudo identificar a un conductor en estado de ebriedad quien momentos antes hab\u00eda chocado un poste del alumbrado p\u00fablico.<\/p>\n<p style=\"text-align: justify;\">Uno de los conductores transitaba en el veh\u00edculo sin placa patente, intentando huir de Carabineros.<\/p>\n<p style=\"text-align: justify;\">El segundo ocurri\u00f3 alrededor de las 07:00 horas, en la intersecci\u00f3n de calle kalstrom con cipreses, donde el personal de Carabineros realizaba labores de tr\u00e1nsito en la v\u00eda, producto de los da\u00f1os en el alumbrado p\u00fablico, donde solicita al conductor de una camioneta que transitaba sin sus placa patente, que se detuviera, este no respet\u00f3 la se\u00f1alizaci\u00f3n y aceler\u00f3 el veh\u00edculo marcha atr\u00e1s intentando huir de Carabineros, posteriormente impactando a otro m\u00f3vil que se encontraba en el lugar.<\/p>\n<p style=\"text-align: justify;\">Posteriormente se logr\u00f3 realizar la fiscalizaci\u00f3n del conductor y sus dos acompa\u00f1antes.<\/p>\n<p style=\"text-align: justify;\">El conductor se encontraba en estado de ebriedad y no contaba con toda la documentaci\u00f3n del veh\u00edculo. En tanto uno de sus acompa\u00f1antes registra una orden de detenci\u00f3n vigente y un amplio prontuario policial.<\/p>\n<p style=\"text-align: justify;\">Los involucrados en dichos procedimientos policiales, pasar\u00e1n a control de detenci\u00f3n este martes 16, en horario por confirmar.<\/p>\n<p class=\"v1MsoNormal\" style=\"text-align: justify;\"><b><span lang=\"ES-CL\">Pr\u00f3fugo<\/span><\/b><\/p>\n<p class=\"v1MsoNormal\" style=\"text-align: justify;\"><span lang=\"ES-CL\">La oportuna reacci\u00f3n de carabineros de servicio permiti\u00f3 evitar que el conductor huyera del lugar, pudiendo ser fiscalizado junto a otros dos ocupantes del m\u00f3vil, entre ellos una mujer.<\/span><\/p>\n<p class=\"v1MsoNormal\" style=\"text-align: justify;\"><span lang=\"ES-CL\">Carabineros constat\u00f3 que el conductor lo hac\u00eda en evidente estado de ebriedad, sin licencia y sin documentaci\u00f3n del veh\u00edculo. Uno de los acompa\u00f1antes en tanto \u2013al verificar sus antecedentes- se trataba de un pr\u00f3fugo de la justicia, quien manten\u00eda una orden de detenci\u00f3n vigente por el delito de lesiones graves, emanada desde el Juzgado de Garant\u00eda de Puerto Montt. El sujeto quien registra 9 reiteraciones previas por diversos delitos, fue igualmente sorprendido portando una m\u00e1scara y una pistola a balines.<\/span><\/p>\n<p class=\"v1MsoNormal\" style=\"text-align: justify;\"><span lang=\"ES-CL\">Los sujetos fueron detenidos por atentado contra la autoridad, conducci\u00f3n en estado de ebriedad, orden vigente y da\u00f1os, siendo puestos a disposici\u00f3n del Juzgado de Garant\u00eda de Puerto Ays\u00e9n, en tanto que los antecedentes fueron remitidos a la Fiscal\u00eda Local de esta ciudad que dirige investigaci\u00f3n por estos hechos.\u00a0<\/span><\/p>\n<\/div><\/section><\/div><div  style='height:50px' class='hr hr-invisible   avia-builder-el-6  el_after_av_one_full  el_before_av_social_share '><span class='hr-inner ' ><span class='hr-inner-style'><\/span><\/span><\/div><\/p>\n<div  class='av-social-sharing-box  avia-builder-el-7  el_after_av_hr  el_before_av_hr  '><div class='av-share-box'><h5 class='av-share-link-description av-no-toc '>Compartir esta noticia<\/h5><ul class='av-share-box-list noLightbox'><li class='av-share-link av-social-link-facebook' ><a target=\"_blank\" aria-label=\"Compartir en Facebook\" href='https:\/\/www.facebook.com\/sharer.php?u=https:\/\/radiorevelacionfm.cl\/?p=44200&#038;t=Puerto%20Ays%C3%A9n%3A%20Carabineros%20detiene%20a%20conductores%20en%20estado%20de%20ebriedad%20que%20protagonizan%20accidentes%20de%20tr%C3%A1nsito' aria-hidden='false' data-av_icon='\ue8f3' data-av_iconfont='entypo-fontello' title='' data-avia-related-tooltip='Compartir en Facebook' rel=\"noopener\"><span class='avia_hidden_link_text'>Compartir en Facebook<\/span><\/a><\/li><li class='av-share-link av-social-link-twitter' ><a target=\"_blank\" aria-label=\"Compartir en Twitter\" href='https:\/\/twitter.com\/share?text=Puerto%20Ays%C3%A9n%3A%20Carabineros%20detiene%20a%20conductores%20en%20estado%20de%20ebriedad%20que%20protagonizan%20accidentes%20de%20tr%C3%A1nsito&#038;url=https:\/\/radiorevelacionfm.cl\/?p=44200' aria-hidden='false' data-av_icon='\ue8f1' data-av_iconfont='entypo-fontello' title='' data-avia-related-tooltip='Compartir en Twitter' rel=\"noopener\"><span class='avia_hidden_link_text'>Compartir en Twitter<\/span><\/a><\/li><li class='av-share-link av-social-link-whatsapp' ><a target=\"_blank\" aria-label=\"Compartir en Whatsapp\" href='https:\/\/api.whatsapp.com\/send?text=https:\/\/radiorevelacionfm.cl\/?p=44200' aria-hidden='false' data-av_icon='\uf232' data-av_iconfont='entypo-fontello' title='' data-avia-related-tooltip='Compartir en Whatsapp' rel=\"noopener\"><span class='avia_hidden_link_text'>Compartir en Whatsapp<\/span><\/a><\/li><li class='av-share-link av-social-link-linkedin' ><a target=\"_blank\" aria-label=\"Compartir en LinkedIn\" href='https:\/\/linkedin.com\/shareArticle?mini=true&#038;title=Puerto%20Ays%C3%A9n%3A%20Carabineros%20detiene%20a%20conductores%20en%20estado%20de%20ebriedad%20que%20protagonizan%20accidentes%20de%20tr%C3%A1nsito&#038;url=https:\/\/radiorevelacionfm.cl\/?p=44200' aria-hidden='false' data-av_icon='\ue8fc' data-av_iconfont='entypo-fontello' title='' data-avia-related-tooltip='Compartir en LinkedIn' rel=\"noopener\"><span class='avia_hidden_link_text'>Compartir en LinkedIn<\/span><\/a><\/li><li class='av-share-link av-social-link-mail' ><a  aria-label=\"Compartir por correo\" href='mailto:?subject=Puerto%20Ays%C3%A9n%3A%20Carabineros%20detiene%20a%20conductores%20en%20estado%20de%20ebriedad%20que%20protagonizan%20accidentes%20de%20tr%C3%A1nsito&#038;body=https:\/\/radiorevelacionfm.cl\/?p=44200' aria-hidden='false' data-av_icon='\ue805' data-av_iconfont='entypo-fontello' title='' data-avia-related-tooltip='Compartir por correo'><span class='avia_hidden_link_text'>Compartir por correo<\/span><\/a><\/li><\/ul><\/div><\/div>\n<div  style='height:50px' class='hr hr-invisible   avia-builder-el-8  el_after_av_social_share  el_before_av_comments_list '><span class='hr-inner ' ><span class='hr-inner-style'><\/span><\/span><\/div>\n<div  class='av-buildercomment  av-blog-meta-html-info-disabled av-blog-meta-tag-disabled  '><\/div>\n","protected":false},"excerpt":{"rendered":"","protected":false},"author":1,"featured_media":44201,"comment_status":"open","ping_status":"open","sticky":false,"template":"","format":"standard","meta":{"footnotes":""},"categories":[36],"tags":[],"class_list":["post-44200","post","type-post","status-publish","format-standard","has-post-thumbnail","hentry","category-policial"],"jetpack_featured_media_url":"https:\/\/radiorevelacionfm.cl\/wp-content\/uploads\/2024\/07\/IMG-20240716-WA0002-1-1.jpg","_links":{"self":[{"href":"https:\/\/radiorevelacionfm.cl\/index.php?rest_route=\/wp\/v2\/posts\/44200","targetHints":{"allow":["GET"]}}],"collection":[{"href":"https:\/\/radiorevelacionfm.cl\/index.php?rest_route=\/wp\/v2\/posts"}],"about":[{"href":"https:\/\/radiorevelacionfm.cl\/index.php?rest_route=\/wp\/v2\/types\/post"}],"author":[{"embeddable":true,"href":"https:\/\/radiorevelacionfm.cl\/index.php?rest_route=\/wp\/v2\/users\/1"}],"replies":[{"embeddable":true,"href":"https:\/\/radiorevelacionfm.cl\/index.php?rest_route=%2Fwp%2Fv2%2Fcomments&post=44200"}],"version-history":[{"count":2,"href":"https:\/\/radiorevelacionfm.cl\/index.php?rest_route=\/wp\/v2\/posts\/44200\/revisions"}],"predecessor-version":[{"id":44212,"href":"https:\/\/radiorevelacionfm.cl\/index.php?rest_route=\/wp\/v2\/posts\/44200\/revisions\/44212"}],"wp:featuredmedia":[{"embeddable":true,"href":"https:\/\/radiorevelacionfm.cl\/index.php?rest_route=\/wp\/v2\/media\/44201"}],"wp:attachment":[{"href":"https:\/\/radiorevelacionfm.cl\/index.php?rest_route=%2Fwp%2Fv2%2Fmedia&parent=44200"}],"wp:term":[{"taxonomy":"category","embeddable":true,"href":"https:\/\/radiorevelacionfm.cl\/index.php?rest_route=%2Fwp%2Fv2%2Fcategories&post=44200"},{"taxonomy":"post_tag","embeddable":true,"href":"https:\/\/radiorevelacionfm.cl\/index.php?rest_route=%2Fwp%2Fv2%2Ftags&post=44200"}],"curies":[{"name":"wp","href":"https:\/\/api.w.org\/{rel}","templated":true}]}}