{"id":44196,"date":"2024-07-15T22:02:34","date_gmt":"2024-07-16T01:02:34","guid":{"rendered":"https:\/\/radiorevelacionfm.cl\/?p=44196"},"modified":"2024-07-15T22:02:34","modified_gmt":"2024-07-16T01:02:34","slug":"lluvias-y-la-entrada-de-un-sistema-de-alta-presion-traera-aire-polar-provocando-bajas-temperaturas-en-la-region","status":"publish","type":"post","link":"https:\/\/radiorevelacionfm.cl\/?p=44196","title":{"rendered":"LLuvias y la entrada de un sistema de alta presi\u00f3n traer\u00e1 aire polar, provocando bajas temperaturas en la regi\u00f3n"},"content":{"rendered":"<div class=\"flex_column av_one_full  flex_column_div av-zero-column-padding first  avia-builder-el-0  el_before_av_one_full  avia-builder-el-first  \" style='border-radius:0px; '><div  class='avia-image-container  av-styling-    avia-builder-el-1  avia-builder-el-no-sibling  avia-align-center '  itemprop=\"image\" itemscope=\"itemscope\" itemtype=\"https:\/\/schema.org\/ImageObject\"  ><div class='avia-image-container-inner'><div class='avia-image-overlay-wrap'><img decoding=\"async\" class='wp-image-44198 avia-img-lazy-loading-not-44198 avia_image' src=\"https:\/\/radiorevelacionfm.cl\/wp-content\/uploads\/2024\/07\/frio-1-1.jpg\" alt='' title='frio (1) (1)' height=\"600\" width=\"900\"  itemprop=\"thumbnailUrl\" srcset=\"https:\/\/radiorevelacionfm.cl\/wp-content\/uploads\/2024\/07\/frio-1-1.jpg 900w, https:\/\/radiorevelacionfm.cl\/wp-content\/uploads\/2024\/07\/frio-1-1-300x200.jpg 300w, https:\/\/radiorevelacionfm.cl\/wp-content\/uploads\/2024\/07\/frio-1-1-768x512.jpg 768w, https:\/\/radiorevelacionfm.cl\/wp-content\/uploads\/2024\/07\/frio-1-1-705x470.jpg 705w, https:\/\/radiorevelacionfm.cl\/wp-content\/uploads\/2024\/07\/frio-1-1-450x300.jpg 450w, https:\/\/radiorevelacionfm.cl\/wp-content\/uploads\/2024\/07\/frio-1-1-600x400.jpg 600w\" sizes=\"(max-width: 900px) 100vw, 900px\" \/><\/div><\/div><\/div><\/div><div class=\"flex_column av_one_full  flex_column_div av-zero-column-padding first  avia-builder-el-2  el_after_av_one_full  el_before_av_one_full  column-top-margin\" style='border-radius:0px; '><section class=\"av_textblock_section \"  itemscope=\"itemscope\" itemtype=\"https:\/\/schema.org\/BlogPosting\" itemprop=\"blogPost\" ><div class='avia_textblock  '   itemprop=\"text\" ><p style=\"text-align: center;\"><strong><span style=\"font-size: 18pt;\">LLuvias y la entrada de un sistema de alta presi\u00f3n traer\u00e1 aire polar, provocando bajas temperaturas en la regi\u00f3n<\/span><\/strong><\/p>\n<div id=\"gtx-trans\" style=\"position: absolute; left: -50px; top: 4.31534px;\">\n<div class=\"gtx-trans-icon\"><\/div>\n<\/div>\n<\/div><\/section><\/div><div class=\"flex_column av_one_full  flex_column_div av-zero-column-padding first  avia-builder-el-4  el_after_av_one_full  el_before_av_hr  column-top-margin\" style='border-radius:0px; '><section class=\"av_textblock_section \"  itemscope=\"itemscope\" itemtype=\"https:\/\/schema.org\/BlogPosting\" itemprop=\"blogPost\" ><div class='avia_textblock  '   itemprop=\"text\" ><p style=\"text-align: justify;\">Entre el 16 y el 20 de julio de 2024, la Regi\u00f3n de Ays\u00e9n experimentar\u00e1 un per\u00edodo de precipitaciones d\u00e9biles y un descenso de las temperaturas a medida que avance la semana.<\/p>\n<p style=\"text-align: justify;\">Se pronostican lluvias para los d\u00edas mi\u00e9rcoles, jueves y s\u00e1bado, con probabilidad de nieve y aguanieve en zonas elevadas. Las \u00e1reas costeras del centro y norte de la regi\u00f3n recibir\u00e1n la mayor cantidad de precipitaciones, esper\u00e1ndose 25 mm en Ra\u00fal Mar\u00edn Balmaceda para el mi\u00e9rcoles.<\/p>\n<p style=\"text-align: justify;\">Se prev\u00e9 la llegada de masas de aire polar a la regi\u00f3n para los d\u00edas jueves y viernes principalmente. Para estos d\u00edas las temperaturas m\u00ednimas oscilar\u00e1n entre -3\u00b0C y -6\u00b0C en localidades como Coyhaique, Balmaceda, Puerto Tranquilo, Puerto Bertrand y Cochrane.<\/p>\n<p style=\"text-align: justify;\">Desde el jueves las m\u00e1ximas alcanzar\u00e1n entre 5\u00b0C y 8\u00b0C en zonas costeras del norte, mientras que en la mayor\u00eda de las localidades variar\u00e1n entre 1\u00b0C y 5\u00b0C.<\/p>\n<p style=\"text-align: justify;\">Durante jueves y viernes, la isoterma de 0\u00b0C se mantendr\u00e1 a baja altura, con un promedio diario entre 200 y 1000 metros sobre el nivel del mar. En la mayor\u00eda de las localidades, la altura media estar\u00e1 entre 300 y 700 metros.<\/p>\n<p style=\"text-align: justify;\">Los vientos ser\u00e1n d\u00e9biles, con velocidades promedio diarias entre 1 y 19 km\/h, siendo Melinka y Puerto Ib\u00e1\u00f1ez las localidades con mayores intensidades. Esto generar\u00e1 baja ventilaci\u00f3n en algunas zonas como La Junta y Cochrane. Las r\u00e1fagas m\u00e1s intensas se esperan para el mi\u00e9rcoles por la tarde en el litoral norte, pudiendo alcanzar los 64 km\/h en Puerto Ra\u00fal Mar\u00edn Balmaceda.<\/p>\n<p style=\"text-align: justify;\">El an\u00e1lisis de im\u00e1genes satelitales GOES, los pron\u00f3sticos de la Armada y el modelo meteorol\u00f3gico GFS indican que las condiciones de inestabilidad estar\u00e1n asociadas al paso de sistemas frontales con vientos del oeste. Para jueves y viernes, la componente sur del viento y la entrada de un sistema de alta presi\u00f3n traer\u00e1 aire polar, provocando bajas temperaturas en estos d\u00edas.<\/p>\n<p style=\"text-align: justify;\">Fuente: Laboratorio Eco-Clim\u00e1tico CIEP-UACh<\/p>\n<\/div><\/section><\/div><\/p>\n<div  style='height:50px' class='hr hr-invisible   avia-builder-el-6  el_after_av_one_full  el_before_av_social_share '><span class='hr-inner ' ><span class='hr-inner-style'><\/span><\/span><\/div>\n<div  class='av-social-sharing-box  avia-builder-el-7  el_after_av_hr  el_before_av_hr  '><div class='av-share-box'><h5 class='av-share-link-description av-no-toc '>Compartir esta noticia<\/h5><ul class='av-share-box-list noLightbox'><li class='av-share-link av-social-link-facebook' ><a target=\"_blank\" aria-label=\"Compartir en Facebook\" href='https:\/\/www.facebook.com\/sharer.php?u=https:\/\/radiorevelacionfm.cl\/?p=44196&#038;t=LLuvias%20y%20la%20entrada%20de%20un%20sistema%20de%20alta%20presi%C3%B3n%20traer%C3%A1%20aire%20polar%2C%20provocando%20bajas%20temperaturas%20en%20la%20regi%C3%B3n' aria-hidden='false' data-av_icon='\ue8f3' data-av_iconfont='entypo-fontello' title='' data-avia-related-tooltip='Compartir en Facebook' rel=\"noopener\"><span class='avia_hidden_link_text'>Compartir en Facebook<\/span><\/a><\/li><li class='av-share-link av-social-link-twitter' ><a target=\"_blank\" aria-label=\"Compartir en Twitter\" href='https:\/\/twitter.com\/share?text=LLuvias%20y%20la%20entrada%20de%20un%20sistema%20de%20alta%20presi%C3%B3n%20traer%C3%A1%20aire%20polar%2C%20provocando%20bajas%20temperaturas%20en%20la%20regi%C3%B3n&#038;url=https:\/\/radiorevelacionfm.cl\/?p=44196' aria-hidden='false' data-av_icon='\ue8f1' data-av_iconfont='entypo-fontello' title='' data-avia-related-tooltip='Compartir en Twitter' rel=\"noopener\"><span class='avia_hidden_link_text'>Compartir en Twitter<\/span><\/a><\/li><li class='av-share-link av-social-link-whatsapp' ><a target=\"_blank\" aria-label=\"Compartir en Whatsapp\" href='https:\/\/api.whatsapp.com\/send?text=https:\/\/radiorevelacionfm.cl\/?p=44196' aria-hidden='false' data-av_icon='\uf232' data-av_iconfont='entypo-fontello' title='' data-avia-related-tooltip='Compartir en Whatsapp' rel=\"noopener\"><span class='avia_hidden_link_text'>Compartir en Whatsapp<\/span><\/a><\/li><li class='av-share-link av-social-link-linkedin' ><a target=\"_blank\" aria-label=\"Compartir en LinkedIn\" href='https:\/\/linkedin.com\/shareArticle?mini=true&#038;title=LLuvias%20y%20la%20entrada%20de%20un%20sistema%20de%20alta%20presi%C3%B3n%20traer%C3%A1%20aire%20polar%2C%20provocando%20bajas%20temperaturas%20en%20la%20regi%C3%B3n&#038;url=https:\/\/radiorevelacionfm.cl\/?p=44196' aria-hidden='false' data-av_icon='\ue8fc' data-av_iconfont='entypo-fontello' title='' data-avia-related-tooltip='Compartir en LinkedIn' rel=\"noopener\"><span class='avia_hidden_link_text'>Compartir en LinkedIn<\/span><\/a><\/li><li class='av-share-link av-social-link-mail' ><a  aria-label=\"Compartir por correo\" href='mailto:?subject=LLuvias%20y%20la%20entrada%20de%20un%20sistema%20de%20alta%20presi%C3%B3n%20traer%C3%A1%20aire%20polar%2C%20provocando%20bajas%20temperaturas%20en%20la%20regi%C3%B3n&#038;body=https:\/\/radiorevelacionfm.cl\/?p=44196' aria-hidden='false' data-av_icon='\ue805' data-av_iconfont='entypo-fontello' title='' data-avia-related-tooltip='Compartir por correo'><span class='avia_hidden_link_text'>Compartir por correo<\/span><\/a><\/li><\/ul><\/div><\/div>\n<div  style='height:50px' class='hr hr-invisible   avia-builder-el-8  el_after_av_social_share  el_before_av_comments_list '><span class='hr-inner ' ><span class='hr-inner-style'><\/span><\/span><\/div>\n<div  class='av-buildercomment  av-blog-meta-html-info-disabled av-blog-meta-tag-disabled  '><\/div>\n","protected":false},"excerpt":{"rendered":"","protected":false},"author":1,"featured_media":44198,"comment_status":"open","ping_status":"open","sticky":false,"template":"","format":"standard","meta":{"footnotes":""},"categories":[38],"tags":[],"class_list":["post-44196","post","type-post","status-publish","format-standard","has-post-thumbnail","hentry","category-regional"],"jetpack_featured_media_url":"https:\/\/radiorevelacionfm.cl\/wp-content\/uploads\/2024\/07\/frio-1-1.jpg","_links":{"self":[{"href":"https:\/\/radiorevelacionfm.cl\/index.php?rest_route=\/wp\/v2\/posts\/44196","targetHints":{"allow":["GET"]}}],"collection":[{"href":"https:\/\/radiorevelacionfm.cl\/index.php?rest_route=\/wp\/v2\/posts"}],"about":[{"href":"https:\/\/radiorevelacionfm.cl\/index.php?rest_route=\/wp\/v2\/types\/post"}],"author":[{"embeddable":true,"href":"https:\/\/radiorevelacionfm.cl\/index.php?rest_route=\/wp\/v2\/users\/1"}],"replies":[{"embeddable":true,"href":"https:\/\/radiorevelacionfm.cl\/index.php?rest_route=%2Fwp%2Fv2%2Fcomments&post=44196"}],"version-history":[{"count":2,"href":"https:\/\/radiorevelacionfm.cl\/index.php?rest_route=\/wp\/v2\/posts\/44196\/revisions"}],"predecessor-version":[{"id":44199,"href":"https:\/\/radiorevelacionfm.cl\/index.php?rest_route=\/wp\/v2\/posts\/44196\/revisions\/44199"}],"wp:featuredmedia":[{"embeddable":true,"href":"https:\/\/radiorevelacionfm.cl\/index.php?rest_route=\/wp\/v2\/media\/44198"}],"wp:attachment":[{"href":"https:\/\/radiorevelacionfm.cl\/index.php?rest_route=%2Fwp%2Fv2%2Fmedia&parent=44196"}],"wp:term":[{"taxonomy":"category","embeddable":true,"href":"https:\/\/radiorevelacionfm.cl\/index.php?rest_route=%2Fwp%2Fv2%2Fcategories&post=44196"},{"taxonomy":"post_tag","embeddable":true,"href":"https:\/\/radiorevelacionfm.cl\/index.php?rest_route=%2Fwp%2Fv2%2Ftags&post=44196"}],"curies":[{"name":"wp","href":"https:\/\/api.w.org\/{rel}","templated":true}]}}