{"id":44189,"date":"2024-07-15T20:38:08","date_gmt":"2024-07-15T23:38:08","guid":{"rendered":"https:\/\/radiorevelacionfm.cl\/?p=44189"},"modified":"2024-07-15T20:38:08","modified_gmt":"2024-07-15T23:38:08","slug":"en-coyhaique-realizan-expo-emprendimiento-patagonia-en-colores-para-sensibilizar-sobre-inclusion-laboral","status":"publish","type":"post","link":"https:\/\/radiorevelacionfm.cl\/?p=44189","title":{"rendered":"En Coyhaique realizan Expo Emprendimiento \u201cPatagonia en Colores\u201d para sensibilizar sobre inclusi\u00f3n laboral"},"content":{"rendered":"<div class=\"flex_column av_one_full  flex_column_div av-zero-column-padding first  avia-builder-el-0  el_before_av_one_full  avia-builder-el-first  \" style='border-radius:0px; '><div  class='avia-image-container  av-styling-    avia-builder-el-1  avia-builder-el-no-sibling  avia-align-center '  itemprop=\"image\" itemscope=\"itemscope\" itemtype=\"https:\/\/schema.org\/ImageObject\"  ><div class='avia-image-container-inner'><div class='avia-image-overlay-wrap'><img decoding=\"async\" class='wp-image-44190 avia-img-lazy-loading-not-44190 avia_image' src=\"https:\/\/radiorevelacionfm.cl\/wp-content\/uploads\/2024\/07\/1-75-1_optimized.jpeg\" alt='' title='1-(75)-(1)_optimized' height=\"600\" width=\"1187\"  itemprop=\"thumbnailUrl\" srcset=\"https:\/\/radiorevelacionfm.cl\/wp-content\/uploads\/2024\/07\/1-75-1_optimized.jpeg 1187w, https:\/\/radiorevelacionfm.cl\/wp-content\/uploads\/2024\/07\/1-75-1_optimized-300x152.jpeg 300w, https:\/\/radiorevelacionfm.cl\/wp-content\/uploads\/2024\/07\/1-75-1_optimized-1030x521.jpeg 1030w, https:\/\/radiorevelacionfm.cl\/wp-content\/uploads\/2024\/07\/1-75-1_optimized-768x388.jpeg 768w, https:\/\/radiorevelacionfm.cl\/wp-content\/uploads\/2024\/07\/1-75-1_optimized-705x356.jpeg 705w, https:\/\/radiorevelacionfm.cl\/wp-content\/uploads\/2024\/07\/1-75-1_optimized-450x227.jpeg 450w, https:\/\/radiorevelacionfm.cl\/wp-content\/uploads\/2024\/07\/1-75-1_optimized-600x303.jpeg 600w\" sizes=\"(max-width: 1187px) 100vw, 1187px\" \/><\/div><\/div><\/div><\/div><div class=\"flex_column av_one_full  flex_column_div av-zero-column-padding first  avia-builder-el-2  el_after_av_one_full  el_before_av_one_full  column-top-margin\" style='border-radius:0px; '><section class=\"av_textblock_section \"  itemscope=\"itemscope\" itemtype=\"https:\/\/schema.org\/BlogPosting\" itemprop=\"blogPost\" ><div class='avia_textblock  '   itemprop=\"text\" ><p style=\"text-align: center;\"><strong><span style=\"font-size: 18pt;\">En Coyhaique realizan Expo Emprendimiento \u201cPatagonia en Colores\u201d para sensibilizar sobre inclusi\u00f3n laboral<\/span><\/strong><\/p>\n<div id=\"gtx-trans\" style=\"position: absolute; left: -50px; top: 4.31534px;\">\n<div class=\"gtx-trans-icon\"><\/div>\n<\/div>\n<\/div><\/section><\/div><div class=\"flex_column av_one_full  flex_column_div av-zero-column-padding first  avia-builder-el-4  el_after_av_one_full  el_before_av_hr  column-top-margin\" style='border-radius:0px; '><section class=\"av_textblock_section \"  itemscope=\"itemscope\" itemtype=\"https:\/\/schema.org\/BlogPosting\" itemprop=\"blogPost\" ><div class='avia_textblock  '   itemprop=\"text\" ><p style=\"text-align: justify;\">En el marco del trabajo colaborativo entre el Fondo de Solidaridad e Inversi\u00f3n Social, FOSIS y el INDH en la regi\u00f3n de Ays\u00e9n, y en el contexto de la conmemoraci\u00f3n del mes del orgullo LGTBIQANB+, se realiz\u00f3 la Expo Emprendimiento Patagonia en Colores en el Centro Cultural de Coyhaique, gracias al apoyo de la Ilustre Municipalidad de Coyhaique y Sernameg.<\/p>\n<p style=\"text-align: justify;\">En la feria participaron emprendimientos locales ofreciendo sus productos y servicios en un espacio donde se busc\u00f3 educar, sensibilizar y promocionar los derechos humanos, con \u00e9nfasis en las diversidades sexo-gen\u00e9ricas, donde se cont\u00f3 con la participaci\u00f3n la participaci\u00f3n de servicios p\u00fablicos y organizaciones de la sociedad civil que trabajan en la defensa de derechos humanos de las personas de la comunidad LGTBIQANB+.<\/p>\n<p style=\"text-align: justify;\">La jornada se inici\u00f3 con el testimonio Kyle Ringele, quien dio cuenta desde su experiencia c\u00f3mo hab\u00eda vivenciado el proceso de cambio de g\u00e9nero. De manera paralela a la feria se realizaron dos capacitaciones orientadas a funcionarios p\u00fablicos y sociedad civil, con la finalidad de favorecer el desarrollo de herramientas para la atenci\u00f3n de personas con \u00e9nfasis en el trato digno y uso de lenguaje inclusivo y no sexista.<\/p>\n<p style=\"text-align: justify;\">Ignacio Bianchi se dedica a la venta de ropa reciclada en su emprendimiento <em>Queens<\/em> y valor\u00f3 positivamente su participaci\u00f3n en la feria. \u201cHa sido una instancia muy hermosa, muy grato todo. Las ventas estuvieron s\u00faper buenas, particip\u00f3 harta gente de esta feria. Agradecer que se generen estos espacios en comunidad.\u201d<\/p>\n<p style=\"text-align: justify;\">El emprendimiento <em>Deite <\/em>tambi\u00e9n fue parte del evento y Catalina Vera, su creadora, destac\u00f3 la jornada<em>.<\/em> \u201cMe encanta que seamos mucho m\u00e1s inclusivos con este tema porque falta mucha informaci\u00f3n, falta informaci\u00f3n en los colegios y a la genta m\u00e1s adulta para evitar que esta generaci\u00f3n se sienta acomplejada.\u201d<\/p>\n<p style=\"text-align: justify;\">Fernanda Leiva, Directora Regional del FOSIS en Ays\u00e9n, destac\u00f3 la importancia de labor colaborativa para seguir avanzando en la inclusi\u00f3n. \u201cHemos venido trabajando hace un tiempo ya en conjunto con la Ilustre Municipalidad de Coyhaique, con los programas de Sernameg y el INDH para poder visibilizar y sensibilizar y generar espacios de encuentro en torno a las diversidades sexo-gen\u00e9ricas\u00bb.<\/p>\n<p style=\"text-align: justify;\">El Jefe Regional del INDH en Ays\u00e9n, Joaqu\u00edn Bizama, enfatiz\u00f3 que \u201cdesde el Instituto nos hemos comprometido con esta tem\u00e1tica, ya que pensamos en que todas las personas, sin discriminaci\u00f3n alguna, puedan postular a un trabajo o bien tener un espacio para mostrarle a la comunidad lo que hacen desde su emprendimiento.\u201d<\/p>\n<p style=\"text-align: justify;\">Andrea M\u00e9ndez, Seremi de la Mujer y Equidad de G\u00e9nero, puntualiz\u00f3 que \u201cactualmente hablamos de violencia por razones de g\u00e9nero, entendiendo esto desde las violencias que padecen las personas debido a su identidad u orientaci\u00f3n de g\u00e9nero, por esto hemos participado a trav\u00e9s de nuestro programa de prevenci\u00f3n en esta actividad.\u201d<\/p>\n<p style=\"text-align: justify;\">El Alcalde de Coyhaique, Carlos Gatica, recalc\u00f3 que \u201choy el Municipio est\u00e1 con todas las pilas para poder genera espacios que den oportunidades a nuestras disidencias sexuales y que generen espacios de reconocimiento para ellos, pero tambi\u00e9n poner en valor lo que significa la integraci\u00f3n social real en nuestra comuna.\u201d<\/p>\n<p style=\"text-align: justify;\">Previo a la Expo Emprendimiento en Colores se realiz\u00f3 en el Casino Dreams de Coyhaique la Expo Empleo, una feria laboral donde participaron m\u00e1s de cuarenta empresas presentes en la regi\u00f3n de Ays\u00e9n, quienes se capacitaron en inclusi\u00f3n laboral y buen trato LGTBIQANB+.<\/p>\n<\/div><\/section><\/div><div  style='height:50px' class='hr hr-invisible   avia-builder-el-6  el_after_av_one_full  el_before_av_social_share '><span class='hr-inner ' ><span class='hr-inner-style'><\/span><\/span><\/div><\/p>\n<div  class='av-social-sharing-box  avia-builder-el-7  el_after_av_hr  el_before_av_hr  '><div class='av-share-box'><h5 class='av-share-link-description av-no-toc '>Compartir esta noticia<\/h5><ul class='av-share-box-list noLightbox'><li class='av-share-link av-social-link-facebook' ><a target=\"_blank\" aria-label=\"Compartir en Facebook\" href='https:\/\/www.facebook.com\/sharer.php?u=https:\/\/radiorevelacionfm.cl\/?p=44189&#038;t=En%20Coyhaique%20realizan%20Expo%20Emprendimiento%20%E2%80%9CPatagonia%20en%20Colores%E2%80%9D%20para%20sensibilizar%20sobre%20inclusi%C3%B3n%20laboral' aria-hidden='false' data-av_icon='\ue8f3' data-av_iconfont='entypo-fontello' title='' data-avia-related-tooltip='Compartir en Facebook' rel=\"noopener\"><span class='avia_hidden_link_text'>Compartir en Facebook<\/span><\/a><\/li><li class='av-share-link av-social-link-twitter' ><a target=\"_blank\" aria-label=\"Compartir en Twitter\" href='https:\/\/twitter.com\/share?text=En%20Coyhaique%20realizan%20Expo%20Emprendimiento%20%E2%80%9CPatagonia%20en%20Colores%E2%80%9D%20para%20sensibilizar%20sobre%20inclusi%C3%B3n%20laboral&#038;url=https:\/\/radiorevelacionfm.cl\/?p=44189' aria-hidden='false' data-av_icon='\ue8f1' data-av_iconfont='entypo-fontello' title='' data-avia-related-tooltip='Compartir en Twitter' rel=\"noopener\"><span class='avia_hidden_link_text'>Compartir en Twitter<\/span><\/a><\/li><li class='av-share-link av-social-link-whatsapp' ><a target=\"_blank\" aria-label=\"Compartir en Whatsapp\" href='https:\/\/api.whatsapp.com\/send?text=https:\/\/radiorevelacionfm.cl\/?p=44189' aria-hidden='false' data-av_icon='\uf232' data-av_iconfont='entypo-fontello' title='' data-avia-related-tooltip='Compartir en Whatsapp' rel=\"noopener\"><span class='avia_hidden_link_text'>Compartir en Whatsapp<\/span><\/a><\/li><li class='av-share-link av-social-link-linkedin' ><a target=\"_blank\" aria-label=\"Compartir en LinkedIn\" href='https:\/\/linkedin.com\/shareArticle?mini=true&#038;title=En%20Coyhaique%20realizan%20Expo%20Emprendimiento%20%E2%80%9CPatagonia%20en%20Colores%E2%80%9D%20para%20sensibilizar%20sobre%20inclusi%C3%B3n%20laboral&#038;url=https:\/\/radiorevelacionfm.cl\/?p=44189' aria-hidden='false' data-av_icon='\ue8fc' data-av_iconfont='entypo-fontello' title='' data-avia-related-tooltip='Compartir en LinkedIn' rel=\"noopener\"><span class='avia_hidden_link_text'>Compartir en LinkedIn<\/span><\/a><\/li><li class='av-share-link av-social-link-mail' ><a  aria-label=\"Compartir por correo\" href='mailto:?subject=En%20Coyhaique%20realizan%20Expo%20Emprendimiento%20%E2%80%9CPatagonia%20en%20Colores%E2%80%9D%20para%20sensibilizar%20sobre%20inclusi%C3%B3n%20laboral&#038;body=https:\/\/radiorevelacionfm.cl\/?p=44189' aria-hidden='false' data-av_icon='\ue805' data-av_iconfont='entypo-fontello' title='' data-avia-related-tooltip='Compartir por correo'><span class='avia_hidden_link_text'>Compartir por correo<\/span><\/a><\/li><\/ul><\/div><\/div>\n<div  style='height:50px' class='hr hr-invisible   avia-builder-el-8  el_after_av_social_share  el_before_av_comments_list '><span class='hr-inner ' ><span class='hr-inner-style'><\/span><\/span><\/div>\n<div  class='av-buildercomment  av-blog-meta-html-info-disabled av-blog-meta-tag-disabled  '><\/div>\n","protected":false},"excerpt":{"rendered":"","protected":false},"author":1,"featured_media":44190,"comment_status":"open","ping_status":"open","sticky":false,"template":"","format":"standard","meta":{"footnotes":""},"categories":[38],"tags":[],"class_list":["post-44189","post","type-post","status-publish","format-standard","has-post-thumbnail","hentry","category-regional"],"jetpack_featured_media_url":"https:\/\/radiorevelacionfm.cl\/wp-content\/uploads\/2024\/07\/1-75-1_optimized.jpeg","_links":{"self":[{"href":"https:\/\/radiorevelacionfm.cl\/index.php?rest_route=\/wp\/v2\/posts\/44189","targetHints":{"allow":["GET"]}}],"collection":[{"href":"https:\/\/radiorevelacionfm.cl\/index.php?rest_route=\/wp\/v2\/posts"}],"about":[{"href":"https:\/\/radiorevelacionfm.cl\/index.php?rest_route=\/wp\/v2\/types\/post"}],"author":[{"embeddable":true,"href":"https:\/\/radiorevelacionfm.cl\/index.php?rest_route=\/wp\/v2\/users\/1"}],"replies":[{"embeddable":true,"href":"https:\/\/radiorevelacionfm.cl\/index.php?rest_route=%2Fwp%2Fv2%2Fcomments&post=44189"}],"version-history":[{"count":1,"href":"https:\/\/radiorevelacionfm.cl\/index.php?rest_route=\/wp\/v2\/posts\/44189\/revisions"}],"predecessor-version":[{"id":44191,"href":"https:\/\/radiorevelacionfm.cl\/index.php?rest_route=\/wp\/v2\/posts\/44189\/revisions\/44191"}],"wp:featuredmedia":[{"embeddable":true,"href":"https:\/\/radiorevelacionfm.cl\/index.php?rest_route=\/wp\/v2\/media\/44190"}],"wp:attachment":[{"href":"https:\/\/radiorevelacionfm.cl\/index.php?rest_route=%2Fwp%2Fv2%2Fmedia&parent=44189"}],"wp:term":[{"taxonomy":"category","embeddable":true,"href":"https:\/\/radiorevelacionfm.cl\/index.php?rest_route=%2Fwp%2Fv2%2Fcategories&post=44189"},{"taxonomy":"post_tag","embeddable":true,"href":"https:\/\/radiorevelacionfm.cl\/index.php?rest_route=%2Fwp%2Fv2%2Ftags&post=44189"}],"curies":[{"name":"wp","href":"https:\/\/api.w.org\/{rel}","templated":true}]}}