{"id":44186,"date":"2024-07-15T20:19:24","date_gmt":"2024-07-15T23:19:24","guid":{"rendered":"https:\/\/radiorevelacionfm.cl\/?p=44186"},"modified":"2024-07-15T20:19:24","modified_gmt":"2024-07-15T23:19:24","slug":"aumenta-labor-de-la-pdi-en-control-migratorio-y-fiscalizacion-de-extranjeros","status":"publish","type":"post","link":"https:\/\/radiorevelacionfm.cl\/?p=44186","title":{"rendered":"Aumenta labor de la PDI en control migratorio y fiscalizaci\u00f3n de extranjeros"},"content":{"rendered":"<div class=\"flex_column av_one_full  flex_column_div av-zero-column-padding first  avia-builder-el-0  el_before_av_one_full  avia-builder-el-first  \" style='border-radius:0px; '><div  class='avia-image-container  av-styling-    avia-builder-el-1  avia-builder-el-no-sibling  avia-align-center '  itemprop=\"image\" itemscope=\"itemscope\" itemtype=\"https:\/\/schema.org\/ImageObject\"  ><div class='avia-image-container-inner'><div class='avia-image-overlay-wrap'><img decoding=\"async\" class='wp-image-44187 avia-img-lazy-loading-not-44187 avia_image' src=\"https:\/\/radiorevelacionfm.cl\/wp-content\/uploads\/2024\/07\/Fiscalizacion-extranjeros-referencial-1-1.jpg\" alt='' title='Fiscalizaci\u00f3n extranjeros referencial (1) (1)' height=\"600\" width=\"900\"  itemprop=\"thumbnailUrl\" srcset=\"https:\/\/radiorevelacionfm.cl\/wp-content\/uploads\/2024\/07\/Fiscalizacion-extranjeros-referencial-1-1.jpg 900w, https:\/\/radiorevelacionfm.cl\/wp-content\/uploads\/2024\/07\/Fiscalizacion-extranjeros-referencial-1-1-300x200.jpg 300w, https:\/\/radiorevelacionfm.cl\/wp-content\/uploads\/2024\/07\/Fiscalizacion-extranjeros-referencial-1-1-768x512.jpg 768w, https:\/\/radiorevelacionfm.cl\/wp-content\/uploads\/2024\/07\/Fiscalizacion-extranjeros-referencial-1-1-705x470.jpg 705w, https:\/\/radiorevelacionfm.cl\/wp-content\/uploads\/2024\/07\/Fiscalizacion-extranjeros-referencial-1-1-450x300.jpg 450w, https:\/\/radiorevelacionfm.cl\/wp-content\/uploads\/2024\/07\/Fiscalizacion-extranjeros-referencial-1-1-600x400.jpg 600w\" sizes=\"(max-width: 900px) 100vw, 900px\" \/><\/div><\/div><\/div><\/div><div class=\"flex_column av_one_full  flex_column_div av-zero-column-padding first  avia-builder-el-2  el_after_av_one_full  el_before_av_one_full  column-top-margin\" style='border-radius:0px; '><section class=\"av_textblock_section \"  itemscope=\"itemscope\" itemtype=\"https:\/\/schema.org\/BlogPosting\" itemprop=\"blogPost\" ><div class='avia_textblock  '   itemprop=\"text\" ><p style=\"text-align: center;\"><strong><span style=\"font-size: 18pt;\">Aumenta labor de la PDI en control migratorio y fiscalizaci\u00f3n de extranjeros<\/span><\/strong><\/p>\n<div id=\"gtx-trans\" style=\"position: absolute; left: -50px; top: 4.31534px;\">\n<div class=\"gtx-trans-icon\"><\/div>\n<\/div>\n<\/div><\/section><\/div><div class=\"flex_column av_one_full  flex_column_div av-zero-column-padding first  avia-builder-el-4  el_after_av_one_full  el_before_av_hr  column-top-margin\" style='border-radius:0px; '><section class=\"av_textblock_section \"  itemscope=\"itemscope\" itemtype=\"https:\/\/schema.org\/BlogPosting\" itemprop=\"blogPost\" ><div class='avia_textblock  '   itemprop=\"text\" ><p style=\"text-align: justify;\">De acuerdo a la Ley Org\u00e1nica de la Polic\u00eda de Investigaciones de Chile y los ejes centrales trazados por el Plan Estrat\u00e9gico de Desarrollo Policial, la instituci\u00f3n tiene como misi\u00f3n fundamental la investigaci\u00f3n especializada de todos los delitos, especialmente aquellos complejos y relacionados con el crimen organizado. Del mismo modo, la PDI es la encargada de efectuar el control de ingreso y egreso de personas al territorio nacional, fiscalizar la permanencia de extranjeros en el mismo y desarrollar otras funciones que le encomienden las leyes.<\/p>\n<p style=\"text-align: justify;\">En lo que respecta al \u00e1mbito migratorio, durante el \u00faltimo tiempo, la instituci\u00f3n se ha focalizado en abordarlo desde una perspectiva de an\u00e1lisis criminal, siendo de especial relevancia en el combate a la criminalidad organizada transnacional.<\/p>\n<p style=\"text-align: justify;\"><strong>Balance 2023<\/strong><\/p>\n<p style=\"text-align: justify;\">Uno de los puntos donde se centra la labor del \u00e1rea de Migraciones y Polic\u00eda Internacional de la PDI, se relaciona con el control migratorio en los pasos fronterizos, tanto de entrada como de salida del territorio nacional, el que ha tenido un aumento considerable en los \u00faltimos a\u00f1os, superando incluso las cifras pre pandemia.<\/p>\n<p style=\"text-align: justify;\">A nivel regional, en los pasos Coyhaique alto, Huemules y Jeinimeni durante el a\u00f1o 2023 se control\u00f3 un total de 402.882 entrados y salidos, superando en un 135% el total del a\u00f1o 2022.<\/p>\n<p style=\"text-align: justify;\">Ahora bien, en cuanto a las fiscalizaciones de extranjeros materializadas durante el a\u00f1o 2023, el \u00e1rea de Migraciones -compuesta por un departamento en Coyhaique y una secci\u00f3n en Puerto Ays\u00e9n- desarroll\u00f3 un total de 39 fiscalizaciones, controlando a un total de 318 extranjeros.<\/p>\n<p style=\"text-align: justify;\">Adem\u00e1s, durante el a\u00f1o pasado se denunciaron a 346 ciudadanos infractores a la Ley de Migraci\u00f3n y Extranjer\u00eda, como resultado de las fiscalizaciones y las denuncias administrativas en ausencia, aumentando en un 27.6% en comparaci\u00f3n al a\u00f1o 2022. Del mismo modo, se materializaron 3 expulsiones judiciales.<\/p>\n<p style=\"text-align: justify;\"><strong>Balance 2024<\/strong><\/p>\n<p style=\"text-align: justify;\">En lo que va de transcurrido del presente a\u00f1o, la labor del \u00e1rea de Migraciones y Polic\u00eda Internacional ha demostrado continuar en niveles operativos \u00f3ptimos para el desarrollo de sus funciones, contabilizando desde el 01 de enero al 23 de junio de 2024, un total de 196.807 pasajeros entrados y salidos por los tres pasos fronterizos controlados por la PDI.<\/p>\n<p style=\"text-align: justify;\">Asimismo, en cuanto al control de extranjeros en el territorio nacional, a junio del a\u00f1o 2024 se han materializado 15 fiscalizaciones, controlando a 84 personas, de las cuales 73 han sido denunciadas por infringir la Ley de Migraci\u00f3n. Sumado a ello, durante este a\u00f1o se han concretado 6 expulsiones, cinco judiciales y una administrativa.<\/p>\n<p style=\"text-align: justify;\"><strong>Migraci\u00f3n segura y responsable<\/strong><\/p>\n<p style=\"text-align: justify;\">Sobre los resultados del \u00e1rea de Migraciones y Polic\u00eda Internacional de la Regi\u00f3n de Ays\u00e9n, el subprefecto Ren\u00e9 Retamal Quintanilla, jefe del Departamento de Migraciones y Polic\u00eda Internacional Coyhaique, se\u00f1al\u00f3 que \u201cestos se deben exclusivamente al levantamiento de informaci\u00f3n que realiza el Departamento de Migraciones y su posterior entrega como insumo a la Oficina de An\u00e1lisis Criminal que posee la regi\u00f3n, informaci\u00f3n que es procesada y analizada, identificando puntos de inter\u00e9s que ayudan a realizar una fiscalizaci\u00f3n m\u00e1s focalizada y eficiente en la detecci\u00f3n de extranjeros irregulares\u201d.<\/p>\n<p style=\"text-align: justify;\">Finalmente, el subprefecto Retamal enfatiz\u00f3 en la importancia de mantener un proceso migratorio controlado, ordenado y seguro para la poblaci\u00f3n migrante y para la sociedad en general, indicando que \u201cesta Polic\u00eda de Investigaciones est\u00e1 comprometida con la sociedad y los migrantes y extranjeros, desplegando nuestro personal en las tres fronteras que posee esta regi\u00f3n, R\u00edo Jeinimeni, Huemules y Coyhaique Alto, los 365 d\u00edas del a\u00f1o, siendo uno de los primeros puntos de control que mantiene la Regi\u00f3n de Ays\u00e9n\u201d.<\/p>\n<\/div><\/section><\/div><div  style='height:50px' class='hr hr-invisible   avia-builder-el-6  el_after_av_one_full  el_before_av_social_share '><span class='hr-inner ' ><span class='hr-inner-style'><\/span><\/span><\/div><\/p>\n<div  class='av-social-sharing-box  avia-builder-el-7  el_after_av_hr  el_before_av_hr  '><div class='av-share-box'><h5 class='av-share-link-description av-no-toc '>Compartir esta noticia<\/h5><ul class='av-share-box-list noLightbox'><li class='av-share-link av-social-link-facebook' ><a target=\"_blank\" aria-label=\"Compartir en Facebook\" href='https:\/\/www.facebook.com\/sharer.php?u=https:\/\/radiorevelacionfm.cl\/?p=44186&#038;t=Aumenta%20labor%20de%20la%20PDI%20en%20control%20migratorio%20y%20fiscalizaci%C3%B3n%20de%20extranjeros' aria-hidden='false' data-av_icon='\ue8f3' data-av_iconfont='entypo-fontello' title='' data-avia-related-tooltip='Compartir en Facebook' rel=\"noopener\"><span class='avia_hidden_link_text'>Compartir en Facebook<\/span><\/a><\/li><li class='av-share-link av-social-link-twitter' ><a target=\"_blank\" aria-label=\"Compartir en Twitter\" href='https:\/\/twitter.com\/share?text=Aumenta%20labor%20de%20la%20PDI%20en%20control%20migratorio%20y%20fiscalizaci%C3%B3n%20de%20extranjeros&#038;url=https:\/\/radiorevelacionfm.cl\/?p=44186' aria-hidden='false' data-av_icon='\ue8f1' data-av_iconfont='entypo-fontello' title='' data-avia-related-tooltip='Compartir en Twitter' rel=\"noopener\"><span class='avia_hidden_link_text'>Compartir en Twitter<\/span><\/a><\/li><li class='av-share-link av-social-link-whatsapp' ><a target=\"_blank\" aria-label=\"Compartir en Whatsapp\" href='https:\/\/api.whatsapp.com\/send?text=https:\/\/radiorevelacionfm.cl\/?p=44186' aria-hidden='false' data-av_icon='\uf232' data-av_iconfont='entypo-fontello' title='' data-avia-related-tooltip='Compartir en Whatsapp' rel=\"noopener\"><span class='avia_hidden_link_text'>Compartir en Whatsapp<\/span><\/a><\/li><li class='av-share-link av-social-link-linkedin' ><a target=\"_blank\" aria-label=\"Compartir en LinkedIn\" href='https:\/\/linkedin.com\/shareArticle?mini=true&#038;title=Aumenta%20labor%20de%20la%20PDI%20en%20control%20migratorio%20y%20fiscalizaci%C3%B3n%20de%20extranjeros&#038;url=https:\/\/radiorevelacionfm.cl\/?p=44186' aria-hidden='false' data-av_icon='\ue8fc' data-av_iconfont='entypo-fontello' title='' data-avia-related-tooltip='Compartir en LinkedIn' rel=\"noopener\"><span class='avia_hidden_link_text'>Compartir en LinkedIn<\/span><\/a><\/li><li class='av-share-link av-social-link-mail' ><a  aria-label=\"Compartir por correo\" href='mailto:?subject=Aumenta%20labor%20de%20la%20PDI%20en%20control%20migratorio%20y%20fiscalizaci%C3%B3n%20de%20extranjeros&#038;body=https:\/\/radiorevelacionfm.cl\/?p=44186' aria-hidden='false' data-av_icon='\ue805' data-av_iconfont='entypo-fontello' title='' data-avia-related-tooltip='Compartir por correo'><span class='avia_hidden_link_text'>Compartir por correo<\/span><\/a><\/li><\/ul><\/div><\/div>\n<div  style='height:50px' class='hr hr-invisible   avia-builder-el-8  el_after_av_social_share  el_before_av_comments_list '><span class='hr-inner ' ><span class='hr-inner-style'><\/span><\/span><\/div>\n<div  class='av-buildercomment  av-blog-meta-html-info-disabled av-blog-meta-tag-disabled  '><\/div>\n","protected":false},"excerpt":{"rendered":"","protected":false},"author":1,"featured_media":44187,"comment_status":"open","ping_status":"open","sticky":false,"template":"","format":"standard","meta":{"footnotes":""},"categories":[36],"tags":[],"class_list":["post-44186","post","type-post","status-publish","format-standard","has-post-thumbnail","hentry","category-policial"],"jetpack_featured_media_url":"https:\/\/radiorevelacionfm.cl\/wp-content\/uploads\/2024\/07\/Fiscalizacion-extranjeros-referencial-1-1.jpg","_links":{"self":[{"href":"https:\/\/radiorevelacionfm.cl\/index.php?rest_route=\/wp\/v2\/posts\/44186","targetHints":{"allow":["GET"]}}],"collection":[{"href":"https:\/\/radiorevelacionfm.cl\/index.php?rest_route=\/wp\/v2\/posts"}],"about":[{"href":"https:\/\/radiorevelacionfm.cl\/index.php?rest_route=\/wp\/v2\/types\/post"}],"author":[{"embeddable":true,"href":"https:\/\/radiorevelacionfm.cl\/index.php?rest_route=\/wp\/v2\/users\/1"}],"replies":[{"embeddable":true,"href":"https:\/\/radiorevelacionfm.cl\/index.php?rest_route=%2Fwp%2Fv2%2Fcomments&post=44186"}],"version-history":[{"count":1,"href":"https:\/\/radiorevelacionfm.cl\/index.php?rest_route=\/wp\/v2\/posts\/44186\/revisions"}],"predecessor-version":[{"id":44188,"href":"https:\/\/radiorevelacionfm.cl\/index.php?rest_route=\/wp\/v2\/posts\/44186\/revisions\/44188"}],"wp:featuredmedia":[{"embeddable":true,"href":"https:\/\/radiorevelacionfm.cl\/index.php?rest_route=\/wp\/v2\/media\/44187"}],"wp:attachment":[{"href":"https:\/\/radiorevelacionfm.cl\/index.php?rest_route=%2Fwp%2Fv2%2Fmedia&parent=44186"}],"wp:term":[{"taxonomy":"category","embeddable":true,"href":"https:\/\/radiorevelacionfm.cl\/index.php?rest_route=%2Fwp%2Fv2%2Fcategories&post=44186"},{"taxonomy":"post_tag","embeddable":true,"href":"https:\/\/radiorevelacionfm.cl\/index.php?rest_route=%2Fwp%2Fv2%2Ftags&post=44186"}],"curies":[{"name":"wp","href":"https:\/\/api.w.org\/{rel}","templated":true}]}}