{"id":44183,"date":"2024-07-15T16:56:05","date_gmt":"2024-07-15T19:56:05","guid":{"rendered":"https:\/\/radiorevelacionfm.cl\/?p=44183"},"modified":"2024-07-15T16:56:05","modified_gmt":"2024-07-15T19:56:05","slug":"prodemu-capacita-a-mujeres-de-chile-chico-con-taller-denominado-juntas-crecemos","status":"publish","type":"post","link":"https:\/\/radiorevelacionfm.cl\/?p=44183","title":{"rendered":"Prodemu capacita a mujeres de Chile Chico con taller denominado \u00abJuntas Crecemos\u00bb"},"content":{"rendered":"<div class=\"flex_column av_one_full  flex_column_div av-zero-column-padding first  avia-builder-el-0  el_before_av_one_full  avia-builder-el-first  \" style='border-radius:0px; '><div  class='avia-image-container  av-styling-    avia-builder-el-1  avia-builder-el-no-sibling  avia-align-center '  itemprop=\"image\" itemscope=\"itemscope\" itemtype=\"https:\/\/schema.org\/ImageObject\"  ><div class='avia-image-container-inner'><div class='avia-image-overlay-wrap'><img decoding=\"async\" class='wp-image-44184 avia-img-lazy-loading-not-44184 avia_image' src=\"https:\/\/radiorevelacionfm.cl\/wp-content\/uploads\/2024\/07\/whatsapp-image-2024-07-12-at-11_optimized.20.42-1-1.jpeg\" alt='' title='whatsapp-image-2024-07-12-at-11_optimized.20.42-(1)-(1)' height=\"600\" width=\"1112\"  itemprop=\"thumbnailUrl\" srcset=\"https:\/\/radiorevelacionfm.cl\/wp-content\/uploads\/2024\/07\/whatsapp-image-2024-07-12-at-11_optimized.20.42-1-1.jpeg 1112w, https:\/\/radiorevelacionfm.cl\/wp-content\/uploads\/2024\/07\/whatsapp-image-2024-07-12-at-11_optimized.20.42-1-1-300x162.jpeg 300w, https:\/\/radiorevelacionfm.cl\/wp-content\/uploads\/2024\/07\/whatsapp-image-2024-07-12-at-11_optimized.20.42-1-1-1030x556.jpeg 1030w, https:\/\/radiorevelacionfm.cl\/wp-content\/uploads\/2024\/07\/whatsapp-image-2024-07-12-at-11_optimized.20.42-1-1-768x414.jpeg 768w, https:\/\/radiorevelacionfm.cl\/wp-content\/uploads\/2024\/07\/whatsapp-image-2024-07-12-at-11_optimized.20.42-1-1-705x380.jpeg 705w, https:\/\/radiorevelacionfm.cl\/wp-content\/uploads\/2024\/07\/whatsapp-image-2024-07-12-at-11_optimized.20.42-1-1-450x243.jpeg 450w, https:\/\/radiorevelacionfm.cl\/wp-content\/uploads\/2024\/07\/whatsapp-image-2024-07-12-at-11_optimized.20.42-1-1-600x324.jpeg 600w\" sizes=\"(max-width: 1112px) 100vw, 1112px\" \/><\/div><\/div><\/div><\/div><div class=\"flex_column av_one_full  flex_column_div av-zero-column-padding first  avia-builder-el-2  el_after_av_one_full  el_before_av_one_full  column-top-margin\" style='border-radius:0px; '><section class=\"av_textblock_section \"  itemscope=\"itemscope\" itemtype=\"https:\/\/schema.org\/BlogPosting\" itemprop=\"blogPost\" ><div class='avia_textblock  '   itemprop=\"text\" ><p style=\"text-align: center;\"><strong><span style=\"font-size: 18pt;\">Prodemu capacita a mujeres de Chile Chico con taller denominado \u00abJuntas Crecemos\u00bb<\/span><\/strong><\/p>\n<div id=\"gtx-trans\" style=\"position: absolute; left: -50px; top: 4.31534px;\">\n<div class=\"gtx-trans-icon\"><\/div>\n<\/div>\n<\/div><\/section><\/div><div class=\"flex_column av_one_full  flex_column_div av-zero-column-padding first  avia-builder-el-4  el_after_av_one_full  el_before_av_hr  column-top-margin\" style='border-radius:0px; '><section class=\"av_textblock_section \"  itemscope=\"itemscope\" itemtype=\"https:\/\/schema.org\/BlogPosting\" itemprop=\"blogPost\" ><div class='avia_textblock  '   itemprop=\"text\" ><p style=\"font-weight: 400; text-align: justify;\">Ingrid Beltrand Fa\u00fandez, lleg\u00f3 hace pocos meses a vivir a la ciudad de Chile Chico. Oriunda de Santiago y en busca de nuevas oportunidades, decidi\u00f3 acercarse a Fundaci\u00f3n Prodemu, que la acoge y la invita a participar en el taller <strong><em>\u201cJuntas Crecemos\u201d;\u00a0<\/em><\/strong>programa formativo enfocado a emprendedoras con o sin idea de negocio, cuyo objetivo es fortalecer la autonom\u00eda econ\u00f3mica y el desarrollo personal, \u00a0a trav\u00e9s de diversas herramientas.<\/p>\n<p style=\"font-weight: 400; text-align: justify;\">Desde ese entonces y habiendo incorporado nuevos conocimientos, Ingrid, ha logrado dar un impulso a su emprendimiento, el \u00a0cual consiste en la venta de art\u00edculos del hogar a\u00a0 habitantes de la comuna, llegando incluso a establecerse en un Minimarket, experiencia que sumada a los nuevos conocimientos de este taller, le han permitido vislumbrar nuevos horizontes y desaf\u00edos para su emprendimiento.<\/p>\n<p style=\"font-weight: 400; text-align: justify;\">Al igual que Ingrid, otras 20 mujeres emprendedoras participantes de este taller realizado en la comuna de Chile Chico, han logrado mediante este curso impulsado por Fundaci\u00f3n Prodemu, adquirir y desarrollar habilidades personales y colectivas, en el \u00e1rea del emprendimiento, la comercializaci\u00f3n y el desarrollo personal.<\/p>\n<p style=\"font-weight: 400; text-align: justify;\">\u201cMe he sentido muy bien en todo este proceso, no solo yo, sino todas las mujeres \u00a0que hemos participado. Se hizo un grupo muy hermoso, aprendimos todas juntas y me alegra que se haya dado una experiencia tan potente. Personalmente, para mi Prodemu ha sido muy importante, es una entidad fant\u00e1stica porque ayuda a las mujeres a salir de la pobreza, adem\u00e1s nos han ayudado con nuestras ideas de negocio, lo que nos permite seguir y pensar en el futuro\u201d, indic\u00f3 Ingrid Beltrand.<\/p>\n<p style=\"font-weight: 400; text-align: justify;\">Una instancia formativa que contempl\u00f3 10 sesiones presenciales durante el mes de mayo y \u00a0otras impartidas mediante el formato virtual durante los meses de junio y julio, proceso que tambi\u00e9n incorpor\u00f3 la entrega de materiales e inversiones, \u00a0y\u00a0 la respectiva certificaci\u00f3n.<\/p>\n<p style=\"font-weight: 400; text-align: justify;\">Ingrid Santana Osorio, directora regional de Prodemu, sostuvo: \u201cComo equipo Prodemu Provincia General Carrera, en este caso espec\u00edficamente en Chile-Chico, cada a\u00f1o buscamos instalar oferta institucional de inter\u00e9s para las mujeres que habitan los diversos territorios de la regi\u00f3n de Ays\u00e9n. En esta ocasi\u00f3n, la certificaci\u00f3n del Taller\u00a0<strong><em>\u201cJuntas Crecemos\u201d<\/em><\/strong>\u00a0busca apoyar a las mujeres emprendedoras. De esta manera, agradecemos \u00a0la convocatoria y la asistencia por parte de las mujeres que se inscribieron, esperando que esta instancia sirva para desarrollar cada una de sus iniciativas\u201d, enfatiz\u00f3.<\/p>\n<p style=\"font-weight: 400; text-align: justify;\">As\u00ed tambi\u00e9n, la Seremi de la Mujer y la Equidad de G\u00e9nero (S) Lenka Gatica Sandoval, se\u00f1al\u00f3:<\/p>\n<p style=\"font-weight: 400; text-align: justify;\">\u201cUno de los objetivos estrat\u00e9gicos de nuestro Ministerio es promover la igualdad,\u00a0 en este contexto uno de los principales desaf\u00edos del gobierno de nuestro presidente Gabriel Boric Font, ha sido incentivar la autonom\u00eda econ\u00f3mica de las mujeres, por lo que esta iniciativa que emana del trabajo intersectorial que desarrollamos\u00a0 como Ministerio junto a Prodemu, se erige como una acci\u00f3n concreta y real que permite aportar en la disminuci\u00f3n de las brechas econ\u00f3micas de las diversas mujeres que habitan nuestro territorio, generar nuevas oportunidades laborales, lo que incide directamente en sus ingresos\u201d, sostuvo.<\/p>\n<p style=\"font-weight: 400; text-align: justify;\">Finalmente, cabe destacar que el taller\u00a0<strong><em>\u201cJuntas Crecemos\u201d,<\/em><\/strong>\u00a0busca ser un impulso para mujeres mayores de 18 a\u00f1os, con o sin idea de negocio, interesadas en desarrollarse personal, familiar y socialmente, apropiando contenidos, a trav\u00e9s de metodolog\u00edas que permitieron fortalecer sus \u00a0habilidades socio laborales, el \u00a0autoconocimiento y, desde la perspectiva de g\u00e9nero, empoderar sus conocimientos y experiencias.<\/p>\n<\/div><\/section><\/div><div  style='height:50px' class='hr hr-invisible   avia-builder-el-6  el_after_av_one_full  el_before_av_social_share '><span class='hr-inner ' ><span class='hr-inner-style'><\/span><\/span><\/div><\/p>\n<div  class='av-social-sharing-box  avia-builder-el-7  el_after_av_hr  el_before_av_hr  '><div class='av-share-box'><h5 class='av-share-link-description av-no-toc '>Compartir esta noticia<\/h5><ul class='av-share-box-list noLightbox'><li class='av-share-link av-social-link-facebook' ><a target=\"_blank\" aria-label=\"Compartir en Facebook\" href='https:\/\/www.facebook.com\/sharer.php?u=https:\/\/radiorevelacionfm.cl\/?p=44183&#038;t=Prodemu%20capacita%20a%20mujeres%20de%20Chile%20Chico%20con%20taller%20denominado%20%C2%ABJuntas%20Crecemos%C2%BB' aria-hidden='false' data-av_icon='\ue8f3' data-av_iconfont='entypo-fontello' title='' data-avia-related-tooltip='Compartir en Facebook' rel=\"noopener\"><span class='avia_hidden_link_text'>Compartir en Facebook<\/span><\/a><\/li><li class='av-share-link av-social-link-twitter' ><a target=\"_blank\" aria-label=\"Compartir en Twitter\" href='https:\/\/twitter.com\/share?text=Prodemu%20capacita%20a%20mujeres%20de%20Chile%20Chico%20con%20taller%20denominado%20%C2%ABJuntas%20Crecemos%C2%BB&#038;url=https:\/\/radiorevelacionfm.cl\/?p=44183' aria-hidden='false' data-av_icon='\ue8f1' data-av_iconfont='entypo-fontello' title='' data-avia-related-tooltip='Compartir en Twitter' rel=\"noopener\"><span class='avia_hidden_link_text'>Compartir en Twitter<\/span><\/a><\/li><li class='av-share-link av-social-link-whatsapp' ><a target=\"_blank\" aria-label=\"Compartir en Whatsapp\" href='https:\/\/api.whatsapp.com\/send?text=https:\/\/radiorevelacionfm.cl\/?p=44183' aria-hidden='false' data-av_icon='\uf232' data-av_iconfont='entypo-fontello' title='' data-avia-related-tooltip='Compartir en Whatsapp' rel=\"noopener\"><span class='avia_hidden_link_text'>Compartir en Whatsapp<\/span><\/a><\/li><li class='av-share-link av-social-link-linkedin' ><a target=\"_blank\" aria-label=\"Compartir en LinkedIn\" href='https:\/\/linkedin.com\/shareArticle?mini=true&#038;title=Prodemu%20capacita%20a%20mujeres%20de%20Chile%20Chico%20con%20taller%20denominado%20%C2%ABJuntas%20Crecemos%C2%BB&#038;url=https:\/\/radiorevelacionfm.cl\/?p=44183' aria-hidden='false' data-av_icon='\ue8fc' data-av_iconfont='entypo-fontello' title='' data-avia-related-tooltip='Compartir en LinkedIn' rel=\"noopener\"><span class='avia_hidden_link_text'>Compartir en LinkedIn<\/span><\/a><\/li><li class='av-share-link av-social-link-mail' ><a  aria-label=\"Compartir por correo\" href='mailto:?subject=Prodemu%20capacita%20a%20mujeres%20de%20Chile%20Chico%20con%20taller%20denominado%20%C2%ABJuntas%20Crecemos%C2%BB&#038;body=https:\/\/radiorevelacionfm.cl\/?p=44183' aria-hidden='false' data-av_icon='\ue805' data-av_iconfont='entypo-fontello' title='' data-avia-related-tooltip='Compartir por correo'><span class='avia_hidden_link_text'>Compartir por correo<\/span><\/a><\/li><\/ul><\/div><\/div>\n<div  style='height:50px' class='hr hr-invisible   avia-builder-el-8  el_after_av_social_share  el_before_av_comments_list '><span class='hr-inner ' ><span class='hr-inner-style'><\/span><\/span><\/div>\n<div  class='av-buildercomment  av-blog-meta-html-info-disabled av-blog-meta-tag-disabled  '><\/div>\n","protected":false},"excerpt":{"rendered":"","protected":false},"author":1,"featured_media":44184,"comment_status":"open","ping_status":"open","sticky":false,"template":"","format":"standard","meta":{"footnotes":""},"categories":[38],"tags":[],"class_list":["post-44183","post","type-post","status-publish","format-standard","has-post-thumbnail","hentry","category-regional"],"jetpack_featured_media_url":"https:\/\/radiorevelacionfm.cl\/wp-content\/uploads\/2024\/07\/whatsapp-image-2024-07-12-at-11_optimized.20.42-1-1.jpeg","_links":{"self":[{"href":"https:\/\/radiorevelacionfm.cl\/index.php?rest_route=\/wp\/v2\/posts\/44183","targetHints":{"allow":["GET"]}}],"collection":[{"href":"https:\/\/radiorevelacionfm.cl\/index.php?rest_route=\/wp\/v2\/posts"}],"about":[{"href":"https:\/\/radiorevelacionfm.cl\/index.php?rest_route=\/wp\/v2\/types\/post"}],"author":[{"embeddable":true,"href":"https:\/\/radiorevelacionfm.cl\/index.php?rest_route=\/wp\/v2\/users\/1"}],"replies":[{"embeddable":true,"href":"https:\/\/radiorevelacionfm.cl\/index.php?rest_route=%2Fwp%2Fv2%2Fcomments&post=44183"}],"version-history":[{"count":1,"href":"https:\/\/radiorevelacionfm.cl\/index.php?rest_route=\/wp\/v2\/posts\/44183\/revisions"}],"predecessor-version":[{"id":44185,"href":"https:\/\/radiorevelacionfm.cl\/index.php?rest_route=\/wp\/v2\/posts\/44183\/revisions\/44185"}],"wp:featuredmedia":[{"embeddable":true,"href":"https:\/\/radiorevelacionfm.cl\/index.php?rest_route=\/wp\/v2\/media\/44184"}],"wp:attachment":[{"href":"https:\/\/radiorevelacionfm.cl\/index.php?rest_route=%2Fwp%2Fv2%2Fmedia&parent=44183"}],"wp:term":[{"taxonomy":"category","embeddable":true,"href":"https:\/\/radiorevelacionfm.cl\/index.php?rest_route=%2Fwp%2Fv2%2Fcategories&post=44183"},{"taxonomy":"post_tag","embeddable":true,"href":"https:\/\/radiorevelacionfm.cl\/index.php?rest_route=%2Fwp%2Fv2%2Ftags&post=44183"}],"curies":[{"name":"wp","href":"https:\/\/api.w.org\/{rel}","templated":true}]}}