{"id":44180,"date":"2024-07-15T13:51:55","date_gmt":"2024-07-15T16:51:55","guid":{"rendered":"https:\/\/radiorevelacionfm.cl\/?p=44180"},"modified":"2024-07-15T13:51:55","modified_gmt":"2024-07-15T16:51:55","slug":"ips-desarrolla-exitosas-jornadas-de-apoyo-a-postulacion-del-subsidio-electrico","status":"publish","type":"post","link":"https:\/\/radiorevelacionfm.cl\/?p=44180","title":{"rendered":"IPS desarrolla exitosas jornadas de apoyo a postulaci\u00f3n del Subsidio El\u00e9ctrico"},"content":{"rendered":"<div class=\"flex_column av_one_full  flex_column_div av-zero-column-padding first  avia-builder-el-0  el_before_av_one_full  avia-builder-el-first  \" style='border-radius:0px; '><div  class='avia-image-container  av-styling-    avia-builder-el-1  avia-builder-el-no-sibling  avia-align-center '  itemprop=\"image\" itemscope=\"itemscope\" itemtype=\"https:\/\/schema.org\/ImageObject\"  ><div class='avia-image-container-inner'><div class='avia-image-overlay-wrap'><img decoding=\"async\" class='wp-image-44181 avia-img-lazy-loading-not-44181 avia_image' src=\"https:\/\/radiorevelacionfm.cl\/wp-content\/uploads\/2024\/07\/atencion_vero_gall_13_optimized.07.24-1.jpg\" alt='' title='atenci\u00f3n_vero_gall_13_optimized.07.24-(1)' height=\"600\" width=\"800\"  itemprop=\"thumbnailUrl\" srcset=\"https:\/\/radiorevelacionfm.cl\/wp-content\/uploads\/2024\/07\/atencion_vero_gall_13_optimized.07.24-1.jpg 800w, https:\/\/radiorevelacionfm.cl\/wp-content\/uploads\/2024\/07\/atencion_vero_gall_13_optimized.07.24-1-300x225.jpg 300w, https:\/\/radiorevelacionfm.cl\/wp-content\/uploads\/2024\/07\/atencion_vero_gall_13_optimized.07.24-1-768x576.jpg 768w, https:\/\/radiorevelacionfm.cl\/wp-content\/uploads\/2024\/07\/atencion_vero_gall_13_optimized.07.24-1-705x529.jpg 705w, https:\/\/radiorevelacionfm.cl\/wp-content\/uploads\/2024\/07\/atencion_vero_gall_13_optimized.07.24-1-450x338.jpg 450w, https:\/\/radiorevelacionfm.cl\/wp-content\/uploads\/2024\/07\/atencion_vero_gall_13_optimized.07.24-1-600x450.jpg 600w\" sizes=\"(max-width: 800px) 100vw, 800px\" \/><\/div><\/div><\/div><\/div><div class=\"flex_column av_one_full  flex_column_div av-zero-column-padding first  avia-builder-el-2  el_after_av_one_full  el_before_av_one_full  column-top-margin\" style='border-radius:0px; '><section class=\"av_textblock_section \"  itemscope=\"itemscope\" itemtype=\"https:\/\/schema.org\/BlogPosting\" itemprop=\"blogPost\" ><div class='avia_textblock  '   itemprop=\"text\" ><p style=\"text-align: center;\"><strong><span style=\"font-size: 18pt;\">IPS desarrolla exitosas jornadas de apoyo a postulaci\u00f3n del Subsidio El\u00e9ctrico <\/span><\/strong><\/p>\n<div id=\"gtx-trans\" style=\"position: absolute; left: -50px; top: 4.31534px;\">\n<div class=\"gtx-trans-icon\"><\/div>\n<\/div>\n<\/div><\/section><\/div><div class=\"flex_column av_one_full  flex_column_div av-zero-column-padding first  avia-builder-el-4  el_after_av_one_full  el_before_av_hr  column-top-margin\" style='border-radius:0px; '><section class=\"av_textblock_section \"  itemscope=\"itemscope\" itemtype=\"https:\/\/schema.org\/BlogPosting\" itemprop=\"blogPost\" ><div class='avia_textblock  '   itemprop=\"text\" ><p style=\"text-align: justify;\"><em>En la regi\u00f3n de Ays\u00e9n, IPS estuvo presente en apoyando tanto en sus sucursales como en operativos en Chile Chico, Ib\u00e1\u00f1ez, Coyhaique y Puerto Ays\u00e9n.<\/em><\/p>\n<p style=\"text-align: justify;\">Una excelente recepci\u00f3n tuvo en la comunidad la participaci\u00f3n del Instituto de Previsi\u00f3n Social en las diversas acciones llevadas a cabo por las entidades p\u00fablicas con el fin de apoyar la postulaci\u00f3n al Subsidio El\u00e9ctrico.<\/p>\n<p style=\"text-align: justify;\">La atenci\u00f3n directa en las oficinas y la activa participaci\u00f3n en los operativos organizados en la regi\u00f3n, hicieron del IPS uno de los rostros m\u00e1s reconocidos en los distintos puntos en los que se convoc\u00f3 a la comunidad para apoyarles en el marco de la postulaci\u00f3n al esperado beneficio, ya fuera a trav\u00e9s de orientaci\u00f3n, entrega de Clave \u00danica o directamente en la solicitud de \u00e9ste.<\/p>\n<p style=\"text-align: justify;\">Una de las acciones con mayor acogida fue la apertura de la oficina del Instituto de Previsi\u00f3n Social Coyhaique, el pasado s\u00e1bado 13. As\u00ed lo manifestaron los concurrentes, quienes destacaron y agradecieron la iniciativa. \u201cMe parece muy bien, muy inteligente de parte de ustedes, porque hay mucha gente que trabaja durante toda la semana y que no sabemos usar las redes <em>sociales<\/em>\u2026 Entonces ustedes hicieron muy bien en abrir, para que podamos nosotros, los m\u00e1s ignorantes en las Redes, venir y hacer nuestro tr\u00e1mite\u201d, se\u00f1al\u00f3 Isolda Moldenhauer.<\/p>\n<p style=\"text-align: justify;\">Por su parte, el seremi del Trabajo y Previsi\u00f3n Social, Rodrigo D\u00edaz Cordaro, resalt\u00f3 la labor del IPS y la calidad y calidez de la atenci\u00f3n. \u201cQuiero destacar el compromiso del IPS y su red ChileAtiende para atender a la gente que est\u00e1 postulando al Subsidio El\u00e9ctrico. Es una gran iniciativa, en concordancia con el Ministerio de Energ\u00eda (\u2026) <em>Vino<\/em> mucho adulto mayor y la verdad es que yo los he visto que se van muy contentos, porque la atenci\u00f3n ha sido muy expedita, muy r\u00e1pida y muy amigable; as\u00ed es que tambi\u00e9n destacar eso. Y que, finalmente, cuando, como Estado, nos organizamos, pasan estas cosas virtuosas\u201d, expres\u00f3.<\/p>\n<p style=\"text-align: justify;\">Palabras similares tuvo tambi\u00e9n la jefa de la sucursal IPS Coyhaique, Daniela Catal\u00e1n Celis, quien relev\u00f3, sobre todo, el compromiso del equipo, haciendo hincapi\u00e9 en la disposici\u00f3n a apoyar a la comunidad no s\u00f3lo el pasado s\u00e1bado, sino durante estas dos semanas, en los diversos operativos en los que participaron conjuntamente con otros servicios como Registro Civil y el municipio.<\/p>\n<p style=\"text-align: justify;\">\u201cEsta fue una determinaci\u00f3n que se tom\u00f3 en conjunto con el Ministerio de Energ\u00eda, para tomar el Subsidio El\u00e9ctrico a la comunidad, ya que muchas personas, por su horario laboral, no hab\u00edan podido venir a realizar la postulaci\u00f3n. Esto tuvo una muy buena recepci\u00f3n en nuestra comunidad, tanto as\u00ed que, durante la ma\u00f1ana, al comienzo de la jornada, ya hab\u00eda gente esperando. As\u00ed es que nosotros estamos muy contentos de haber podido aportar a nuestra comunidad, ayudando a los usuarios a postular a este beneficio, que es tan importante\u201d, concluy\u00f3 la representante del IPS.<\/p>\n<p style=\"text-align: justify;\">Durante el per\u00edodo de postulaci\u00f3n al Subsidio El\u00e9ctrico, el Instituto de Previsi\u00f3n Social particip\u00f3 primero orientado y generando c\u00f3digos de activaci\u00f3n de la Clave \u00danica, para luego, a partir de la segunda semana, involucrarse directamente en la postulaci\u00f3n. Fue as\u00ed que estuvo presente en operativos en las localidades de Villa Cerro Castillo y Fachinal, as\u00ed como en las poblaciones Gabriela Mistral, Clotario Blest, villas Patagonia y Divisadero, en la Jornada de Abastecimiento de la Cooperativa de Unidad Social, y en la Feria Libre Rivera Sur.<\/p>\n<\/div><\/section><\/div><div  style='height:50px' class='hr hr-invisible   avia-builder-el-6  el_after_av_one_full  el_before_av_social_share '><span class='hr-inner ' ><span class='hr-inner-style'><\/span><\/span><\/div><\/p>\n<div  class='av-social-sharing-box  avia-builder-el-7  el_after_av_hr  el_before_av_hr  '><div class='av-share-box'><h5 class='av-share-link-description av-no-toc '>Compartir esta noticia<\/h5><ul class='av-share-box-list noLightbox'><li class='av-share-link av-social-link-facebook' ><a target=\"_blank\" aria-label=\"Compartir en Facebook\" href='https:\/\/www.facebook.com\/sharer.php?u=https:\/\/radiorevelacionfm.cl\/?p=44180&#038;t=IPS%20desarrolla%20exitosas%20jornadas%20de%20apoyo%20a%20postulaci%C3%B3n%20del%20Subsidio%20El%C3%A9ctrico' aria-hidden='false' data-av_icon='\ue8f3' data-av_iconfont='entypo-fontello' title='' data-avia-related-tooltip='Compartir en Facebook' rel=\"noopener\"><span class='avia_hidden_link_text'>Compartir en Facebook<\/span><\/a><\/li><li class='av-share-link av-social-link-twitter' ><a target=\"_blank\" aria-label=\"Compartir en Twitter\" href='https:\/\/twitter.com\/share?text=IPS%20desarrolla%20exitosas%20jornadas%20de%20apoyo%20a%20postulaci%C3%B3n%20del%20Subsidio%20El%C3%A9ctrico&#038;url=https:\/\/radiorevelacionfm.cl\/?p=44180' aria-hidden='false' data-av_icon='\ue8f1' data-av_iconfont='entypo-fontello' title='' data-avia-related-tooltip='Compartir en Twitter' rel=\"noopener\"><span class='avia_hidden_link_text'>Compartir en Twitter<\/span><\/a><\/li><li class='av-share-link av-social-link-whatsapp' ><a target=\"_blank\" aria-label=\"Compartir en Whatsapp\" href='https:\/\/api.whatsapp.com\/send?text=https:\/\/radiorevelacionfm.cl\/?p=44180' aria-hidden='false' data-av_icon='\uf232' data-av_iconfont='entypo-fontello' title='' data-avia-related-tooltip='Compartir en Whatsapp' rel=\"noopener\"><span class='avia_hidden_link_text'>Compartir en Whatsapp<\/span><\/a><\/li><li class='av-share-link av-social-link-linkedin' ><a target=\"_blank\" aria-label=\"Compartir en LinkedIn\" href='https:\/\/linkedin.com\/shareArticle?mini=true&#038;title=IPS%20desarrolla%20exitosas%20jornadas%20de%20apoyo%20a%20postulaci%C3%B3n%20del%20Subsidio%20El%C3%A9ctrico&#038;url=https:\/\/radiorevelacionfm.cl\/?p=44180' aria-hidden='false' data-av_icon='\ue8fc' data-av_iconfont='entypo-fontello' title='' data-avia-related-tooltip='Compartir en LinkedIn' rel=\"noopener\"><span class='avia_hidden_link_text'>Compartir en LinkedIn<\/span><\/a><\/li><li class='av-share-link av-social-link-mail' ><a  aria-label=\"Compartir por correo\" href='mailto:?subject=IPS%20desarrolla%20exitosas%20jornadas%20de%20apoyo%20a%20postulaci%C3%B3n%20del%20Subsidio%20El%C3%A9ctrico&#038;body=https:\/\/radiorevelacionfm.cl\/?p=44180' aria-hidden='false' data-av_icon='\ue805' data-av_iconfont='entypo-fontello' title='' data-avia-related-tooltip='Compartir por correo'><span class='avia_hidden_link_text'>Compartir por correo<\/span><\/a><\/li><\/ul><\/div><\/div>\n<div  style='height:50px' class='hr hr-invisible   avia-builder-el-8  el_after_av_social_share  el_before_av_comments_list '><span class='hr-inner ' ><span class='hr-inner-style'><\/span><\/span><\/div>\n<div  class='av-buildercomment  av-blog-meta-html-info-disabled av-blog-meta-tag-disabled  '><\/div>\n","protected":false},"excerpt":{"rendered":"","protected":false},"author":1,"featured_media":44181,"comment_status":"open","ping_status":"open","sticky":false,"template":"","format":"standard","meta":{"footnotes":""},"categories":[38],"tags":[],"class_list":["post-44180","post","type-post","status-publish","format-standard","has-post-thumbnail","hentry","category-regional"],"jetpack_featured_media_url":"https:\/\/radiorevelacionfm.cl\/wp-content\/uploads\/2024\/07\/atencion_vero_gall_13_optimized.07.24-1.jpg","_links":{"self":[{"href":"https:\/\/radiorevelacionfm.cl\/index.php?rest_route=\/wp\/v2\/posts\/44180","targetHints":{"allow":["GET"]}}],"collection":[{"href":"https:\/\/radiorevelacionfm.cl\/index.php?rest_route=\/wp\/v2\/posts"}],"about":[{"href":"https:\/\/radiorevelacionfm.cl\/index.php?rest_route=\/wp\/v2\/types\/post"}],"author":[{"embeddable":true,"href":"https:\/\/radiorevelacionfm.cl\/index.php?rest_route=\/wp\/v2\/users\/1"}],"replies":[{"embeddable":true,"href":"https:\/\/radiorevelacionfm.cl\/index.php?rest_route=%2Fwp%2Fv2%2Fcomments&post=44180"}],"version-history":[{"count":1,"href":"https:\/\/radiorevelacionfm.cl\/index.php?rest_route=\/wp\/v2\/posts\/44180\/revisions"}],"predecessor-version":[{"id":44182,"href":"https:\/\/radiorevelacionfm.cl\/index.php?rest_route=\/wp\/v2\/posts\/44180\/revisions\/44182"}],"wp:featuredmedia":[{"embeddable":true,"href":"https:\/\/radiorevelacionfm.cl\/index.php?rest_route=\/wp\/v2\/media\/44181"}],"wp:attachment":[{"href":"https:\/\/radiorevelacionfm.cl\/index.php?rest_route=%2Fwp%2Fv2%2Fmedia&parent=44180"}],"wp:term":[{"taxonomy":"category","embeddable":true,"href":"https:\/\/radiorevelacionfm.cl\/index.php?rest_route=%2Fwp%2Fv2%2Fcategories&post=44180"},{"taxonomy":"post_tag","embeddable":true,"href":"https:\/\/radiorevelacionfm.cl\/index.php?rest_route=%2Fwp%2Fv2%2Ftags&post=44180"}],"curies":[{"name":"wp","href":"https:\/\/api.w.org\/{rel}","templated":true}]}}